{"id":1328,"__str__":"Requerimento n\u00ba 6 de 2013","link_detail_backend":"/materia/1328","metadata":{},"numero":6,"ano":2013,"numero_protocolo":null,"data_apresentacao":"2013-02-25","tipo_apresentacao":"E","data_publicacao":null,"numero_origem_externa":"","ano_origem_externa":null,"data_origem_externa":null,"apelido":"","dias_prazo":null,"data_fim_prazo":null,"em_tramitacao":false,"polemica":false,"objeto":"","complementar":false,"ementa":"\"Convoca\u00e7\u00e3o a Esta Casa de Leis do Respons\u00e1vel pela Empresa VIA\u00c7\u00c3O EMANUEL para prestar esclarecimentos e buscarmos juntos melhorias para o\r\ntransporte no munic\u00edpio, atrav\u00e9s dos vereadores que a este subscrevem.\"","indexacao":"","observacao":"","resultado":"","texto_original":"http://sapl.engenheiropaulodefrontin.rj.leg.br/media/sapl/public/materialegislativa/2013/1328/req-2013_6.pdf","data_ultima_atualizacao":"2025-02-05T15:43:20.680135-03:00","ip":"160.238.26.137","ultima_edicao":"2025-02-05T15:42:02.611398-03:00","tipo":13,"regime_tramitacao":2,"tipo_origem_externa":null,"local_origem_externa":null,"user":4,"anexadas":[],"autores":[18]}