{"id":13,"__str__":"Projeto de Lei Ordin\u00e1ria do Legislativo n\u00ba 5 de 2021","link_detail_backend":"/materia/13","metadata":{},"numero":5,"ano":2021,"numero_protocolo":null,"data_apresentacao":"2021-03-01","tipo_apresentacao":"E","data_publicacao":null,"numero_origem_externa":"","ano_origem_externa":null,"data_origem_externa":null,"apelido":"","dias_prazo":null,"data_fim_prazo":null,"em_tramitacao":true,"polemica":false,"objeto":"","complementar":false,"ementa":"Disp\u00f5e sobre a inclus\u00e3o dos profissionais da educa\u00e7\u00e3o no grupo priorit\u00e1rio para vacina\u00e7\u00e3o contra a COVID-19 em Engenheiro Paulo de Frontin, e d\u00e1 outras provid\u00eancias.","indexacao":"Disp\u00f5e sobre a inclus\u00e3o dos profissionais da educa\u00e7\u00e3o no grupo priorit\u00e1rio para vacina\u00e7\u00e3o contra a COVID-19 em Engenheiro Paulo de Frontin, e d\u00e1 outras provid\u00eancias.","observacao":"","resultado":"","texto_original":"http://sapl.engenheiropaulodefrontin.rj.leg.br/media/sapl/public/materialegislativa/2021/13/pl_1769-2021_0.pdf","data_ultima_atualizacao":"2021-08-16T21:42:05.532677-03:00","ip":"160.238.25.4","ultima_edicao":"2021-08-16T21:42:05.306610-03:00","tipo":4,"regime_tramitacao":1,"tipo_origem_externa":null,"local_origem_externa":null,"user":2,"anexadas":[],"autores":[8]}