{"id":1655,"__str__":"Projeto de Lei Ordin\u00e1ria do Legislativo n\u00ba 15 de 2019","link_detail_backend":"/materia/1655","metadata":{},"numero":15,"ano":2019,"numero_protocolo":null,"data_apresentacao":"2019-08-19","tipo_apresentacao":"E","data_publicacao":null,"numero_origem_externa":"","ano_origem_externa":null,"data_origem_externa":null,"apelido":"","dias_prazo":null,"data_fim_prazo":null,"em_tramitacao":false,"polemica":false,"objeto":"","complementar":false,"ementa":"\"REGULAMENTA 0 PESO M\u00c1XIMO NAS MOCHILAS A SER CARREGADO POR ALUNOS NAS ESCOLAS E COL\u00c9GIOS P\u00daBLICOS E PARTICULARES NO MUNICIPIO DE ENG.\u00b0 PAULO DE FRONTIN.","indexacao":"","observacao":"","resultado":"","texto_original":"http://sapl.engenheiropaulodefrontin.rj.leg.br/media/sapl/public/materialegislativa/2019/1655/pll2019-015.pdf","data_ultima_atualizacao":"2025-02-14T13:59:05.612937-03:00","ip":"160.238.26.137","ultima_edicao":"2025-02-14T13:57:56.145529-03:00","tipo":4,"regime_tramitacao":2,"tipo_origem_externa":null,"local_origem_externa":null,"user":4,"anexadas":[],"autores":[9]}