{"id":2203,"__str__":"Projeto de Lei Ordin\u00e1ria do Legislativo n\u00ba 68 de 2025","link_detail_backend":"/materia/2203","metadata":{},"numero":68,"ano":2025,"numero_protocolo":null,"data_apresentacao":"2025-07-03","tipo_apresentacao":"E","data_publicacao":null,"numero_origem_externa":"","ano_origem_externa":null,"data_origem_externa":null,"apelido":"","dias_prazo":null,"data_fim_prazo":null,"em_tramitacao":false,"polemica":false,"objeto":"","complementar":false,"ementa":"DISP\u00d5E SOBRE A OBRIGATORIEDADE DA ELEI\u00c7\u00c3O DE REPRESENTANTES DE TURMA, DA CRIA\u00c7\u00c3O DE GR\u00caMIOS ESTUDANTIS NAS ESCOLAS PUBLICAS DO MUNIC\u00cdPIO, E DA PARTICIPA\u00c7\u00c3O NO PROJETO C\u00c2MARA MIRIM, E DA OUTRAS PROVID\u00caNCIAS","indexacao":"","observacao":"","resultado":"","texto_original":"http://sapl.engenheiropaulodefrontin.rj.leg.br/media/sapl/public/materialegislativa/2025/2203/pl_068-2025.pdf","data_ultima_atualizacao":"2026-03-09T15:31:36.226627-03:00","ip":"160.238.26.137","ultima_edicao":"2026-03-09T15:31:35.181693-03:00","tipo":4,"regime_tramitacao":2,"tipo_origem_externa":null,"local_origem_externa":null,"user":24,"anexadas":[],"autores":[43]}