{"id":22,"__str__":"Projeto de Lei Ordin\u00e1ria do Executivo n\u00ba 9 de 2021","link_detail_backend":"/materia/22","metadata":{},"numero":9,"ano":2021,"numero_protocolo":null,"data_apresentacao":"2021-03-22","tipo_apresentacao":"E","data_publicacao":null,"numero_origem_externa":"","ano_origem_externa":null,"data_origem_externa":null,"apelido":"","dias_prazo":null,"data_fim_prazo":null,"em_tramitacao":false,"polemica":false,"objeto":"","complementar":false,"ementa":"Ratifica protocolo de inten\u00e7\u00f5es firmando entre munic\u00edpios brasileiros, com finalidade de adquirir vacinas para o combate \u00e0 pandemia do Coronav\u00edrus; medicamentos, insumos e equipamentos.","indexacao":"Ratifica protocolo de inten\u00e7\u00f5es firmando entre munic\u00edpios brasileiros, com finalidade de adquirir vacinas para o combate \u00e0 pandemia do Coronav\u00edrus; medicamentos, insumos e equipamentos.","observacao":"","resultado":"","texto_original":"http://sapl.engenheiropaulodefrontin.rj.leg.br/media/sapl/public/materialegislativa/2021/22/pl_1778-2021_0.pdf","data_ultima_atualizacao":"2021-08-16T21:28:46.212977-03:00","ip":"160.238.25.4","ultima_edicao":"2021-08-16T21:28:45.633179-03:00","tipo":3,"regime_tramitacao":2,"tipo_origem_externa":null,"local_origem_externa":null,"user":2,"anexadas":[],"autores":[2]}