{"id":2337,"__str__":"Indica\u00e7\u00e3o n\u00ba 291 de 2025","link_detail_backend":"/materia/2337","metadata":{},"numero":291,"ano":2025,"numero_protocolo":null,"data_apresentacao":"2025-10-21","tipo_apresentacao":"E","data_publicacao":null,"numero_origem_externa":"","ano_origem_externa":null,"data_origem_externa":null,"apelido":"","dias_prazo":null,"data_fim_prazo":null,"em_tramitacao":false,"polemica":false,"objeto":"","complementar":false,"ementa":"Indica ao Excelent\u00edssimo Senhor Prefeito Municipal que, junto aos \u00f3rg\u00e3os competentes, seja estudada e viabilizada a amplia\u00e7\u00e3o da carga hor\u00e1ria do Programa Estadual de Integra\u00e7\u00e3o na Seguran\u00e7a (PROEIS) at\u00e9 as 23h00, com o objetivo de refor\u00e7ar o policiamento nos bairros durante o per\u00edodo noturno","indexacao":"","observacao":"","resultado":"","texto_original":"http://sapl.engenheiropaulodefrontin.rj.leg.br/media/sapl/public/materialegislativa/2025/2337/ind2025-291.pdf","data_ultima_atualizacao":"2025-10-22T13:07:30.190674-03:00","ip":"160.238.26.137","ultima_edicao":"2025-10-22T13:06:43.875430-03:00","tipo":28,"regime_tramitacao":2,"tipo_origem_externa":null,"local_origem_externa":null,"user":4,"anexadas":[],"autores":[43]}