{"id":247,"__str__":"Projeto de Lei Ordin\u00e1ria do Executivo n\u00ba 36 de 2020","link_detail_backend":"/materia/247","metadata":{},"numero":36,"ano":2020,"numero_protocolo":null,"data_apresentacao":"2020-05-13","tipo_apresentacao":"E","data_publicacao":null,"numero_origem_externa":"","ano_origem_externa":null,"data_origem_externa":null,"apelido":"","dias_prazo":null,"data_fim_prazo":null,"em_tramitacao":true,"polemica":false,"objeto":"","complementar":false,"ementa":"Acrescenta-se 47 vagas para contrata\u00e7\u00e3o tempor\u00e1ria de M\u00e9dicos, Enfermeiros, Fisioterapeutas, Tec. de Enfermagens, Maqueiros e Serventes para o combate ao COVID-19.","indexacao":"","observacao":"","resultado":"","texto_original":"http://sapl.engenheiropaulodefrontin.rj.leg.br/media/sapl/public/materialegislativa/2020/247/pl_1672-2020_0.pdf","data_ultima_atualizacao":"2022-01-24T00:06:07.939385-03:00","ip":"160.238.25.116","ultima_edicao":"2022-01-24T00:04:38.269301-03:00","tipo":3,"regime_tramitacao":4,"tipo_origem_externa":null,"local_origem_externa":null,"user":2,"anexadas":[],"autores":[17]}