{"id":320,"__str__":"Projeto de Lei Ordin\u00e1ria do Legislativo n\u00ba 14 de 2020","link_detail_backend":"/materia/320","metadata":{},"numero":14,"ano":2020,"numero_protocolo":null,"data_apresentacao":"2020-08-03","tipo_apresentacao":"E","data_publicacao":null,"numero_origem_externa":"","ano_origem_externa":null,"data_origem_externa":null,"apelido":"","dias_prazo":null,"data_fim_prazo":null,"em_tramitacao":true,"polemica":false,"objeto":"","complementar":false,"ementa":"Inclui no Calend\u00e1rio Oficial do Munic\u00edpio de Engenheiro Paulo de Frontin o Dia de combate \u00e0 Intoler\u00e2ncia ideol\u00f3gica, e da outras providencias","indexacao":"","observacao":"","resultado":"","texto_original":"http://sapl.engenheiropaulodefrontin.rj.leg.br/media/sapl/public/materialegislativa/2020/320/pll_1698-2020_0.pdf","data_ultima_atualizacao":"2022-01-24T02:28:20.669887-03:00","ip":"160.238.25.116","ultima_edicao":"2022-01-24T02:26:43.679371-03:00","tipo":4,"regime_tramitacao":1,"tipo_origem_externa":null,"local_origem_externa":null,"user":2,"anexadas":[],"autores":[26]}