{"id":384,"__str__":"Projeto de Lei Ordin\u00e1ria do Legislativo n\u00ba 13 de 2019","link_detail_backend":"/materia/384","metadata":{},"numero":13,"ano":2019,"numero_protocolo":null,"data_apresentacao":"2019-08-19","tipo_apresentacao":"E","data_publicacao":null,"numero_origem_externa":"","ano_origem_externa":null,"data_origem_externa":null,"apelido":"","dias_prazo":null,"data_fim_prazo":null,"em_tramitacao":true,"polemica":false,"objeto":"","complementar":false,"ementa":"DISP\u00d5E SOBRE VAGAS EM ESCOLAS DE EDUCA\u00c7\u00c3O INFANTIL E ESCOLAS DE ENSINO FUNDAMENTAL MUNICIPAIS E/OU CONVENIADAS DA REDE MUNICIPAL PARA CRIAN\u00c7AS V\u00cdTIMAS DE VIOL\u00caNCIA DOM\u00c9STICA OU FILHA (O) DE MULHERES QUE SOFRERAM VIOL\u00caNCIA DOM\u00c9STICA","indexacao":"","observacao":"","resultado":"","texto_original":"http://sapl.engenheiropaulodefrontin.rj.leg.br/media/sapl/public/materialegislativa/2019/384/pl_1599-2019_0.pdf","data_ultima_atualizacao":"2022-01-31T11:24:22.551273-03:00","ip":"179.191.45.120","ultima_edicao":"2022-01-31T11:22:20.148668-03:00","tipo":4,"regime_tramitacao":2,"tipo_origem_externa":null,"local_origem_externa":null,"user":4,"anexadas":[],"autores":[9]}