{"id":67,"__str__":"Projeto de Lei Ordin\u00e1ria do Legislativo n\u00ba 22 de 2021","link_detail_backend":"/materia/67","metadata":{},"numero":22,"ano":2021,"numero_protocolo":null,"data_apresentacao":"2021-05-31","tipo_apresentacao":"E","data_publicacao":null,"numero_origem_externa":"","ano_origem_externa":null,"data_origem_externa":null,"apelido":"","dias_prazo":null,"data_fim_prazo":null,"em_tramitacao":true,"polemica":false,"objeto":"","complementar":false,"ementa":"Pro\u00edbe a entrada e/ou circula\u00e7\u00e3o de pessoas sem acompanhamento de funcion\u00e1rios nas escolas de Engenheiro Paulo de Frontin e d\u00e1 outras provid\u00eancias","indexacao":"Pro\u00edbe a entrada e/ou circula\u00e7\u00e3o de pessoas sem acompanhamento de funcion\u00e1rios nas escolas de Engenheiro Paulo de Frontin e d\u00e1 outras provid\u00eancias","observacao":"","resultado":"","texto_original":"http://sapl.engenheiropaulodefrontin.rj.leg.br/media/sapl/public/materialegislativa/2021/67/pl_1823-2021_0.pdf","data_ultima_atualizacao":"2021-08-16T21:09:31.322470-03:00","ip":"160.238.25.4","ultima_edicao":"2021-08-16T21:08:22.344192-03:00","tipo":4,"regime_tramitacao":2,"tipo_origem_externa":null,"local_origem_externa":null,"user":2,"anexadas":[],"autores":[18]}