{"id":68,"__str__":"Projeto de Lei Ordin\u00e1ria do Legislativo n\u00ba 23 de 2021","link_detail_backend":"/materia/68","metadata":{},"numero":23,"ano":2021,"numero_protocolo":null,"data_apresentacao":"2021-06-02","tipo_apresentacao":"E","data_publicacao":null,"numero_origem_externa":"","ano_origem_externa":null,"data_origem_externa":null,"apelido":"","dias_prazo":null,"data_fim_prazo":null,"em_tramitacao":true,"polemica":true,"objeto":"","complementar":false,"ementa":"Institui a Pol\u00edtica P\u00fablica Municipal de Psicologia Escolar na Rede P\u00fablica de Ensino e d\u00e1 outras provid\u00eancias","indexacao":"Institui a Pol\u00edtica P\u00fablica Municipal de Psicologia Escolar na Rede P\u00fablica de Ensino e d\u00e1 outras provid\u00eancias","observacao":"","resultado":"","texto_original":"http://sapl.engenheiropaulodefrontin.rj.leg.br/media/sapl/public/materialegislativa/2021/68/pl_1824-2021_0.pdf","data_ultima_atualizacao":"2021-08-16T21:10:44.077906-03:00","ip":"160.238.25.4","ultima_edicao":"2021-08-16T21:09:48.555327-03:00","tipo":4,"regime_tramitacao":2,"tipo_origem_externa":null,"local_origem_externa":null,"user":2,"anexadas":[],"autores":[18]}