{"id":717,"__str__":"Requerimento n\u00ba 5 de 2023","link_detail_backend":"/materia/717","metadata":{},"numero":5,"ano":2023,"numero_protocolo":null,"data_apresentacao":"2023-03-13","tipo_apresentacao":"E","data_publicacao":null,"numero_origem_externa":"","ano_origem_externa":null,"data_origem_externa":null,"apelido":"","dias_prazo":null,"data_fim_prazo":null,"em_tramitacao":false,"polemica":false,"objeto":"","complementar":false,"ementa":"\"Requerendo esclarecimentos e informa\u00e7\u00f5es a respeito da demora nas adequa\u00e7\u00f5es da policl\u00ednica a ser instalada na Rua Manoel da Silva Neves, Centro deste munic\u00edpio, tendo em vista que o referido im\u00f3vel encontra-se alugado h\u00e1 mais de 5 (cinco) meses.\"","indexacao":"","observacao":"","resultado":"","texto_original":"http://sapl.engenheiropaulodefrontin.rj.leg.br/media/sapl/public/materialegislativa/2023/717/requerimento_005-23_julio_000027.pdf","data_ultima_atualizacao":"2023-03-15T15:11:13.808048-03:00","ip":"160.238.26.137","ultima_edicao":"2023-03-15T15:07:48.712286-03:00","tipo":13,"regime_tramitacao":2,"tipo_origem_externa":null,"local_origem_externa":null,"user":4,"anexadas":[],"autores":[8]}