{"id":725,"__str__":"Projeto de Lei Ordin\u00e1ria do Legislativo n\u00ba 1 de 2023","link_detail_backend":"/materia/725","metadata":{},"numero":1,"ano":2023,"numero_protocolo":null,"data_apresentacao":"2023-04-10","tipo_apresentacao":"E","data_publicacao":null,"numero_origem_externa":"","ano_origem_externa":null,"data_origem_externa":null,"apelido":"","dias_prazo":null,"data_fim_prazo":null,"em_tramitacao":true,"polemica":false,"objeto":"","complementar":false,"ementa":"\"Disp\u00f5e sobre a autoriza\u00e7\u00e3o da cria\u00e7\u00e3o do Fundo Municipal dos Direitos da Pessoa com Defici\u00eancia e d\u00e1 outras provid\u00eancias.\"","indexacao":"","observacao":"","resultado":"","texto_original":"http://sapl.engenheiropaulodefrontin.rj.leg.br/media/sapl/public/materialegislativa/2023/725/projeto_de_indicacao_001-2023_julio.pdf","data_ultima_atualizacao":"2023-04-18T12:35:09.279119-03:00","ip":"160.238.26.137","ultima_edicao":"2023-04-18T12:32:50.475782-03:00","tipo":4,"regime_tramitacao":2,"tipo_origem_externa":null,"local_origem_externa":null,"user":4,"anexadas":[],"autores":[8]}