{"id":737,"__str__":"Requerimento n\u00ba 14 de 2023","link_detail_backend":"/materia/737","metadata":{},"numero":14,"ano":2023,"numero_protocolo":null,"data_apresentacao":"2023-05-24","tipo_apresentacao":"E","data_publicacao":null,"numero_origem_externa":"","ano_origem_externa":null,"data_origem_externa":null,"apelido":"","dias_prazo":null,"data_fim_prazo":null,"em_tramitacao":false,"polemica":false,"objeto":"","complementar":false,"ementa":"\"Requeremos \u00e0 mesa diretora e ouvido o soberano plen\u00e1rio, que seja enviado expediente ao Exmo. Prefeito Municipal em exerc\u00edcio, Sr. Guilherme Teixeira Portugal, requerendo esclarecimentos e informa\u00e7\u00f5es a respeito da cria\u00e7\u00e3o do fundo de previd\u00eancia dos servidores municipais deste ente federativo.\"","indexacao":"","observacao":"Aprovado em unanimidade em 25/05/2023.","resultado":"","texto_original":"http://sapl.engenheiropaulodefrontin.rj.leg.br/media/sapl/public/materialegislativa/2023/737/requerimento_014-23_julio_000087.pdf","data_ultima_atualizacao":"2023-05-26T11:43:19.787064-03:00","ip":"160.238.26.137","ultima_edicao":"2023-05-26T11:41:07.741845-03:00","tipo":13,"regime_tramitacao":2,"tipo_origem_externa":null,"local_origem_externa":null,"user":4,"anexadas":[],"autores":[8]}