{"id":738,"__str__":"Requerimento n\u00ba 15 de 2023","link_detail_backend":"/materia/738","metadata":{},"numero":15,"ano":2023,"numero_protocolo":null,"data_apresentacao":"2023-05-29","tipo_apresentacao":"E","data_publicacao":null,"numero_origem_externa":"","ano_origem_externa":null,"data_origem_externa":null,"apelido":"","dias_prazo":null,"data_fim_prazo":null,"em_tramitacao":false,"polemica":false,"objeto":"","complementar":false,"ementa":"\"Requeremos a mesa diretora e ouvido o soberano plen\u00e1rio, que seja enviado expediente ao Exmo. Prefeito Municipal em exerc\u00edcio Sr. Guilherme Teixeira Portugal, requerendo esclarecimentos e informa\u00e7\u00f5es a respeito da atua\u00e7\u00e3o de Felipe Rafael Cavalcanti Mendes da Silva e de Ivan Mendes da Silva, dentro das reparti\u00e7\u00f5es p\u00fablicas municipais, inclusive dando ordens, provendo e desprovendo, principalmente nas secretarias municipais de sa\u00fade e de governo, tendo em vista os princ\u00edpios norteadores da administra\u00e7\u00e3o p\u00fablica e as condi\u00e7\u00f5es para apura\u00e7\u00e3o da idoneidade dos mesmos para atuarem dentro dos pr\u00f3prios munic\u00edpios.\"","indexacao":"","observacao":"","resultado":"","texto_original":"http://sapl.engenheiropaulodefrontin.rj.leg.br/media/sapl/public/materialegislativa/2023/738/requerimento_015-2023_julio.pdf","data_ultima_atualizacao":"2023-06-05T10:15:25.519519-03:00","ip":"160.238.26.137","ultima_edicao":"2023-06-05T10:06:06.107649-03:00","tipo":13,"regime_tramitacao":2,"tipo_origem_externa":null,"local_origem_externa":null,"user":4,"anexadas":[],"autores":[8]}