{"id":747,"__str__":"Requerimento n\u00ba 21 de 2023","link_detail_backend":"/materia/747","metadata":{},"numero":21,"ano":2023,"numero_protocolo":null,"data_apresentacao":"2023-06-15","tipo_apresentacao":"E","data_publicacao":null,"numero_origem_externa":"","ano_origem_externa":null,"data_origem_externa":null,"apelido":"","dias_prazo":null,"data_fim_prazo":null,"em_tramitacao":false,"polemica":false,"objeto":"","complementar":false,"ementa":"\"REQUEREMOS \u00c0 MESA DIRETORA E OUVIDO O SOBERANO PLEN\u00c1RIO, QUE SEJA ENVIADO EXPEDIENTE AO EXCELENT\u00cdSSIMO PREFEITO EM EXERC\u00cdCIO, SR. GUILHERME TEIXEIRA PORTUGAL, PARA QUE PRESTE INFORMA\u00c7\u00d5ES A RESPEITO DO DECRETO MUNICIPAL 333/2023, QUE REVOGOU O DECRETO N\u00ba 258/2022, PERTINENTE A DESAPROPRIA\u00c7\u00c3O  DO IM\u00d3VEL OUTRORA PERTENCENTE A F\u00c1BRICA FERRINI, SITO NA AVENIDA JO\u00c3O BATISTA FERRINI, N\u00ba 173, CENTRO DESTE MUNIC\u00cdPIO.\"","indexacao":"","observacao":"","resultado":"","texto_original":"http://sapl.engenheiropaulodefrontin.rj.leg.br/media/sapl/public/materialegislativa/2023/747/requerimento_021-23_julio_000104.pdf","data_ultima_atualizacao":"2023-06-16T13:33:38.378979-03:00","ip":"160.238.26.137","ultima_edicao":"2023-06-16T13:32:53.083036-03:00","tipo":13,"regime_tramitacao":2,"tipo_origem_externa":null,"local_origem_externa":null,"user":4,"anexadas":[],"autores":[8]}