{"id":81,"__str__":"Requerimento n\u00ba 2 de 2021","link_detail_backend":"/materia/81","metadata":{},"numero":2,"ano":2021,"numero_protocolo":null,"data_apresentacao":"2021-02-25","tipo_apresentacao":"E","data_publicacao":null,"numero_origem_externa":"","ano_origem_externa":null,"data_origem_externa":null,"apelido":"","dias_prazo":null,"data_fim_prazo":null,"em_tramitacao":true,"polemica":true,"objeto":"","complementar":false,"ementa":"Solicitando rela\u00e7\u00e3o de Vacinados contra o Covid-19","indexacao":"rela\u00e7\u00e3o de Vacinados contra o Covid-19","observacao":"","resultado":"","texto_original":null,"data_ultima_atualizacao":"2021-08-17T03:20:11.097197-03:00","ip":"160.238.25.11","ultima_edicao":"2021-08-17T03:19:00.224139-03:00","tipo":13,"regime_tramitacao":2,"tipo_origem_externa":null,"local_origem_externa":null,"user":2,"anexadas":[],"autores":[18]}