{"id":846,"__str__":"Projeto de Lei Ordin\u00e1ria do Executivo n\u00ba 21 de 2023","link_detail_backend":"/materia/846","metadata":{},"numero":21,"ano":2023,"numero_protocolo":null,"data_apresentacao":"2023-12-04","tipo_apresentacao":"E","data_publicacao":null,"numero_origem_externa":"","ano_origem_externa":null,"data_origem_externa":null,"apelido":"","dias_prazo":null,"data_fim_prazo":null,"em_tramitacao":false,"polemica":false,"objeto":"","complementar":false,"ementa":"Denomina as salas da Esta\u00e7\u00e3o Ferrovi\u00e1ria, do Munic\u00edpio de Engenheiro Paulo de Frontin","indexacao":"","observacao":"","resultado":"","texto_original":null,"data_ultima_atualizacao":"2024-02-01T14:07:19.967655-03:00","ip":"160.238.27.58","ultima_edicao":"2024-02-01T14:05:34.725196-03:00","tipo":3,"regime_tramitacao":2,"tipo_origem_externa":3,"local_origem_externa":null,"user":22,"anexadas":[],"autores":[]}