{"id":916,"__str__":"Projeto de Lei Ordin\u00e1ria do Executivo n\u00ba 22 de 2023","link_detail_backend":"/materia/916","metadata":{},"numero":22,"ano":2023,"numero_protocolo":null,"data_apresentacao":"2023-12-18","tipo_apresentacao":"E","data_publicacao":null,"numero_origem_externa":"","ano_origem_externa":null,"data_origem_externa":null,"apelido":"","dias_prazo":null,"data_fim_prazo":null,"em_tramitacao":false,"polemica":false,"objeto":"","complementar":false,"ementa":"\"Disp\u00f5e sobre a cria\u00e7\u00e3o do Vale Feira, para os servidores p\u00fablicos ativos municipais.\"","indexacao":"","observacao":"","resultado":"","texto_original":"http://sapl.engenheiropaulodefrontin.rj.leg.br/media/sapl/public/materialegislativa/2023/916/pl_022-23_executivo.pdf","data_ultima_atualizacao":"2024-07-15T12:12:42.516985-03:00","ip":"160.238.26.137","ultima_edicao":"2024-07-15T12:10:05.721741-03:00","tipo":3,"regime_tramitacao":4,"tipo_origem_externa":null,"local_origem_externa":null,"user":4,"anexadas":[],"autores":[2]}