{"headers": {"id": "ID", "ano": "Ano", "numero": "N\u00famero", "tipo__sigla": "Tipo de Mat\u00e9ria Legislativa/Sigla", "tipo__descricao": "Tipo de Mat\u00e9ria Legislativa/Descri\u00e7\u00e3o", "autoria": "Autorias", "texto_original": "Texto Original", "ementa": "Ementa"}, "results": [{"id": "1165", "ano": "2013", "numero": "34", "tipo__sigla": "PDL", "tipo__descricao": "Projeto de Decreto Legislativo", "autoria": "", "texto_original": "http://sapl.engenheiropaulodefrontin.rj.leg.br/media/sapl/public/materialegislativa/2013/1165/dec034-13.pdf", "ementa": "\"Disp\u00f5e sobre a outorga de Titulo de Cidadania Frontinense.\""}, {"id": "1324", "ano": "2013", "numero": "1", "tipo__sigla": "REQ", "tipo__descricao": "Requerimento", "autoria": "KAIO BALTHAZAR", "texto_original": "http://sapl.engenheiropaulodefrontin.rj.leg.br/media/sapl/public/materialegislativa/2013/1324/req-2013_1.pdf", "ementa": "\"Informar a esta Casa de Leis, atrav\u00e9s do vereador que a este subscreve, nome de todos funcion\u00e1rios (Comissionados, Cedidos, Contratados e Concursados) lotados na Secretaria Municipal de Meio Ambiente, endere\u00e7o residencial e grau de escolaridade dos mesmos.\""}, {"id": "1325", "ano": "2013", "numero": "2", "tipo__sigla": "REQ", "tipo__descricao": "Requerimento", "autoria": "KAIO BALTHAZAR", "texto_original": "http://sapl.engenheiropaulodefrontin.rj.leg.br/media/sapl/public/materialegislativa/2013/1325/req-2013_2.pdf", "ementa": "\"Envio de oficio ao Exmo. Sr Executivo da Empresa Oi Telemar, solicitando medidas para viabilizar telefonia fixa para o Bairro Palmeira da Serra.\""}, {"id": "1326", "ano": "2013", "numero": "3", "tipo__sigla": "REQ", "tipo__descricao": "Requerimento", "autoria": "KAIO BALTHAZAR", "texto_original": "http://sapl.engenheiropaulodefrontin.rj.leg.br/media/sapl/public/materialegislativa/2013/1326/req-2013_3.pdf", "ementa": "\"Envio de oficio ao Exmo. Sr Executivo da Empresa Nextel, solicitando a instala\u00e7\u00e3o de antena e medidas para viabilizar funcionamento de seus servi\u00e7os em nosso munic\u00edpio.\""}, {"id": "1327", "ano": "2013", "numero": "5", "tipo__sigla": "REQ", "tipo__descricao": "Requerimento", "autoria": "KAIO BALTHAZAR", "texto_original": "http://sapl.engenheiropaulodefrontin.rj.leg.br/media/sapl/public/materialegislativa/2013/1327/req-2013_5.pdf", "ementa": "\"Envio de oficio ao Exmo. Presidente/Diretoria da Empresa Via\u00e7\u00e3o Barra do Pira\u00ed com sede na Avenida Cheker Elias, 1.429 - Matadouro - Barra do Pira\u00ed-RJ, provid\u00eancias no sentido de regulamentar as Tarifas de \u00d4nibus com Origens e Destinos na Regi\u00e3o do nosso bairro Alto do Cafre.\""}, {"id": "1328", "ano": "2013", "numero": "6", "tipo__sigla": "REQ", "tipo__descricao": "Requerimento", "autoria": "KAIO BALTHAZAR", "texto_original": "http://sapl.engenheiropaulodefrontin.rj.leg.br/media/sapl/public/materialegislativa/2013/1328/req-2013_6.pdf", "ementa": "\"Convoca\u00e7\u00e3o a Esta Casa de Leis do Respons\u00e1vel pela Empresa VIA\u00c7\u00c3O EMANUEL para prestar esclarecimentos e buscarmos juntos melhorias para o\r\ntransporte no munic\u00edpio, atrav\u00e9s dos vereadores que a este subscrevem.\""}, {"id": "1329", "ano": "2013", "numero": "7", "tipo__sigla": "REQ", "tipo__descricao": "Requerimento", "autoria": "KAIO BALTHAZAR", "texto_original": "http://sapl.engenheiropaulodefrontin.rj.leg.br/media/sapl/public/materialegislativa/2013/1329/req-2013_7.pdf", "ementa": "\"Envio de oficio ao Exmo. Presidente/Diretoria da Empresa Via\u00e7\u00e3o Progresso, com sede na Avenida Condessa do Rio Novo, 81 - Centro de Tr\u00eas Rios - RJ Cep 25.803-000 provid\u00eancias no sentido de regulamentar as Tarifas de \u00d4nibus com Origens e Destinos na Regi\u00e3o do nosso bairro Alto do Cafre.\""}, {"id": "1330", "ano": "2013", "numero": "8", "tipo__sigla": "REQ", "tipo__descricao": "Requerimento", "autoria": "KAIO BALTHAZAR", "texto_original": "http://sapl.engenheiropaulodefrontin.rj.leg.br/media/sapl/public/materialegislativa/2013/1330/req-2013_8.pdf", "ementa": "\"Informar a esta Casa de Leis, atrav\u00e9s do vereador que a este subscreve, nome de todo Secretariado, endere\u00e7o residencial e grau de escolaridade.\""}, {"id": "1518", "ano": "2013", "numero": "9", "tipo__sigla": "REQ", "tipo__descricao": "Requerimento", "autoria": "PROFESSORA M\u00d4NICA BALTHAZAR", "texto_original": "http://sapl.engenheiropaulodefrontin.rj.leg.br/media/sapl/public/materialegislativa/2013/1518/req2013-09_000017.pdf", "ementa": "\"Empresa Emanuel\"."}, {"id": "1331", "ano": "2013", "numero": "10", "tipo__sigla": "REQ", "tipo__descricao": "Requerimento", "autoria": "KAIO BALTHAZAR", "texto_original": "http://sapl.engenheiropaulodefrontin.rj.leg.br/media/sapl/public/materialegislativa/2013/1331/req-2013_10.pdf", "ementa": "\"C\u00f3pia de todas Portarias os atos oficiais (nomea\u00e7\u00f5es, exonera\u00e7\u00f5es, gratifica\u00e7\u00f5es, licita\u00e7\u00f5es) do governo no per\u00edodo do dia 02 de janeiro de 2013 at\u00e9\r\no presente momento.\""}, {"id": "1389", "ano": "2013", "numero": "11", "tipo__sigla": "REQ", "tipo__descricao": "Requerimento", "autoria": "", "texto_original": "http://sapl.engenheiropaulodefrontin.rj.leg.br/media/sapl/public/materialegislativa/2013/1389/req11-13.pdf", "ementa": "\"Oficio ao DER\"  - Vereador Marcos Eduardo Noronha Fontes."}, {"id": "1332", "ano": "2013", "numero": "12", "tipo__sigla": "REQ", "tipo__descricao": "Requerimento", "autoria": "", "texto_original": "http://sapl.engenheiropaulodefrontin.rj.leg.br/media/sapl/public/materialegislativa/2013/1332/req-2013_12.pdf", "ementa": "\"C\u00f3pia de inteiro teor de todos os empenhos, licita\u00e7\u00f5es e gastos com o Carnaval 2013, incluindo atra\u00e7\u00f5es e infraestrutura.\""}, {"id": "1390", "ano": "2013", "numero": "13", "tipo__sigla": "REQ", "tipo__descricao": "Requerimento", "autoria": "PROFESSORA M\u00d4NICA BALTHAZAR", "texto_original": "http://sapl.engenheiropaulodefrontin.rj.leg.br/media/sapl/public/materialegislativa/2013/1390/req13-13.pdf", "ementa": "\"Informado a esta Casa de Leis, \u00e0 atual situa\u00e7\u00e3o do Registro Integrado da Jucerja.\" - Vereador Marcos Eduardo Noronha Fontes."}, {"id": "1391", "ano": "2013", "numero": "14", "tipo__sigla": "REQ", "tipo__descricao": "Requerimento", "autoria": "", "texto_original": "http://sapl.engenheiropaulodefrontin.rj.leg.br/media/sapl/public/materialegislativa/2013/1391/req14-13.pdf", "ementa": "\"IFFRJ\" - Vereador Marcos Eduardo Noronha Fontes."}, {"id": "1519", "ano": "2013", "numero": "15", "tipo__sigla": "REQ", "tipo__descricao": "Requerimento", "autoria": "PROFESSORA M\u00d4NICA BALTHAZAR", "texto_original": "http://sapl.engenheiropaulodefrontin.rj.leg.br/media/sapl/public/materialegislativa/2013/1519/req2013-015_000018.pdf", "ementa": "\"Envio de of\u00edcio ao Prefeito Municipal para que informe as justificativas que levaram a interrup\u00e7\u00e3o do programa higiene bucal na rede p\u00fablica de ensino.\""}, {"id": "1392", "ano": "2013", "numero": "16", "tipo__sigla": "REQ", "tipo__descricao": "Requerimento", "autoria": "", "texto_original": "http://sapl.engenheiropaulodefrontin.rj.leg.br/media/sapl/public/materialegislativa/2013/1392/req16-13.pdf", "ementa": "'Secretaria Estadual de Habita\u00e7\u00e3o' - Vereador Marcos Eduardo Noronha Fontes."}, {"id": "1393", "ano": "2013", "numero": "17", "tipo__sigla": "REQ", "tipo__descricao": "Requerimento", "autoria": "", "texto_original": "http://sapl.engenheiropaulodefrontin.rj.leg.br/media/sapl/public/materialegislativa/2013/1393/req17-13.pdf", "ementa": "\"Casas populares\"- Vereador Marcos Eduardo Noronha Fontes."}, {"id": "1333", "ano": "2013", "numero": "19", "tipo__sigla": "REQ", "tipo__descricao": "Requerimento", "autoria": "KAIO BALTHAZAR", "texto_original": "http://sapl.engenheiropaulodefrontin.rj.leg.br/media/sapl/public/materialegislativa/2013/1333/req-2013_19.pdf", "ementa": "\"Informa\u00e7\u00f5es a respeito da atual situa\u00e7\u00e3o do CAUC (Cadastro \u00danico de Conv\u00eanios) do munic\u00edpio de Engenheiro Paulo de Frontin.\""}, {"id": "1334", "ano": "2013", "numero": "20", "tipo__sigla": "REQ", "tipo__descricao": "Requerimento", "autoria": "KAIO BALTHAZAR", "texto_original": "http://sapl.engenheiropaulodefrontin.rj.leg.br/media/sapl/public/materialegislativa/2013/1334/req-2013_20.pdf", "ementa": "\"Informa\u00e7\u00f5es a respeito da atual situa\u00e7\u00e3o do SAMU (Servi\u00e7o de Atendimento M\u00f3vel de Urg\u00eancia) munic\u00edpio e tamb\u00e9m sobre a Ambul\u00e2ncia do SAMU\""}, {"id": "1520", "ano": "2013", "numero": "21", "tipo__sigla": "REQ", "tipo__descricao": "Requerimento", "autoria": "PROFESSORA M\u00d4NICA BALTHAZAR", "texto_original": "http://sapl.engenheiropaulodefrontin.rj.leg.br/media/sapl/public/materialegislativa/2013/1520/req2013-21_000019.pdf", "ementa": "\"Informe a esta casa de leis acerca da coleta de lixo e limpeza urbana, bem como as a\u00e7\u00f5es referentes aos assentos citados.\""}, {"id": "1335", "ano": "2013", "numero": "23", "tipo__sigla": "REQ", "tipo__descricao": "Requerimento", "autoria": "KAIO BALTHAZAR", "texto_original": "http://sapl.engenheiropaulodefrontin.rj.leg.br/media/sapl/public/materialegislativa/2013/1335/req-2013_23.pdf", "ementa": "\"Solicita informa\u00e7\u00f5es.\""}, {"id": "1336", "ano": "2013", "numero": "24", "tipo__sigla": "REQ", "tipo__descricao": "Requerimento", "autoria": "KAIO BALTHAZAR", "texto_original": "http://sapl.engenheiropaulodefrontin.rj.leg.br/media/sapl/public/materialegislativa/2013/1336/req-2013_24.pdf", "ementa": "\"Solicitando informa\u00e7\u00f5es do n\u00famero da lei que foi aprovada no ano de 2009 de autoria dos ex-vereadores Alex Papa Alves e J\u00falio C\u00e9sar, que foi o\r\nProjeto de Lei n\u00b0011/2009.\""}, {"id": "1015", "ano": "2013", "numero": "25", "tipo__sigla": "REQ", "tipo__descricao": "Requerimento", "autoria": "JORGE VILELA, KAIO BALTHAZAR", "texto_original": "http://sapl.engenheiropaulodefrontin.rj.leg.br/media/sapl/public/materialegislativa/2013/1015/req25-13_000058.pdf", "ementa": "\"Solicitando c\u00f3pia integral da folha de pagamento da sa\u00fade.\""}, {"id": "1016", "ano": "2013", "numero": "26", "tipo__sigla": "REQ", "tipo__descricao": "Requerimento", "autoria": "JORGE VILELA, KAIO BALTHAZAR", "texto_original": "http://sapl.engenheiropaulodefrontin.rj.leg.br/media/sapl/public/materialegislativa/2013/1016/req26-13_000059.pdf", "ementa": "\"Solicitando informa\u00e7\u00f5es do Organograma Hier\u00e1rquico da Prefeitura, do 1\u00ba e 2\u00ba escal\u00e3o (DAS1 e DAS2) e seus respectivos nomes, endere\u00e7os e grau de escolaridade.\""}, {"id": "1394", "ano": "2013", "numero": "27", "tipo__sigla": "REQ", "tipo__descricao": "Requerimento", "autoria": "", "texto_original": "http://sapl.engenheiropaulodefrontin.rj.leg.br/media/sapl/public/materialegislativa/2013/1394/req27-13.pdf", "ementa": "\"A MRS, para que no per\u00edodo da obra no, Bairro St\u00b0 Antonio, colocar 2 funcion\u00e1rios com R\u00e1dio Transmissor nas extremidades da Rua, determinando o tr\u00e2nsito\" - Vereador Marcos Eduardo Noronha Fontes."}, {"id": "1395", "ano": "2013", "numero": "28", "tipo__sigla": "REQ", "tipo__descricao": "Requerimento", "autoria": "PROFESSORA M\u00d4NICA BALTHAZAR", "texto_original": "http://sapl.engenheiropaulodefrontin.rj.leg.br/media/sapl/public/materialegislativa/2013/1395/req28-13.pdf", "ementa": "\"O n\u00famero de servidores p\u00fablico sindicalizados da rede\r\nmunicipal.\" - Vereador Marcos Eduardo Noronha Fontes."}, {"id": "1396", "ano": "2013", "numero": "29", "tipo__sigla": "REQ", "tipo__descricao": "Requerimento", "autoria": "PROFESSORA M\u00d4NICA BALTHAZAR", "texto_original": "http://sapl.engenheiropaulodefrontin.rj.leg.br/media/sapl/public/materialegislativa/2013/1396/req29-13.pdf", "ementa": "\"Comandante do 10\u00b0 Batalh\u00e3o solicitando uma ronda escolar em toda a Rede P\u00fablica Municipal e Estadual realizado pela M.P.Tran.\" \r\n- Vereador Marcos Eduardo Noronha Fontes."}, {"id": "1337", "ano": "2013", "numero": "30", "tipo__sigla": "REQ", "tipo__descricao": "Requerimento", "autoria": "KAIO BALTHAZAR", "texto_original": "http://sapl.engenheiropaulodefrontin.rj.leg.br/media/sapl/public/materialegislativa/2013/1337/req-2013_30.pdf", "ementa": "\"Envio de of\u00edcio a Diretoria da Oi Telecomunica\u00e7\u00f5es, solicitando informa\u00e7\u00f5es quanto a quantidade de assinantes do produto Velox em nosso munic\u00edpio.\""}, {"id": "1338", "ano": "2013", "numero": "31", "tipo__sigla": "REQ", "tipo__descricao": "Requerimento", "autoria": "KAIO BALTHAZAR", "texto_original": "http://sapl.engenheiropaulodefrontin.rj.leg.br/media/sapl/public/materialegislativa/2013/1338/req-2013_31.pdf", "ementa": "\"Envio de of\u00edcio a Diretoria da ANATEL (Ag\u00eancia Nacional de Telecomunica\u00e7\u00f5es), solicitando provid\u00eancias quanto aos servi\u00e7os prestados pela Oi\r\nTelecomunica\u00e7\u00f5es com o produto Velox. A empresa Oi n\u00e3o est\u00e1 cumprindo o que a ANATEL regulamenta na Resolu\u00e7\u00e3o n\u00b0574 de 28 de outubro de 2011.\""}, {"id": "1339", "ano": "2013", "numero": "32", "tipo__sigla": "REQ", "tipo__descricao": "Requerimento", "autoria": "KAIO BALTHAZAR", "texto_original": "http://sapl.engenheiropaulodefrontin.rj.leg.br/media/sapl/public/materialegislativa/2013/1339/req-2013_32.pdf", "ementa": "\"Envio de of\u00edcio a Diretoria da empresa Oi telecomunica\u00e7\u00f5es, solicitando provid\u00eancias e melhorias nos servi\u00e7os prestados quanto ao produto Oi Velox.\""}, {"id": "1340", "ano": "2013", "numero": "33", "tipo__sigla": "REQ", "tipo__descricao": "Requerimento", "autoria": "KAIO BALTHAZAR", "texto_original": "http://sapl.engenheiropaulodefrontin.rj.leg.br/media/sapl/public/materialegislativa/2013/1340/req-2013_33.pdf", "ementa": "\"Envio de of\u00edcio a Sra. Cidinha Campos, Secret\u00e1ria Estadual de Defesa do Consumidor, solicitando a mesma uma unidade do PROCON/RJ para o\r\nmunic\u00edpio de Engenheiro Paulo de Frontin.\""}, {"id": "1341", "ano": "2013", "numero": "34", "tipo__sigla": "REQ", "tipo__descricao": "Requerimento", "autoria": "KAIO BALTHAZAR", "texto_original": "http://sapl.engenheiropaulodefrontin.rj.leg.br/media/sapl/public/materialegislativa/2013/1341/req-2013_34.pdf", "ementa": "\"Envio de Of\u00edcio ao Sr. Prefeito Municipal Sr. Marco Aur\u00e9lio S\u00e1 Pinto Salgado, solicitando informa\u00e7\u00f5es referentes ao Projeto de Lei 06/2009 de Autoria do\r\nex-Vereador C\u00e9sar Lago Filho(em anexo) se foi sancionado.\""}, {"id": "1342", "ano": "2013", "numero": "35", "tipo__sigla": "REQ", "tipo__descricao": "Requerimento", "autoria": "KAIO BALTHAZAR", "texto_original": "http://sapl.engenheiropaulodefrontin.rj.leg.br/media/sapl/public/materialegislativa/2013/1342/req-2013_35.pdf", "ementa": "\"Envio de of\u00edcio a Sr. S\u00e9rgio C\u00f4rtes, Secret\u00e1rio Estadual de Sa\u00fade, solicitando a presen\u00e7a RIO IMAGEM M\u00f3vel em nosso munic\u00edpio.\""}, {"id": "1343", "ano": "2013", "numero": "37", "tipo__sigla": "REQ", "tipo__descricao": "Requerimento", "autoria": "JORGE VILELA", "texto_original": "http://sapl.engenheiropaulodefrontin.rj.leg.br/media/sapl/public/materialegislativa/2013/1343/req-2013_37.pdf", "ementa": "\"Solicita informa\u00e7\u00f5es.\""}, {"id": "1102", "ano": "2013", "numero": "39", "tipo__sigla": "REQ", "tipo__descricao": "Requerimento", "autoria": "SANDRO FERREIRA (Deca), PROFESSORA M\u00d4NICA BALTHAZAR", "texto_original": "http://sapl.engenheiropaulodefrontin.rj.leg.br/media/sapl/public/materialegislativa/2013/1102/req39-13_000148.pdf", "ementa": "\"Folha de pagamento completa a partir do m\u00eas de julho do ano corrente at\u00e9 a data da resposta deste requerimento; no prazo de 30 dias previsto no artigo 69, inciso XIV da Lei Org\u00e2nica do munic\u00edpio. \""}, {"id": "1103", "ano": "2013", "numero": "40", "tipo__sigla": "REQ", "tipo__descricao": "Requerimento", "autoria": "SANDRO FERREIRA (Deca), PROFESSORA M\u00d4NICA BALTHAZAR", "texto_original": "http://sapl.engenheiropaulodefrontin.rj.leg.br/media/sapl/public/materialegislativa/2013/1103/req40-13_000150.pdf", "ementa": "\"O relat\u00f3rio financeiro completo a partir do dia 29 de julho do ano corrente at\u00e9 a data da resposta deste requerimento; no prazo de 30 dias previsto no artigo 69, inciso XIV da Lei Org\u00e2nica do munic\u00edpio.\""}, {"id": "1104", "ano": "2013", "numero": "41", "tipo__sigla": "REQ", "tipo__descricao": "Requerimento", "autoria": "SANDRO FERREIRA (Deca), PROFESSORA M\u00d4NICA BALTHAZAR", "texto_original": "http://sapl.engenheiropaulodefrontin.rj.leg.br/media/sapl/public/materialegislativa/2013/1104/req41-13_000151.pdf", "ementa": "A rela\u00e7\u00e3o de todos os autom\u00f3veis que comp\u00f5em a frota da PMEPF incluindo servi\u00e7os terceirizados, descriminando qual parte da frota n\u00e3o est\u00e1 em funcionamento no prazo de 30 dias previsto no artigo 69, inciso XIV da Lei Org\u00e2nica do munic\u00edpio.\""}, {"id": "1105", "ano": "2013", "numero": "42", "tipo__sigla": "REQ", "tipo__descricao": "Requerimento", "autoria": "SANDRO FERREIRA (Deca), ERNESTO LAR\u00c9 (Ernesto da CEDAE), PROFESSORA M\u00d4NICA BALTHAZAR", "texto_original": "http://sapl.engenheiropaulodefrontin.rj.leg.br/media/sapl/public/materialegislativa/2013/1105/req42-13_000152.pdf", "ementa": "\"C\u00f3pias de TODOS os Processos abertos e pagos pelas Secretarias Municipais de Turismo e Lazer, Obras, Esportes e Sa\u00fade do dia 05/08/2013 \u00e1 19/08/2013.\""}, {"id": "1106", "ano": "2013", "numero": "43", "tipo__sigla": "REQ", "tipo__descricao": "Requerimento", "autoria": "SANDRO FERREIRA (Deca), ERNESTO LAR\u00c9 (Ernesto da CEDAE), PROFESSORA M\u00d4NICA BALTHAZAR", "texto_original": "http://sapl.engenheiropaulodefrontin.rj.leg.br/media/sapl/public/materialegislativa/2013/1106/req43-13_000153.pdf", "ementa": "\"Solicitando a c\u00f3pia do Livro de Protocolo Geral de processos abertos e pagos da Secretaria Municipal de Fazenda (do dia 05 de Agosto ao dia 19 de Agosto do ano corrente).\""}, {"id": "1107", "ano": "2013", "numero": "44", "tipo__sigla": "REQ", "tipo__descricao": "Requerimento", "autoria": "SANDRO FERREIRA (Deca), ERNESTO LAR\u00c9 (Ernesto da CEDAE), PROFESSORA M\u00d4NICA BALTHAZAR", "texto_original": "http://sapl.engenheiropaulodefrontin.rj.leg.br/media/sapl/public/materialegislativa/2013/1107/req44-13_000154.pdf", "ementa": "\"O gasto da Prefeitura Municipal com o show do Arlindo Cruz incluindo a infraestrutura no prazo de 30 dias previsto no artigo 69, inciso XIV da Lei Org\u00e2nica do munic\u00edpio.\""}, {"id": "1344", "ano": "2013", "numero": "45", "tipo__sigla": "REQ", "tipo__descricao": "Requerimento", "autoria": "KAIO BALTHAZAR", "texto_original": "http://sapl.engenheiropaulodefrontin.rj.leg.br/media/sapl/public/materialegislativa/2013/1344/req-2013_45.pdf", "ementa": "\"Envio de oficio ao Prefeito Municipal Sr. Jo\u00e3o Carlos do R\u00eago Pereira, solicitando o relat\u00f3rio de todos os empenhos, licita\u00e7\u00f5es, gastos em geral e a\r\nrela\u00e7\u00e3o de todos os funcion\u00e1rios com seus respectivos sal\u00e1rios da Secretaria Municipal de Assist\u00eancia Social at\u00e9 a data de julho do ano de 2013.\""}, {"id": "1345", "ano": "2013", "numero": "46", "tipo__sigla": "REQ", "tipo__descricao": "Requerimento", "autoria": "KAIO BALTHAZAR", "texto_original": "http://sapl.engenheiropaulodefrontin.rj.leg.br/media/sapl/public/materialegislativa/2013/1345/req-2013_46.pdf", "ementa": "\"Envio de oficio ao Prefeito Municipal Sr. Jo\u00e3o Carlos do R\u00eago Pereira, solicitando documentos que comprovem a necessidade de Decretar Estado de\r\nEmerg\u00eancia Administrativa.\""}, {"id": "1346", "ano": "2013", "numero": "47", "tipo__sigla": "REQ", "tipo__descricao": "Requerimento", "autoria": "KAIO BALTHAZAR", "texto_original": "http://sapl.engenheiropaulodefrontin.rj.leg.br/media/sapl/public/materialegislativa/2013/1346/req-2013_47.pdf", "ementa": "\"Envio de oficio ao Prefeito Municipal Sr. Jo\u00e3o Carlos do R\u00eago Pereira, solicitando o relat\u00f3rio de todas as empresas de Micro Empreendedor Individua1(MEI), que prestaram servi\u00e7os a Prefeitura Municipal de Engenheiro Paulo de Frontin no ano de 2013, a discrimina\u00e7\u00e3o dos servi\u00e7os prestados , os valores pagos e os respectivos CNPJs.\""}, {"id": "1397", "ano": "2013", "numero": "49", "tipo__sigla": "REQ", "tipo__descricao": "Requerimento", "autoria": "", "texto_original": "http://sapl.engenheiropaulodefrontin.rj.leg.br/media/sapl/public/materialegislativa/2013/1397/req49-13.pdf", "ementa": "\"Instala\u00e7\u00e3o de Ag\u00eancia da EMATER-RJ, em nosso Munic\u00edpio\" \r\n - Vereador Marcos Eduardo Noronha Fontes."}, {"id": "1398", "ano": "2013", "numero": "50", "tipo__sigla": "REQ", "tipo__descricao": "Requerimento", "autoria": "", "texto_original": "http://sapl.engenheiropaulodefrontin.rj.leg.br/media/sapl/public/materialegislativa/2013/1398/req50-13.pdf", "ementa": "\"Solicita\u00e7\u00e3o de informa\u00e7\u00e3o ao Executivo Municipal\" - Vereador Marcos Eduardo Noronha Fontes."}, {"id": "1399", "ano": "2013", "numero": "51", "tipo__sigla": "REQ", "tipo__descricao": "Requerimento", "autoria": "", "texto_original": "http://sapl.engenheiropaulodefrontin.rj.leg.br/media/sapl/public/materialegislativa/2013/1399/req51-13.pdf", "ementa": "\"Solicita\u00e7\u00e3o de informa\u00e7\u00e3o ao Executivo Municipal\" - Vereador Marcos Eduardo Noronha Fontes."}, {"id": "1521", "ano": "2013", "numero": "53", "tipo__sigla": "REQ", "tipo__descricao": "Requerimento", "autoria": "PROFESSORA M\u00d4NICA BALTHAZAR, ERNESTO LAR\u00c9 (Ernesto da CEDAE)", "texto_original": "http://sapl.engenheiropaulodefrontin.rj.leg.br/media/sapl/public/materialegislativa/2013/1521/req2013-53_000020.pdf", "ementa": "\"Que seja designada realiza\u00e7\u00e3o de Audi\u00eancia P\u00fablica na segunda-feira, 02 de setembro, para debate aberto com nossa popula\u00e7\u00e3o, autoridades e sociedade civil organizada sobre o quadro preocupante do Hospital Nelson Sales, que interrompeu suas atividades por falta de recebimento do que lhe \u00e9 efetivamente devido, impedindo seu regular funcionamento.\""}, {"id": "1108", "ano": "2013", "numero": "56", "tipo__sigla": "REQ", "tipo__descricao": "Requerimento", "autoria": "SANDRO FERREIRA (Deca), ERNESTO LAR\u00c9 (Ernesto da CEDAE), PROFESSORA M\u00d4NICA BALTHAZAR", "texto_original": "http://sapl.engenheiropaulodefrontin.rj.leg.br/media/sapl/public/materialegislativa/2013/1108/req56-13_000155.pdf", "ementa": "\"Solicita a tramita\u00e7\u00e3o do Projeto de Decreto Legislativo, em Regime de Urg\u00eancia.\""}, {"id": "1347", "ano": "2013", "numero": "57", "tipo__sigla": "REQ", "tipo__descricao": "Requerimento", "autoria": "KAIO BALTHAZAR", "texto_original": "http://sapl.engenheiropaulodefrontin.rj.leg.br/media/sapl/public/materialegislativa/2013/1347/req-2013_57.pdf", "ementa": "\"Solicita\u00e7\u00e3o de informa\u00e7\u00e3o ao Executivo Municipal\""}, {"id": "1109", "ano": "2013", "numero": "58", "tipo__sigla": "REQ", "tipo__descricao": "Requerimento", "autoria": "SANDRO FERREIRA (Deca), ERNESTO LAR\u00c9 (Ernesto da CEDAE), PROFESSORA M\u00d4NICA BALTHAZAR", "texto_original": "http://sapl.engenheiropaulodefrontin.rj.leg.br/media/sapl/public/materialegislativa/2013/1109/req58-13_000156.pdf", "ementa": "\"Solicita a tramitacdo dos Projetos de Decretos Legislativos, em Regime de Urg\u00eancia.\""}, {"id": "1452", "ano": "2013", "numero": "60", "tipo__sigla": "REQ", "tipo__descricao": "Requerimento", "autoria": "", "texto_original": "http://sapl.engenheiropaulodefrontin.rj.leg.br/media/sapl/public/materialegislativa/2013/1452/req60-13.pdf", "ementa": "\"Solicita\u00e7\u00e3o de provid\u00eancias ao Executivo Municipal\" \r\nAutor: Marcos Eduardo Noronha"}, {"id": "1453", "ano": "2013", "numero": "61", "tipo__sigla": "REQ", "tipo__descricao": "Requerimento", "autoria": "", "texto_original": "http://sapl.engenheiropaulodefrontin.rj.leg.br/media/sapl/public/materialegislativa/2013/1453/req61-13.pdf", "ementa": "\"Que seja oficiado ao Exmo. Sr. Presidente da Funda\u00e7\u00e3o Le\u00e3o XIII, Dr. lno Francisco da Gama Menezes, no sentido de solicitar que seja disponibilizado os Projetos: \"Resgatando a Cidadania\" e \"Novo Olhar Exames\", em nosso Munic\u00edpio. \r\nAutor: Marcos Eduardo Noronha"}, {"id": "1110", "ano": "2013", "numero": "63", "tipo__sigla": "REQ", "tipo__descricao": "Requerimento", "autoria": "SANDRO FERREIRA (Deca)", "texto_original": "http://sapl.engenheiropaulodefrontin.rj.leg.br/media/sapl/public/materialegislativa/2013/1110/req63-13_000157.pdf", "ementa": "\"Suspens\u00e3o da Sess\u00e3o Ordin\u00e1ria do dia 03 de outubro de 2013.\""}, {"id": "1017", "ano": "2013", "numero": "64", "tipo__sigla": "REQ", "tipo__descricao": "Requerimento", "autoria": "JORGE VILELA", "texto_original": "http://sapl.engenheiropaulodefrontin.rj.leg.br/media/sapl/public/materialegislativa/2013/1017/req64-13_000061.pdf", "ementa": "\"Mo\u00e7\u00e3o de Aplausos ao Sr. Jos\u00e9 Pereira da Silva, pelos relevantes servi\u00e7os prestados \u00e0 municipalidade.\""}, {"id": "1522", "ano": "2013", "numero": "65", "tipo__sigla": "REQ", "tipo__descricao": "Requerimento", "autoria": "PROFESSORA M\u00d4NICA BALTHAZAR", "texto_original": "http://sapl.engenheiropaulodefrontin.rj.leg.br/media/sapl/public/materialegislativa/2013/1522/req2013-65_000021.pdf", "ementa": "\"Solicita o nome completo dos funcion\u00e1rios lotados nos Postos de Sa\u00fade da Fam\u00edlia de todo munic\u00edpio.\""}, {"id": "1523", "ano": "2013", "numero": "68", "tipo__sigla": "REQ", "tipo__descricao": "Requerimento", "autoria": "PROFESSORA M\u00d4NICA BALTHAZAR", "texto_original": "http://sapl.engenheiropaulodefrontin.rj.leg.br/media/sapl/public/materialegislativa/2013/1523/req2013-68_000022.pdf", "ementa": "\"Rela\u00e7\u00e3o de todos os projetos esportivos em funcionamento no munic\u00edpio.\""}, {"id": "1524", "ano": "2013", "numero": "69", "tipo__sigla": "REQ", "tipo__descricao": "Requerimento", "autoria": "PROFESSORA M\u00d4NICA BALTHAZAR, ALTERNATO, ERNESTO LAR\u00c9 (Ernesto da CEDAE), SANDRO FERREIRA (Deca)", "texto_original": "http://sapl.engenheiropaulodefrontin.rj.leg.br/media/sapl/public/materialegislativa/2013/1524/req2013-69_000023.pdf", "ementa": "\"Envio de oficio ao Exmo. Prefeito Municipal solicitando c\u00f3pias de todos os processos citados na resposta do requerimento n\u00b0044/2013 enviada a esta Casa Legislativa.\""}, {"id": "1111", "ano": "2013", "numero": "70", "tipo__sigla": "REQ", "tipo__descricao": "Requerimento", "autoria": "SANDRO FERREIRA (Deca)", "texto_original": "http://sapl.engenheiropaulodefrontin.rj.leg.br/media/sapl/public/materialegislativa/2013/1111/req70-13_000159.pdf", "ementa": "\"Envio de oficio ao Exmo. Prefeito Municipal solicitando c\u00f3pias de todos os processos referentes a trilha realizada em Morro Azul.\""}, {"id": "1112", "ano": "2013", "numero": "71", "tipo__sigla": "REQ", "tipo__descricao": "Requerimento", "autoria": "SANDRO FERREIRA (Deca)", "texto_original": "http://sapl.engenheiropaulodefrontin.rj.leg.br/media/sapl/public/materialegislativa/2013/1112/req71-13_000160.pdf", "ementa": "\"Instala\u00e7\u00e3o de Orelh\u00f5es em bairro do nosso Munic\u00edpio.\""}, {"id": "1018", "ano": "2013", "numero": "72", "tipo__sigla": "REQ", "tipo__descricao": "Requerimento", "autoria": "JORGE VILELA", "texto_original": "http://sapl.engenheiropaulodefrontin.rj.leg.br/media/sapl/public/materialegislativa/2013/1018/req72-13_000062.pdf", "ementa": "\"Mo\u00e7\u00e3o de Parab\u00e9ns\" ao Pr. Alcino Ribeiro de Cerqueira, pela passagem do seu anivers\u00e1rio natal\u00edcio no \u00faltimo domingo, dia 06 do corrente m\u00eas. Ensejando muitas felicidades.\""}, {"id": "1348", "ano": "2013", "numero": "73", "tipo__sigla": "REQ", "tipo__descricao": "Requerimento", "autoria": "KAIO BALTHAZAR", "texto_original": "http://sapl.engenheiropaulodefrontin.rj.leg.br/media/sapl/public/materialegislativa/2013/1348/req-2013_73.pdf", "ementa": "\"Solicita que informe \u00e0 esta Casa, o endere\u00e7o e grau de escolaridade de todos os Secret\u00e1rios Municipais.\""}, {"id": "1525", "ano": "2013", "numero": "74", "tipo__sigla": "REQ", "tipo__descricao": "Requerimento", "autoria": "PROFESSORA M\u00d4NICA BALTHAZAR, ALTERNATO, ERNESTO LAR\u00c9 (Ernesto da CEDAE), SANDRO FERREIRA (Deca)", "texto_original": "http://sapl.engenheiropaulodefrontin.rj.leg.br/media/sapl/public/materialegislativa/2013/1525/req2013-74_000024.pdf", "ementa": "\"Que seja oficiado ao Exmo. Sr. Prefeito Municipal, Jo\u00e3o Carlos do Rego Pereira, no sentido de solicitar que envie \u00e0 esta Casa, c\u00f3pias dos processos referentes a compra de uniformes da rede p\u00fablica municipal.\""}, {"id": "1526", "ano": "2013", "numero": "75", "tipo__sigla": "REQ", "tipo__descricao": "Requerimento", "autoria": "PROFESSORA M\u00d4NICA BALTHAZAR, ALTERNATO, ERNESTO LAR\u00c9 (Ernesto da CEDAE), SANDRO FERREIRA (Deca)", "texto_original": "http://sapl.engenheiropaulodefrontin.rj.leg.br/media/sapl/public/materialegislativa/2013/1526/req2013-75_000025.pdf", "ementa": "\"Que seja oficiado ao Exmo. Sr. Prefeito Municipal, Jo\u00e3o Carlos do Rego Pereira, no sentido de solicitar que envie a esta Casa, c\u00f3pia do processo pagamento referente ao gasto com o jantar comemorativo ao \"Dia do Idoso.\""}, {"id": "1527", "ano": "2013", "numero": "76", "tipo__sigla": "REQ", "tipo__descricao": "Requerimento", "autoria": "PROFESSORA M\u00d4NICA BALTHAZAR", "texto_original": "http://sapl.engenheiropaulodefrontin.rj.leg.br/media/sapl/public/materialegislativa/2013/1527/req2013-76_000026.pdf", "ementa": "\"Que seja oficiado ao Exmo. Sr. Prefeito Municipal, Jo\u00e3o Carlos do R\u00eago Pereira, no sentido de solicitar que envie a esta Casa, c\u00f3pia de todos os processos de contrapartida do Munic\u00edpio no evento da Light, que fez parte das festividades comemorativas ao anivers\u00e1rio do Munic\u00edpio.\""}, {"id": "1528", "ano": "2013", "numero": "77", "tipo__sigla": "REQ", "tipo__descricao": "Requerimento", "autoria": "PROFESSORA M\u00d4NICA BALTHAZAR", "texto_original": "http://sapl.engenheiropaulodefrontin.rj.leg.br/media/sapl/public/materialegislativa/2013/1528/req2013-77_000027.pdf", "ementa": "\"Que seja oficiado ao Exmo. Sr. Prefeito Municipal, Jo\u00e3o Carlos do R\u00eago Pereira, no sentido de solicitar que envie \u00e0 esta Casa, c\u00f3pia de todos processos referentes \u00e0 Festividade de 50 anos do munic\u00edpio.\""}, {"id": "1019", "ano": "2013", "numero": "78", "tipo__sigla": "REQ", "tipo__descricao": "Requerimento", "autoria": "JORGE VILELA", "texto_original": "http://sapl.engenheiropaulodefrontin.rj.leg.br/media/sapl/public/materialegislativa/2013/1019/req78-13_000063.pdf", "ementa": "\"Mo\u00e7\u00e3o de Aplausos ao Sr. Alcino Tavares, pelos relevantes servi\u00e7os prestados no per\u00edodo da ditadura.\""}, {"id": "1349", "ano": "2013", "numero": "79", "tipo__sigla": "REQ", "tipo__descricao": "Requerimento", "autoria": "KAIO BALTHAZAR", "texto_original": "http://sapl.engenheiropaulodefrontin.rj.leg.br/media/sapl/public/materialegislativa/2013/1349/req-2013_79.pdf", "ementa": "\"Solicita que informe a esta Casa, a raz\u00e3o pela qual ainda n\u00e3o foi feita a convoca\u00e7\u00e3o dos aprovados no \u00faltimo processo seletivo realizado no Munic\u00edpio.\""}, {"id": "1529", "ano": "2013", "numero": "80", "tipo__sigla": "REQ", "tipo__descricao": "Requerimento", "autoria": "PROFESSORA M\u00d4NICA BALTHAZAR, ALTERNATO, ERNESTO LAR\u00c9 (Ernesto da CEDAE), SANDRO FERREIRA (Deca)", "texto_original": "http://sapl.engenheiropaulodefrontin.rj.leg.br/media/sapl/public/materialegislativa/2013/1529/req2013-80_000028.pdf", "ementa": "\"Que seja oficiado ao Exmo. Sr. Prefeito Municipal, Jo\u00e3o Carlos do Rego Pereira, no sentido de solicitar que envie \u00e0 esta Casa, a rela\u00e7\u00e3o de salva-vidas que prestam servi\u00e7os na piscina do parque Lago Azul e o hor\u00e1rio de funcionamento da mesma.\""}, {"id": "1530", "ano": "2013", "numero": "81", "tipo__sigla": "REQ", "tipo__descricao": "Requerimento", "autoria": "PROFESSORA M\u00d4NICA BALTHAZAR, ALTERNATO, ERNESTO LAR\u00c9 (Ernesto da CEDAE), SANDRO FERREIRA (Deca)", "texto_original": "http://sapl.engenheiropaulodefrontin.rj.leg.br/media/sapl/public/materialegislativa/2013/1530/req2013-81_000029.pdf", "ementa": "\"Que seja oficiado ao Exmo. Sr. Prefeito Municipal, Jo\u00e3o Carlos do R\u00eago Pereira, no sentido de solicitar juntamente com a secretaria municipal de educa\u00e7\u00e3o, que envie \u00e0 esta Casa, a rela\u00e7\u00e3o atualizada de alunos atendidos na rede p\u00fablica municipal.\""}, {"id": "1531", "ano": "2013", "numero": "82", "tipo__sigla": "REQ", "tipo__descricao": "Requerimento", "autoria": "PROFESSORA M\u00d4NICA BALTHAZAR, ALTERNATO, ERNESTO LAR\u00c9 (Ernesto da CEDAE), SANDRO FERREIRA (Deca)", "texto_original": "http://sapl.engenheiropaulodefrontin.rj.leg.br/media/sapl/public/materialegislativa/2013/1531/req2013-82_000030.pdf", "ementa": "\"Que seja oficiado ao Exmo. Sr. Prefeito Municipal, Jo\u00e3o Carlos do R\u00eago Pereira, no sentido de solicitar que envie a esta Casa, c\u00f3pia do contrato da empresa S.M. Calenzani Publicidade.\""}, {"id": "1532", "ano": "2013", "numero": "83", "tipo__sigla": "REQ", "tipo__descricao": "Requerimento", "autoria": "PROFESSORA M\u00d4NICA BALTHAZAR, ALTERNATO, ERNESTO LAR\u00c9 (Ernesto da CEDAE), SANDRO FERREIRA (Deca)", "texto_original": "http://sapl.engenheiropaulodefrontin.rj.leg.br/media/sapl/public/materialegislativa/2013/1532/req2013-83_000031.pdf", "ementa": "\"Que seja oficiado ao Exmo. Sr. Prefeito Municipal, Jo\u00e3o Carlos do Rego Pereira, no sentido de solicitar que envie \u00e0 esta Casa, o relat\u00f3rio descriminando a utiliza\u00e7\u00e3o dos recursos recebidos pelo munic\u00edpio em decorr\u00eancia de royalties referentes aos meses de agosto e setembro.\""}, {"id": "1533", "ano": "2013", "numero": "84", "tipo__sigla": "REQ", "tipo__descricao": "Requerimento", "autoria": "PROFESSORA M\u00d4NICA BALTHAZAR", "texto_original": "http://sapl.engenheiropaulodefrontin.rj.leg.br/media/sapl/public/materialegislativa/2013/1533/req2013-84_000032.pdf", "ementa": "\"Mo\u00e7\u00e3o de Aplausos\" ao Sr. Claudio Caramez, mais conhecido como Babaj\u00fa, pela bel\u00edssima festa realizada para as crian\u00e7as, no ultimo s\u00e1bado, Dia das Crian\u00e7as.\""}, {"id": "1534", "ano": "2013", "numero": "85", "tipo__sigla": "REQ", "tipo__descricao": "Requerimento", "autoria": "PROFESSORA M\u00d4NICA BALTHAZAR", "texto_original": "http://sapl.engenheiropaulodefrontin.rj.leg.br/media/sapl/public/materialegislativa/2013/1534/req2013-85_000033.pdf", "ementa": "\"Solicita que envie \u00e0 esta Casa, a rela\u00e7\u00e3o dos membros do Conselho do Meio Ambiente e o hor\u00e1rio das reuni\u00f5es do mesmo.\""}, {"id": "1535", "ano": "2013", "numero": "86", "tipo__sigla": "REQ", "tipo__descricao": "Requerimento", "autoria": "PROFESSORA M\u00d4NICA BALTHAZAR, ERNESTO LAR\u00c9 (Ernesto da CEDAE)", "texto_original": "http://sapl.engenheiropaulodefrontin.rj.leg.br/media/sapl/public/materialegislativa/2013/1535/req2013-86_000034.pdf", "ementa": "\"Solicitando a c\u00f3pia dos relat\u00f3rios de Inspe\u00e7\u00e3o Sanit\u00e1ria dos exerc\u00edcios de 2012 e 2013, do Centro Municipal de Atendimento Especializado Raul Camargo.\""}, {"id": "1113", "ano": "2013", "numero": "87", "tipo__sigla": "REQ", "tipo__descricao": "Requerimento", "autoria": "SANDRO FERREIRA (Deca)", "texto_original": "http://sapl.engenheiropaulodefrontin.rj.leg.br/media/sapl/public/materialegislativa/2013/1113/req87-13_000161.pdf", "ementa": "\"Mo\u00e7\u00e3o de Parab\u00e9ns ao Sr. Leny Jesus de Lima, pela passagem do seu anivers\u00e1rio natal\u00edcio no dia 15 do corrente m\u00eas. Ensejando muitas felicidades, harmonia, paz e muitos anos de vida, aben\u00e7oados e felizes.\""}, {"id": "1457", "ano": "2013", "numero": "88", "tipo__sigla": "REQ", "tipo__descricao": "Requerimento", "autoria": "", "texto_original": "http://sapl.engenheiropaulodefrontin.rj.leg.br/media/sapl/public/materialegislativa/2013/1457/req88-13.pdf", "ementa": "\"Mo\u00e7\u00e3o de Profundo Pesar\" aos familiares do jovem Mauro Barbosa Vieira, falecido ontem e sepultado hoje.\"\r\nAutor: Marcos Eduardo Noronha"}, {"id": "1536", "ano": "2013", "numero": "89", "tipo__sigla": "REQ", "tipo__descricao": "Requerimento", "autoria": "PROFESSORA M\u00d4NICA BALTHAZAR", "texto_original": "http://sapl.engenheiropaulodefrontin.rj.leg.br/media/sapl/public/materialegislativa/2013/1536/req2013-89_000035.pdf", "ementa": "\"Solicita que informe a esta Casa, se esta sendo oferecido o atendimento de nutricionista ei popula\u00e7\u00e3o, nos PSFs do Munic\u00edpio; caso afirmativo, informar o nome do profissional.\""}, {"id": "1537", "ano": "2013", "numero": "90", "tipo__sigla": "REQ", "tipo__descricao": "Requerimento", "autoria": "PROFESSORA M\u00d4NICA BALTHAZAR", "texto_original": "http://sapl.engenheiropaulodefrontin.rj.leg.br/media/sapl/public/materialegislativa/2013/1537/req2013-90_000036.pdf", "ementa": "\"Solicita que envie a esta Casa, o envio de c\u00f3pia do controle de gastos de combust\u00edvel de todos os ve\u00edculos pr\u00f3prios e terceirizados lotados nas secretarias de educa\u00e7\u00e3o, sa\u00fade, assist\u00eancia social e coordena\u00e7\u00e3o de transportes.\""}, {"id": "1350", "ano": "2013", "numero": "91", "tipo__sigla": "REQ", "tipo__descricao": "Requerimento", "autoria": "KAIO BALTHAZAR", "texto_original": "http://sapl.engenheiropaulodefrontin.rj.leg.br/media/sapl/public/materialegislativa/2013/1350/req-2013_91.pdf", "ementa": "\"Solicita\u00e7\u00e3o de provid\u00eancias ao Executivo Municipal\""}, {"id": "1351", "ano": "2013", "numero": "92", "tipo__sigla": "REQ", "tipo__descricao": "Requerimento", "autoria": "KAIO BALTHAZAR", "texto_original": "http://sapl.engenheiropaulodefrontin.rj.leg.br/media/sapl/public/materialegislativa/2013/1351/req-2013_92.pdf", "ementa": "\"Solicita\u00e7\u00e3o de esclarecimentos \u00e0 ag\u00eancia local da CEDAE.\""}, {"id": "1458", "ano": "2013", "numero": "93", "tipo__sigla": "REQ", "tipo__descricao": "Requerimento", "autoria": "", "texto_original": "http://sapl.engenheiropaulodefrontin.rj.leg.br/media/sapl/public/materialegislativa/2013/1458/req93-13.pdf", "ementa": "\"Solicita\u00e7\u00e3o de provid\u00eancias\" \r\nAutor: Marcos Eduardo Noronha"}, {"id": "1460", "ano": "2013", "numero": "94", "tipo__sigla": "REQ", "tipo__descricao": "Requerimento", "autoria": "", "texto_original": "http://sapl.engenheiropaulodefrontin.rj.leg.br/media/sapl/public/materialegislativa/2013/1460/req94-13.pdf", "ementa": "\"Informe \u00e0 esta Casa, se seria de compet\u00eancia da empresa empreiteira da MRS o capeamento asf\u00e1ltico da nesga\" que surgiu na via, em decorr\u00eancia da obra de constru\u00e7\u00e3o do muro de conten\u00e7\u00e3o \u00e0 Rua Jorge Machado, Bairro Santo Ant\u00f4nio. Caso afirmativo, solicito que seja notificada tal empresa empreiteira, para que conclua a obra, com o capeamento asf\u00e1ltico.\" \r\nAutor: Marcos Eduardo Noronha"}, {"id": "1114", "ano": "2013", "numero": "96", "tipo__sigla": "REQ", "tipo__descricao": "Requerimento", "autoria": "SANDRO FERREIRA (Deca)", "texto_original": "http://sapl.engenheiropaulodefrontin.rj.leg.br/media/sapl/public/materialegislativa/2013/1114/req96-13_000162.pdf", "ementa": "\"Solicitar que informe \u00e0 esta Casa, qual a empresa que prestou servi\u00e7o de lavagem de ruas do Munic\u00edpio, mencionando o nome das respectivas ruas e o valor do servi\u00e7o executado.\""}, {"id": "1352", "ano": "2013", "numero": "97", "tipo__sigla": "REQ", "tipo__descricao": "Requerimento", "autoria": "KAIO BALTHAZAR", "texto_original": "http://sapl.engenheiropaulodefrontin.rj.leg.br/media/sapl/public/materialegislativa/2013/1352/req-2013_97.pdf", "ementa": "\"Rela\u00e7\u00e3o de todos os gastos e valores desta casa para a realiza\u00e7\u00e3o da Sess\u00e3o Solene que foi realizada no \u00faltimo dia 04 de outubro de 2013.\""}, {"id": "1353", "ano": "2013", "numero": "98", "tipo__sigla": "REQ", "tipo__descricao": "Requerimento", "autoria": "KAIO BALTHAZAR, SANDRO FERREIRA (Deca)", "texto_original": "http://sapl.engenheiropaulodefrontin.rj.leg.br/media/sapl/public/materialegislativa/2013/1353/req-2013_98.pdf", "ementa": "\"Solicitando informa\u00e7\u00f5es a respeito do valor dispon\u00edvel at\u00e9 o presente momento para verbas indenizat\u00f3rias conforme consta no Artigo 100 da Constitui\u00e7\u00e3o Federal.\""}, {"id": "1354", "ano": "2013", "numero": "99", "tipo__sigla": "REQ", "tipo__descricao": "Requerimento", "autoria": "JORGE VILELA, SANDRO FERREIRA (Deca)", "texto_original": "http://sapl.engenheiropaulodefrontin.rj.leg.br/media/sapl/public/materialegislativa/2013/1354/req-2013_99.pdf", "ementa": "\"Solicita Informa\u00e7\u00f5es ao Executivo.\""}, {"id": "1355", "ano": "2013", "numero": "100", "tipo__sigla": "REQ", "tipo__descricao": "Requerimento", "autoria": "KAIO BALTHAZAR", "texto_original": "http://sapl.engenheiropaulodefrontin.rj.leg.br/media/sapl/public/materialegislativa/2013/1355/req-2013_100.pdf", "ementa": "\"Solicita informa\u00e7\u00f5es ao Executivo.\""}, {"id": "1356", "ano": "2013", "numero": "101", "tipo__sigla": "REQ", "tipo__descricao": "Requerimento", "autoria": "KAIO BALTHAZAR", "texto_original": "http://sapl.engenheiropaulodefrontin.rj.leg.br/media/sapl/public/materialegislativa/2013/1356/req-2013_101.pdf", "ementa": "\"Envio de MO\u00c7\u00c3O DE APLAUSOS ao SR. Matheus de Martino Gon\u00e7alves Vieira, atual Deputado Estadual Juvenil de nosso munic\u00edpio.\""}, {"id": "1357", "ano": "2013", "numero": "102", "tipo__sigla": "REQ", "tipo__descricao": "Requerimento", "autoria": "KAIO BALTHAZAR", "texto_original": "http://sapl.engenheiropaulodefrontin.rj.leg.br/media/sapl/public/materialegislativa/2013/1357/req-2013_102.pdf", "ementa": "\"Envio de MO\u00c7\u00c3O DE APLAUSOS ao SR. Altair Dolavale dono da Loja Chove-Chuva.\""}, {"id": "1115", "ano": "2013", "numero": "103", "tipo__sigla": "REQ", "tipo__descricao": "Requerimento", "autoria": "SANDRO FERREIRA (Deca)", "texto_original": "http://sapl.engenheiropaulodefrontin.rj.leg.br/media/sapl/public/materialegislativa/2013/1115/req103-13_000163.pdf", "ementa": "\"Mo\u00e7\u00e3o de Parab\u00e9ns \u00e0 Luciana Oliveira Moura, pela passagem do seu anivers\u00e1rio natal\u00edcio no dia 09 de outubro. Ensejando muitas felicidades, harmonia, paz e muitos anos de vida, aben\u00e7oados e felizes.\""}, {"id": "1358", "ano": "2013", "numero": "106", "tipo__sigla": "REQ", "tipo__descricao": "Requerimento", "autoria": "KAIO BALTHAZAR", "texto_original": "http://sapl.engenheiropaulodefrontin.rj.leg.br/media/sapl/public/materialegislativa/2013/1358/req-2013_106.pdf", "ementa": "\"Posto Avan\u00e7ado do Ita\u00fa ou Caixa Eletr\u00f4nico no 3\u00ba Distrito de Morro Azul.\""}, {"id": "1359", "ano": "2013", "numero": "107", "tipo__sigla": "REQ", "tipo__descricao": "Requerimento", "autoria": "KAIO BALTHAZAR", "texto_original": "http://sapl.engenheiropaulodefrontin.rj.leg.br/media/sapl/public/materialegislativa/2013/1359/req-2013_107.pdf", "ementa": "\"Caixa Eletr\u00f4nico 24 Horas no 3\u00ba Distrito de Morro Azul\""}, {"id": "1020", "ano": "2013", "numero": "110", "tipo__sigla": "REQ", "tipo__descricao": "Requerimento", "autoria": "JORGE VILELA", "texto_original": "http://sapl.engenheiropaulodefrontin.rj.leg.br/media/sapl/public/materialegislativa/2013/1020/req110-13_000064.pdf", "ementa": "\"Solicita C\u00f3pia na integra e em m\u00eddia, da Ata da Sess\u00e3o Itinerante realizada no 3\u00b0 Distrito em Morro Azul \"."}, {"id": "1021", "ano": "2013", "numero": "111", "tipo__sigla": "REQ", "tipo__descricao": "Requerimento", "autoria": "JORGE VILELA", "texto_original": "http://sapl.engenheiropaulodefrontin.rj.leg.br/media/sapl/public/materialegislativa/2013/1021/req111-13_000065.pdf", "ementa": "\"Mo\u00e7\u00e3o de Aplausos \u00e0 Jeanne de Paula Martins, participante do pr\u00eamio Bayer Jovens Embaixadores Ambientais 2013, em parceria com o PNUMA (Programa das Na\u00e7\u00f5es Unidas para o Maio Ambiente).\""}, {"id": "1022", "ano": "2013", "numero": "113", "tipo__sigla": "REQ", "tipo__descricao": "Requerimento", "autoria": "JORGE VILELA", "texto_original": "http://sapl.engenheiropaulodefrontin.rj.leg.br/media/sapl/public/materialegislativa/2013/1022/req113-13_000066.pdf", "ementa": "\"Solicita Copia na integra e em m\u00eddia, da Ata da Sess\u00e3o realizada no dia 25/11/2013\"."}, {"id": "1538", "ano": "2013", "numero": "123", "tipo__sigla": "REQ", "tipo__descricao": "Requerimento", "autoria": "PROFESSORA M\u00d4NICA BALTHAZAR", "texto_original": "http://sapl.engenheiropaulodefrontin.rj.leg.br/media/sapl/public/materialegislativa/2013/1538/req2013-123_000051.pdf", "ementa": "\"Solicita\u00e7\u00e3o de informa\u00e7\u00e3o ao Executivo Municipal\""}, {"id": "1517", "ano": "2013", "numero": "124", "tipo__sigla": "REQ", "tipo__descricao": "Requerimento", "autoria": "PROFESSORA M\u00d4NICA BALTHAZAR", "texto_original": "http://sapl.engenheiropaulodefrontin.rj.leg.br/media/sapl/public/materialegislativa/2013/1517/req013-124_000052.pdf", "ementa": "\"Mo\u00e7\u00e3o de Aplausos ao Sr. Fabio Guimar\u00e3es Lima, funcion\u00e1rio p\u00fablico municipal, pelos relevantes prestados ao Munic\u00edpio.\""}, {"id": "1043", "ano": "2013", "numero": "1", "tipo__sigla": "IND", "tipo__descricao": "Indica\u00e7\u00e3o", "autoria": "", "texto_original": "http://sapl.engenheiropaulodefrontin.rj.leg.br/media/sapl/public/materialegislativa/2013/1043/ind01-13_000088.pdf", "ementa": "\"Padroniza\u00e7\u00e3o das cal\u00e7adas no Bairro Santo Ant\u00f4nio.\""}, {"id": "1046", "ano": "2013", "numero": "2", "tipo__sigla": "IND", "tipo__descricao": "Indica\u00e7\u00e3o", "autoria": "", "texto_original": "http://sapl.engenheiropaulodefrontin.rj.leg.br/media/", "ementa": "\"Instala\u00e7\u00e3o de aparelho de gin\u00e1stica em ar livre nos bairros.\""}, {"id": "1282", "ano": "2013", "numero": "3", "tipo__sigla": "IND", "tipo__descricao": "Indica\u00e7\u00e3o", "autoria": "KAIO BALTHAZAR", "texto_original": "http://sapl.engenheiropaulodefrontin.rj.leg.br/media/sapl/public/materialegislativa/2013/1282/ind-2013_3.pdf", "ementa": "\"Limpeza Urbana\""}, {"id": "1048", "ano": "2013", "numero": "4", "tipo__sigla": "IND", "tipo__descricao": "Indica\u00e7\u00e3o", "autoria": "", "texto_original": "http://sapl.engenheiropaulodefrontin.rj.leg.br/media/", "ementa": "\"Cobertura \u2014 Quadra Jardim N. Rodeio\""}, {"id": "1049", "ano": "2013", "numero": "5", "tipo__sigla": "IND", "tipo__descricao": "Indica\u00e7\u00e3o", "autoria": "SANDRO FERREIRA (Deca)", "texto_original": "http://sapl.engenheiropaulodefrontin.rj.leg.br/media/sapl/public/materialegislativa/2013/1049/ind05-13_000092.pdf", "ementa": "\"Cobertura e troca do piso - Quadra Do Bairro Morro do Sossego.\""}, {"id": "1050", "ano": "2013", "numero": "6", "tipo__sigla": "IND", "tipo__descricao": "Indica\u00e7\u00e3o", "autoria": "SANDRO FERREIRA (Deca)", "texto_original": "http://sapl.engenheiropaulodefrontin.rj.leg.br/media/", "ementa": "\"Reforma no p\u00e1tio externo do Col\u00e9gio Municipal Ant\u00f4nio Maur\u00edcio.\""}, {"id": "1051", "ano": "2013", "numero": "10", "tipo__sigla": "IND", "tipo__descricao": "Indica\u00e7\u00e3o", "autoria": "SANDRO FERREIRA (Deca)", "texto_original": "http://sapl.engenheiropaulodefrontin.rj.leg.br/media/sapl/public/materialegislativa/2013/1051/ind10-13_000094.pdf", "ementa": "\"Instala\u00e7\u00e3o de aparelho de gin\u00e1stica em ar livre nos bairros\""}, {"id": "1430", "ano": "2013", "numero": "11", "tipo__sigla": "IND", "tipo__descricao": "Indica\u00e7\u00e3o", "autoria": "", "texto_original": "http://sapl.engenheiropaulodefrontin.rj.leg.br/media/sapl/public/materialegislativa/2013/1430/ind111-13.pdf", "ementa": "\"Cria\u00e7\u00e3o de uma pista de Botcha.\" - Ver. Marcos Eduardo Fontes"}, {"id": "1052", "ano": "2013", "numero": "13", "tipo__sigla": "IND", "tipo__descricao": "Indica\u00e7\u00e3o", "autoria": "SANDRO FERREIRA (Deca)", "texto_original": "http://sapl.engenheiropaulodefrontin.rj.leg.br/media/sapl/public/materialegislativa/2013/1052/ind13-13_000095.pdf", "ementa": "\"Kombi para UGB.\""}, {"id": "1283", "ano": "2013", "numero": "14", "tipo__sigla": "IND", "tipo__descricao": "Indica\u00e7\u00e3o", "autoria": "KAIO BALTHAZAR", "texto_original": "http://sapl.engenheiropaulodefrontin.rj.leg.br/media/sapl/public/materialegislativa/2013/1283/ind-2013_14.pdf", "ementa": "\"Pra\u00e7a Digital\""}, {"id": "1284", "ano": "2013", "numero": "15", "tipo__sigla": "IND", "tipo__descricao": "Indica\u00e7\u00e3o", "autoria": "KAIO BALTHAZAR", "texto_original": "http://sapl.engenheiropaulodefrontin.rj.leg.br/media/sapl/public/materialegislativa/2013/1284/ind-2013_15.pdf", "ementa": "\"Revitaliza\u00e7\u00e3o de academia popular\""}, {"id": "1285", "ano": "2013", "numero": "16", "tipo__sigla": "IND", "tipo__descricao": "Indica\u00e7\u00e3o", "autoria": "KAIO BALTHAZAR", "texto_original": "http://sapl.engenheiropaulodefrontin.rj.leg.br/media/sapl/public/materialegislativa/2013/1285/ind-2013_16.pdf", "ementa": "\"Concerto do Refletor da quadra da Grama\""}, {"id": "1053", "ano": "2013", "numero": "17", "tipo__sigla": "IND", "tipo__descricao": "Indica\u00e7\u00e3o", "autoria": "SANDRO FERREIRA (Deca)", "texto_original": "http://sapl.engenheiropaulodefrontin.rj.leg.br/media/sapl/public/materialegislativa/2013/1053/ind17-13_000096.pdf", "ementa": "\"Posto de sa\u00fade no Bairro Alto do Chafre.\""}, {"id": "1054", "ano": "2013", "numero": "19", "tipo__sigla": "IND", "tipo__descricao": "Indica\u00e7\u00e3o", "autoria": "SANDRO FERREIRA (Deca)", "texto_original": "http://sapl.engenheiropaulodefrontin.rj.leg.br/media/sapl/public/materialegislativa/2013/1054/ind19-13_000097.pdf", "ementa": "\"Solicita Ambul\u00e2ncia no posto de sa\u00fade Palmas no hor\u00e1rio de 24 horas.\""}, {"id": "1499", "ano": "2013", "numero": "20", "tipo__sigla": "IND", "tipo__descricao": "Indica\u00e7\u00e3o", "autoria": "PROFESSORA M\u00d4NICA BALTHAZAR", "texto_original": "http://sapl.engenheiropaulodefrontin.rj.leg.br/media/sapl/public/materialegislativa/2013/1499/ind2013-020_000037.pdf", "ementa": "\"Instala\u00e7\u00e3o de redutor de velocidade em frente a E. M. Aurora Mauricio, no bairro da Grama.\""}, {"id": "1500", "ano": "2013", "numero": "21", "tipo__sigla": "IND", "tipo__descricao": "Indica\u00e7\u00e3o", "autoria": "PROFESSORA M\u00d4NICA BALTHAZAR", "texto_original": "http://sapl.engenheiropaulodefrontin.rj.leg.br/media/sapl/public/materialegislativa/2013/1500/ind2013-021_000038.pdf", "ementa": "\"Reforma C.M.A.E Centro Municipal de Atendimento Especializado Raul Camargo , Situado, Av. Ant\u00f4nio Munic\u00edpio, n\u00b0 616, no Bairro Camargo.\""}, {"id": "1501", "ano": "2013", "numero": "22", "tipo__sigla": "IND", "tipo__descricao": "Indica\u00e7\u00e3o", "autoria": "PROFESSORA M\u00d4NICA BALTHAZAR", "texto_original": "http://sapl.engenheiropaulodefrontin.rj.leg.br/media/sapl/public/materialegislativa/2013/1501/ind2013-022_000039.pdf", "ementa": "\"Constru\u00e7\u00e3o de Ponto de \u00f4nibus.\""}, {"id": "1502", "ano": "2013", "numero": "23", "tipo__sigla": "IND", "tipo__descricao": "Indica\u00e7\u00e3o", "autoria": "PROFESSORA M\u00d4NICA BALTHAZAR", "texto_original": "http://sapl.engenheiropaulodefrontin.rj.leg.br/media/sapl/public/materialegislativa/2013/1502/ind2013-023_000040.pdf", "ementa": "\"Campanha de Educa\u00e7\u00e3o no Transito\""}, {"id": "1410", "ano": "2013", "numero": "25", "tipo__sigla": "IND", "tipo__descricao": "Indica\u00e7\u00e3o", "autoria": "", "texto_original": "http://sapl.engenheiropaulodefrontin.rj.leg.br/media/sapl/public/materialegislativa/2013/1410/ind25-13.pdf", "ementa": "\"LIMPEZA DA CAIXA D'\u00c0GUA DO BAMBOLIM\" \r\nAutor: Marcos Eduardo Noronha Fontes"}, {"id": "1411", "ano": "2013", "numero": "26", "tipo__sigla": "IND", "tipo__descricao": "Indica\u00e7\u00e3o", "autoria": "", "texto_original": "http://sapl.engenheiropaulodefrontin.rj.leg.br/media/sapl/public/materialegislativa/2013/1411/ind26-13.pdf", "ementa": "\"Constru\u00e7\u00e3o de um Mirante na \"Saibreira\" em Palmeira da Serra.\"\r\nAutor: Marcos Eduardo Noronha"}, {"id": "1412", "ano": "2013", "numero": "28", "tipo__sigla": "IND", "tipo__descricao": "Indica\u00e7\u00e3o", "autoria": "", "texto_original": "http://sapl.engenheiropaulodefrontin.rj.leg.br/media/sapl/public/materialegislativa/2013/1412/ind28-13.pdf", "ementa": "\"MELHORIAS E REFORMA DA ESTRADA\" -  Vereador Marcos Eduardo Noronha Fontes"}, {"id": "1413", "ano": "2013", "numero": "32", "tipo__sigla": "IND", "tipo__descricao": "Indica\u00e7\u00e3o", "autoria": "", "texto_original": "http://sapl.engenheiropaulodefrontin.rj.leg.br/media/sapl/public/materialegislativa/2013/1413/ind32-13.pdf", "ementa": "\"'POVOAMENTO DO LAGO AZUL COM ESPECIES DE TUCUNAR\u00c9, PAC\u00da E PINTADO\" - Vereador Marcos Eduardo Noronha Fontes"}, {"id": "1286", "ano": "2013", "numero": "35", "tipo__sigla": "IND", "tipo__descricao": "Indica\u00e7\u00e3o", "autoria": "KAIO BALTHAZAR", "texto_original": "http://sapl.engenheiropaulodefrontin.rj.leg.br/media/sapl/public/materialegislativa/2013/1286/ind-2013_35.pdf", "ementa": "\"Constru\u00e7\u00e3o de Creche no 3\u00b0 Distrito\""}, {"id": "1287", "ano": "2013", "numero": "36", "tipo__sigla": "IND", "tipo__descricao": "Indica\u00e7\u00e3o", "autoria": "KAIO BALTHAZAR", "texto_original": "http://sapl.engenheiropaulodefrontin.rj.leg.br/media/sapl/public/materialegislativa/2013/1287/ind-2013_36.pdf", "ementa": "\"Asfaltamento\""}, {"id": "1288", "ano": "2013", "numero": "37", "tipo__sigla": "IND", "tipo__descricao": "Indica\u00e7\u00e3o", "autoria": "KAIO BALTHAZAR", "texto_original": "http://sapl.engenheiropaulodefrontin.rj.leg.br/media/sapl/public/materialegislativa/2013/1288/ind-2013_37.pdf", "ementa": "\"Limpeza Urbana\""}, {"id": "1289", "ano": "2013", "numero": "38", "tipo__sigla": "IND", "tipo__descricao": "Indica\u00e7\u00e3o", "autoria": "KAIO BALTHAZAR", "texto_original": "http://sapl.engenheiropaulodefrontin.rj.leg.br/media/sapl/public/materialegislativa/2013/1289/ind-2013_38.pdf", "ementa": "\"Solicita provid\u00eancias\""}, {"id": "1290", "ano": "2013", "numero": "39", "tipo__sigla": "IND", "tipo__descricao": "Indica\u00e7\u00e3o", "autoria": "KAIO BALTHAZAR", "texto_original": "http://sapl.engenheiropaulodefrontin.rj.leg.br/media/sapl/public/materialegislativa/2013/1290/ind-2013_39.pdf", "ementa": "\"Limpeza Urbana\""}, {"id": "1291", "ano": "2013", "numero": "40", "tipo__sigla": "IND", "tipo__descricao": "Indica\u00e7\u00e3o", "autoria": "KAIO BALTHAZAR", "texto_original": "http://sapl.engenheiropaulodefrontin.rj.leg.br/media/sapl/public/materialegislativa/2013/1291/ind-2013_40.pdf", "ementa": "\"asfaltamento\""}, {"id": "1292", "ano": "2013", "numero": "41", "tipo__sigla": "IND", "tipo__descricao": "Indica\u00e7\u00e3o", "autoria": "KAIO BALTHAZAR", "texto_original": "http://sapl.engenheiropaulodefrontin.rj.leg.br/media/sapl/public/materialegislativa/2013/1292/ind-2013_41.pdf", "ementa": "Solicita provid\u00eancias\""}, {"id": "1416", "ano": "2013", "numero": "42", "tipo__sigla": "IND", "tipo__descricao": "Indica\u00e7\u00e3o", "autoria": "", "texto_original": "http://sapl.engenheiropaulodefrontin.rj.leg.br/media/sapl/public/materialegislativa/2013/1416/ind42-13.pdf", "ementa": "\"LIMPEZA E CAPINA DO MATO NA RUA ALFELD.\"- Vereador Marcos Eduardo Noronha Fontes"}, {"id": "1417", "ano": "2013", "numero": "43", "tipo__sigla": "IND", "tipo__descricao": "Indica\u00e7\u00e3o", "autoria": "", "texto_original": "http://sapl.engenheiropaulodefrontin.rj.leg.br/media/sapl/public/materialegislativa/2013/1417/ind43-13.pdf", "ementa": "Abrigo de Passageiro na rua Nossa Senhora de Fatima e, frente ao n\u00b0 128 \"- Vereador Marcos Eduardo Noronha Fontes"}, {"id": "1418", "ano": "2013", "numero": "44", "tipo__sigla": "IND", "tipo__descricao": "Indica\u00e7\u00e3o", "autoria": "", "texto_original": "http://sapl.engenheiropaulodefrontin.rj.leg.br/media/sapl/public/materialegislativa/2013/1418/ind44-13.pdf", "ementa": "\"Abrigo de Passageiro na rua Maria Rosa Magalh\u00e3es\" - Vereador Marcos Eduardo Noronha Fontes"}, {"id": "1420", "ano": "2013", "numero": "45", "tipo__sigla": "IND", "tipo__descricao": "Indica\u00e7\u00e3o", "autoria": "", "texto_original": "http://sapl.engenheiropaulodefrontin.rj.leg.br/media/sapl/public/materialegislativa/2013/1420/ind45-13.pdf", "ementa": "\"'RECAPEAMENTO DA ESTRADA DE\r\nPALMAS.\" - Vereador Marcos Eduardo Noronha Fontes"}, {"id": "1503", "ano": "2013", "numero": "49", "tipo__sigla": "IND", "tipo__descricao": "Indica\u00e7\u00e3o", "autoria": "PROFESSORA M\u00d4NICA BALTHAZAR", "texto_original": "http://sapl.engenheiropaulodefrontin.rj.leg.br/media/sapl/public/materialegislativa/2013/1503/ind2013-049_000041.pdf", "ementa": "\"Cria\u00e7\u00e3o do conselho de seguran\u00e7a p\u00fablica em nosso munic\u00edpio.\""}, {"id": "1504", "ano": "2013", "numero": "50", "tipo__sigla": "IND", "tipo__descricao": "Indica\u00e7\u00e3o", "autoria": "PROFESSORA M\u00d4NICA BALTHAZAR", "texto_original": "http://sapl.engenheiropaulodefrontin.rj.leg.br/media/sapl/public/materialegislativa/2013/1504/ind2013-050_000042.pdf", "ementa": "\"Placas e identifica\u00e7\u00e3o de pr\u00e9dios p\u00fablicos\""}, {"id": "1056", "ano": "2013", "numero": "51", "tipo__sigla": "IND", "tipo__descricao": "Indica\u00e7\u00e3o", "autoria": "SANDRO FERREIRA (Deca)", "texto_original": "http://sapl.engenheiropaulodefrontin.rj.leg.br/media/sapl/public/materialegislativa/2013/1056/ind51-13_000099.pdf", "ementa": "\"Instala\u00e7\u00e3o de uma torre de aparelho telef\u00f4nico celular e fixo no bairro Palmas\""}, {"id": "1057", "ano": "2013", "numero": "52", "tipo__sigla": "IND", "tipo__descricao": "Indica\u00e7\u00e3o", "autoria": "SANDRO FERREIRA (Deca)", "texto_original": "http://sapl.engenheiropaulodefrontin.rj.leg.br/media/sapl/public/materialegislativa/2013/1057/ind52-13_000100.pdf", "ementa": "\"Instala\u00e7\u00e3o de uma torre de aparelho telef\u00f4nico celular e fixo no bairro Graminha\""}, {"id": "1058", "ano": "2013", "numero": "53", "tipo__sigla": "IND", "tipo__descricao": "Indica\u00e7\u00e3o", "autoria": "SANDRO FERREIRA (Deca)", "texto_original": "http://sapl.engenheiropaulodefrontin.rj.leg.br/media/sapl/public/materialegislativa/2013/1058/ind53-13_000101.pdf", "ementa": "\"Instala\u00e7\u00e3o de uma torre de aparelho telef\u00f4nico celular e fixo no bairro Palmeira da Serra\""}, {"id": "1505", "ano": "2013", "numero": "56", "tipo__sigla": "IND", "tipo__descricao": "Indica\u00e7\u00e3o", "autoria": "PROFESSORA M\u00d4NICA BALTHAZAR", "texto_original": "http://sapl.engenheiropaulodefrontin.rj.leg.br/media/sapl/public/materialegislativa/2013/1505/ind2013-056_000043.pdf", "ementa": "\"Pintura das faixas de pedestre bem como as de estacionamento.\""}, {"id": "1424", "ano": "2013", "numero": "57", "tipo__sigla": "IND", "tipo__descricao": "Indica\u00e7\u00e3o", "autoria": "", "texto_original": "http://sapl.engenheiropaulodefrontin.rj.leg.br/media/sapl/public/materialegislativa/2013/1424/ind57-13.pdf", "ementa": "\"Guardi\u00e3o Parque Lago Azul.\" - Ver. Marcos Eduardo Fontes"}, {"id": "1425", "ano": "2013", "numero": "61", "tipo__sigla": "IND", "tipo__descricao": "Indica\u00e7\u00e3o", "autoria": "", "texto_original": "http://sapl.engenheiropaulodefrontin.rj.leg.br/media/sapl/public/materialegislativa/2013/1425/ind61-13.pdf", "ementa": "\"Constru\u00e7\u00e3o de Bancos para aposentados\" - Ver. Marcos Eduardo Fontes"}, {"id": "1506", "ano": "2013", "numero": "69", "tipo__sigla": "IND", "tipo__descricao": "Indica\u00e7\u00e3o", "autoria": "PROFESSORA M\u00d4NICA BALTHAZAR", "texto_original": "http://sapl.engenheiropaulodefrontin.rj.leg.br/media/sapl/public/materialegislativa/2013/1506/ind2013-069_000044.pdf", "ementa": "\"Constru\u00e7\u00e3o da \u00e1rea de lazer e parque infantil na Unidade Ensino Carlos Gram\u00e1tico\""}, {"id": "1507", "ano": "2013", "numero": "70", "tipo__sigla": "IND", "tipo__descricao": "Indica\u00e7\u00e3o", "autoria": "PROFESSORA M\u00d4NICA BALTHAZAR", "texto_original": "http://sapl.engenheiropaulodefrontin.rj.leg.br/media/sapl/public/materialegislativa/2013/1507/ind2013-070_000045.pdf", "ementa": "\"Asfaltamento da Estrada dos Escravos 213, Alto do Chafre\""}, {"id": "1508", "ano": "2013", "numero": "71", "tipo__sigla": "IND", "tipo__descricao": "Indica\u00e7\u00e3o", "autoria": "PROFESSORA M\u00d4NICA BALTHAZAR", "texto_original": "http://sapl.engenheiropaulodefrontin.rj.leg.br/media/sapl/public/materialegislativa/2013/1508/ind2013-071_000046.pdf", "ementa": "\"Amplia\u00e7\u00e3o da Unidade Aurora Mauricio na constru\u00e7\u00e3o de 2 salas de aulas bem como instala\u00e7\u00e3o de um parque infantil para melhor atender a demanda da comunidade\""}, {"id": "1509", "ano": "2013", "numero": "72", "tipo__sigla": "IND", "tipo__descricao": "Indica\u00e7\u00e3o", "autoria": "PROFESSORA M\u00d4NICA BALTHAZAR", "texto_original": "http://sapl.engenheiropaulodefrontin.rj.leg.br/media/sapl/public/materialegislativa/2013/1509/ind2013-072_000047.pdf", "ementa": "\"Pavimenta\u00e7\u00e3o e asfaltamento - Av. Ant\u00f4nio Mauricio e extens\u00e3o no Camargo at\u00e9 a sa\u00edda da estrada de Palmas\""}, {"id": "1059", "ano": "2013", "numero": "74", "tipo__sigla": "IND", "tipo__descricao": "Indica\u00e7\u00e3o", "autoria": "SANDRO FERREIRA (Deca)", "texto_original": "http://sapl.engenheiropaulodefrontin.rj.leg.br/media/sapl/public/materialegislativa/2013/1059/ind74-13_000102.pdf", "ementa": "\"Asfaltamento no bairro do Gondin.\""}, {"id": "1060", "ano": "2013", "numero": "75", "tipo__sigla": "IND", "tipo__descricao": "Indica\u00e7\u00e3o", "autoria": "SANDRO FERREIRA (Deca)", "texto_original": "http://sapl.engenheiropaulodefrontin.rj.leg.br/media/sapl/public/materialegislativa/2013/1060/ind75-13_000103.pdf", "ementa": "\"Asfaltamento - Rua Pereira da Rocha (Palmas)\""}, {"id": "1061", "ano": "2013", "numero": "76", "tipo__sigla": "IND", "tipo__descricao": "Indica\u00e7\u00e3o", "autoria": "SANDRO FERREIRA (Deca)", "texto_original": "http://sapl.engenheiropaulodefrontin.rj.leg.br/media/sapl/public/materialegislativa/2013/1061/ind76-13_000104.pdf", "ementa": "\"Reforma - Quadra Campo do Adrianino.\""}, {"id": "1062", "ano": "2013", "numero": "78", "tipo__sigla": "IND", "tipo__descricao": "Indica\u00e7\u00e3o", "autoria": "SANDRO FERREIRA (Deca)", "texto_original": "http://sapl.engenheiropaulodefrontin.rj.leg.br/media/sapl/public/materialegislativa/2013/1062/ind78-13_000105.pdf", "ementa": "\"Instala\u00e7\u00e3o de aparelho de gin\u00e1stica em ar livre nos bairros\""}, {"id": "1510", "ano": "2013", "numero": "82", "tipo__sigla": "IND", "tipo__descricao": "Indica\u00e7\u00e3o", "autoria": "PROFESSORA M\u00d4NICA BALTHAZAR", "texto_original": "http://sapl.engenheiropaulodefrontin.rj.leg.br/media/sapl/public/materialegislativa/2013/1510/ind2013-082_000048.pdf", "ementa": "\"Sec. De Sa\u00fade - An\u00e1lise das Aguas de Fontes de mina em todos os bairros do munic\u00edpio com coloca\u00e7\u00e3o de placas de identifica\u00e7\u00e3o de qualidade da mesma \""}, {"id": "1063", "ano": "2013", "numero": "84", "tipo__sigla": "IND", "tipo__descricao": "Indica\u00e7\u00e3o", "autoria": "SANDRO FERREIRA (Deca)", "texto_original": "http://sapl.engenheiropaulodefrontin.rj.leg.br/media/sapl/public/materialegislativa/2013/1063/ind84-13_000106.pdf", "ementa": "\"Instala\u00e7\u00e3o de aparelho de gin\u00e1stica em ar livre nos bairros\""}, {"id": "1064", "ano": "2013", "numero": "85", "tipo__sigla": "IND", "tipo__descricao": "Indica\u00e7\u00e3o", "autoria": "SANDRO FERREIRA (Deca)", "texto_original": "http://sapl.engenheiropaulodefrontin.rj.leg.br/media/sapl/public/materialegislativa/2013/1064/ind85-13_000107.pdf", "ementa": "\"Solicita Ambul\u00e2ncia no posto de sa\u00fade Palmeira da Serra 24 horas.\""}, {"id": "1065", "ano": "2013", "numero": "86", "tipo__sigla": "IND", "tipo__descricao": "Indica\u00e7\u00e3o", "autoria": "SANDRO FERREIRA (Deca)", "texto_original": "http://sapl.engenheiropaulodefrontin.rj.leg.br/media/sapl/public/materialegislativa/2013/1065/ind86-13_000108.pdf", "ementa": "\"Pavimenta\u00e7\u00e3o asf\u00e1ltica na Rua Manoel da Silva Neves no bairro do Centro.\""}, {"id": "1427", "ano": "2013", "numero": "87", "tipo__sigla": "IND", "tipo__descricao": "Indica\u00e7\u00e3o", "autoria": "", "texto_original": "http://sapl.engenheiropaulodefrontin.rj.leg.br/media/sapl/public/materialegislativa/2013/1427/ind87-13.pdf", "ementa": "\"Placa de Sinaliza\u00e7\u00e3o na Rua Jos\u00e9 Gram\u00e1tico\" - Ver. Marcos Eduardo Fontes"}, {"id": "1428", "ano": "2013", "numero": "88", "tipo__sigla": "IND", "tipo__descricao": "Indica\u00e7\u00e3o", "autoria": "", "texto_original": "http://sapl.engenheiropaulodefrontin.rj.leg.br/media/sapl/public/materialegislativa/2013/1428/ind88-13.pdf", "ementa": "\"RECAPEAMENTO DA ESTRADA DE PALMAS.\" - Ver. Marcos Eduardo Fontes"}, {"id": "1293", "ano": "2013", "numero": "89", "tipo__sigla": "IND", "tipo__descricao": "Indica\u00e7\u00e3o", "autoria": "KAIO BALTHAZAR", "texto_original": "http://sapl.engenheiropaulodefrontin.rj.leg.br/media/sapl/public/materialegislativa/2013/1293/ind-2013_89.pdf", "ementa": "\"Asfaltamento para o Bairro Parque Santa Clara\""}, {"id": "1294", "ano": "2013", "numero": "90", "tipo__sigla": "IND", "tipo__descricao": "Indica\u00e7\u00e3o", "autoria": "KAIO BALTHAZAR", "texto_original": "http://sapl.engenheiropaulodefrontin.rj.leg.br/media/sapl/public/materialegislativa/2013/1294/ind-2013_90.pdf", "ementa": "\"Limpeza Urbana.\""}, {"id": "1295", "ano": "2013", "numero": "91", "tipo__sigla": "IND", "tipo__descricao": "Indica\u00e7\u00e3o", "autoria": "KAIO BALTHAZAR", "texto_original": "http://sapl.engenheiropaulodefrontin.rj.leg.br/media/sapl/public/materialegislativa/2013/1295/ind-2013_91.pdf", "ementa": "\"Limpeza Urbana.\""}, {"id": "1296", "ano": "2013", "numero": "92", "tipo__sigla": "IND", "tipo__descricao": "Indica\u00e7\u00e3o", "autoria": "KAIO BALTHAZAR", "texto_original": "http://sapl.engenheiropaulodefrontin.rj.leg.br/media/sapl/public/materialegislativa/2013/1296/ind-2013_92.pdf", "ementa": "\"Constru\u00e7\u00e3o de quadra Poliesportiva.\""}, {"id": "1066", "ano": "2013", "numero": "93", "tipo__sigla": "IND", "tipo__descricao": "Indica\u00e7\u00e3o", "autoria": "SANDRO FERREIRA (Deca)", "texto_original": "http://sapl.engenheiropaulodefrontin.rj.leg.br/media/sapl/public/materialegislativa/2013/1066/ind93-13_000110.pdf", "ementa": "\"Coloca\u00e7\u00e3o de Corrim\u00e3o \u2014 Ladeira Luciano Coelho de Almeida, Jardim Novo Rodeio\""}, {"id": "1067", "ano": "2013", "numero": "94", "tipo__sigla": "IND", "tipo__descricao": "Indica\u00e7\u00e3o", "autoria": "SANDRO FERREIRA (Deca)", "texto_original": "http://sapl.engenheiropaulodefrontin.rj.leg.br/media/sapl/public/materialegislativa/2013/1067/ind94-13_000111.pdf", "ementa": "\"Constru\u00e7\u00e3o de uma Galeria para escoamento das Aguas pluviais, sobre as resid\u00eancias localizadas na Rua Antonio Gomes Fontes, Jardim Novo Rodeio, na altura dos n\u00fameros 395, 405, 433 e 493.\""}, {"id": "1068", "ano": "2013", "numero": "95", "tipo__sigla": "IND", "tipo__descricao": "Indica\u00e7\u00e3o", "autoria": "SANDRO FERREIRA (Deca)", "texto_original": "http://sapl.engenheiropaulodefrontin.rj.leg.br/media/sapl/public/materialegislativa/2013/1068/ind95-13_000112.pdf", "ementa": "\"Reforma e Pintura dos postos de sa\u00fade do PSF Centro, PSF Ramalho.\""}, {"id": "1069", "ano": "2013", "numero": "96", "tipo__sigla": "IND", "tipo__descricao": "Indica\u00e7\u00e3o", "autoria": "SANDRO FERREIRA (Deca)", "texto_original": "http://sapl.engenheiropaulodefrontin.rj.leg.br/media/sapl/public/materialegislativa/2013/1069/ind96-13_000114.pdf", "ementa": "\"Instala\u00e7\u00e3o de aparelho de gin\u00e1stica em ar livre nos bairros.\""}, {"id": "1070", "ano": "2013", "numero": "97", "tipo__sigla": "IND", "tipo__descricao": "Indica\u00e7\u00e3o", "autoria": "SANDRO FERREIRA (Deca)", "texto_original": "http://sapl.engenheiropaulodefrontin.rj.leg.br/media/sapl/public/materialegislativa/2013/1070/ind97-13_000115.pdf", "ementa": "\"Troca de L\u00e2mpadas queimadas na Rua Celso Garcia no bairro de Palmas e coloca\u00e7\u00e3o de quebra molas.\""}, {"id": "1511", "ano": "2013", "numero": "100", "tipo__sigla": "IND", "tipo__descricao": "Indica\u00e7\u00e3o", "autoria": "PROFESSORA M\u00d4NICA BALTHAZAR", "texto_original": "http://sapl.engenheiropaulodefrontin.rj.leg.br/media/sapl/public/materialegislativa/2013/1511/ind2013-100_000049.pdf", "ementa": "\"Reforma das Cal\u00e7adas e corrim\u00e3o a RJ127, na extens\u00e3o da entrada da cidade at\u00e9 a entrada do bairro Jardim Novo Rodeio.\""}, {"id": "1071", "ano": "2013", "numero": "101", "tipo__sigla": "IND", "tipo__descricao": "Indica\u00e7\u00e3o", "autoria": "SANDRO FERREIRA (Deca)", "texto_original": "http://sapl.engenheiropaulodefrontin.rj.leg.br/media/sapl/public/materialegislativa/2013/1071/ind101-13_000116.pdf", "ementa": "\"Instala\u00e7\u00e3o de Corrim\u00e3o na ponte da entrada do Sitio Chamego na RJ 127.\""}, {"id": "1072", "ano": "2013", "numero": "102", "tipo__sigla": "IND", "tipo__descricao": "Indica\u00e7\u00e3o", "autoria": "SANDRO FERREIRA (Deca)", "texto_original": "http://sapl.engenheiropaulodefrontin.rj.leg.br/media/sapl/public/materialegislativa/2013/1072/ind102-13_000117.pdf", "ementa": "\"Asfaltamento, constru\u00e7\u00e3o de meio fio e canaletas na rua Ary Teixeira, no bairro Provis\u00f3ria.\""}, {"id": "1073", "ano": "2013", "numero": "103", "tipo__sigla": "IND", "tipo__descricao": "Indica\u00e7\u00e3o", "autoria": "SANDRO FERREIRA (Deca)", "texto_original": "http://sapl.engenheiropaulodefrontin.rj.leg.br/media/sapl/public/materialegislativa/2013/1073/ind103-13_000118.pdf", "ementa": "\"Ilumina\u00e7\u00e3o P\u00fablica.\""}, {"id": "1297", "ano": "2013", "numero": "104", "tipo__sigla": "IND", "tipo__descricao": "Indica\u00e7\u00e3o", "autoria": "KAIO BALTHAZAR", "texto_original": "http://sapl.engenheiropaulodefrontin.rj.leg.br/media/sapl/public/materialegislativa/2013/1297/ind-2013_104.pdf", "ementa": "\"Constru\u00e7\u00e3o de uma Pista de\r\nSkate.\""}, {"id": "1298", "ano": "2013", "numero": "106", "tipo__sigla": "IND", "tipo__descricao": "Indica\u00e7\u00e3o", "autoria": "KAIO BALTHAZAR", "texto_original": "http://sapl.engenheiropaulodefrontin.rj.leg.br/media/sapl/public/materialegislativa/2013/1298/ind-2013_106.pdf", "ementa": "\"Constru\u00e7\u00e3o de \u00e1rea de lazer\""}, {"id": "1299", "ano": "2013", "numero": "109", "tipo__sigla": "IND", "tipo__descricao": "Indica\u00e7\u00e3o", "autoria": "KAIO BALTHAZAR", "texto_original": "http://sapl.engenheiropaulodefrontin.rj.leg.br/media/sapl/public/materialegislativa/2013/1299/ind-2013_109.pdf", "ementa": "\"Constru\u00e7\u00e3o de \u00e1rea de lazer\""}, {"id": "1429", "ano": "2013", "numero": "110", "tipo__sigla": "IND", "tipo__descricao": "Indica\u00e7\u00e3o", "autoria": "", "texto_original": "http://sapl.engenheiropaulodefrontin.rj.leg.br/media/", "ementa": "\"Redes de Nylon na Quadra do Bairro Santo Antonio, Borracha\r\ne Graminha.\" - Ver. Marcos Eduardo Fontes"}, {"id": "1512", "ano": "2013", "numero": "112", "tipo__sigla": "IND", "tipo__descricao": "Indica\u00e7\u00e3o", "autoria": "PROFESSORA M\u00d4NICA BALTHAZAR", "texto_original": "http://sapl.engenheiropaulodefrontin.rj.leg.br/media/sapl/public/materialegislativa/2013/1512/ind2013-112_000050.pdf", "ementa": "\"Constru\u00e7\u00e3o de Trilha Ecol\u00f3gica, bancos e Quiosque na Cachoeira no Bairro Jardim Novo Rodeio.\""}, {"id": "1074", "ano": "2013", "numero": "113", "tipo__sigla": "IND", "tipo__descricao": "Indica\u00e7\u00e3o", "autoria": "PROFESSORA M\u00d4NICA BALTHAZAR, SANDRO FERREIRA (Deca)", "texto_original": "http://sapl.engenheiropaulodefrontin.rj.leg.br/media/sapl/public/materialegislativa/2013/1074/ind113-13_000119.pdf", "ementa": "\"Constru\u00e7\u00e3o de Cal\u00e7adas para a Rua Ant\u00f4nio Gomes Fontes no Bairro Jardim Novo Rodeio.\""}, {"id": "1300", "ano": "2013", "numero": "119", "tipo__sigla": "IND", "tipo__descricao": "Indica\u00e7\u00e3o", "autoria": "KAIO BALTHAZAR", "texto_original": "http://sapl.engenheiropaulodefrontin.rj.leg.br/media/sapl/public/materialegislativa/2013/1300/ind-2013_119.pdf", "ementa": "\"solicita provid\u00eancias\""}, {"id": "1301", "ano": "2013", "numero": "120", "tipo__sigla": "IND", "tipo__descricao": "Indica\u00e7\u00e3o", "autoria": "KAIO BALTHAZAR", "texto_original": "http://sapl.engenheiropaulodefrontin.rj.leg.br/media/sapl/public/materialegislativa/2013/1301/ind-2013_120.pdf", "ementa": "\"solicita provid\u00eancias\""}, {"id": "1513", "ano": "2013", "numero": "126", "tipo__sigla": "IND", "tipo__descricao": "Indica\u00e7\u00e3o", "autoria": "PROFESSORA M\u00d4NICA BALTHAZAR", "texto_original": "http://sapl.engenheiropaulodefrontin.rj.leg.br/media/sapl/public/materialegislativa/2013/1513/ind2013-126_000053.pdf", "ementa": "\"Estudo da possibilidade do aumento da carga hor\u00e1rio da s\u00e9rie final do 2\u00b0 segmento do Ensino Fundamental (9\u00b0ano).\""}, {"id": "1075", "ano": "2013", "numero": "127", "tipo__sigla": "IND", "tipo__descricao": "Indica\u00e7\u00e3o", "autoria": "SANDRO FERREIRA (Deca)", "texto_original": "http://sapl.engenheiropaulodefrontin.rj.leg.br/media/sapl/public/materialegislativa/2013/1075/ind127-13_000120.pdf", "ementa": "\"Constru\u00e7\u00e3o de passarela, sobre linha f\u00e9rrea, Bairro T\u00fanel Onze, acesso B, Borracha.\""}, {"id": "1076", "ano": "2013", "numero": "128", "tipo__sigla": "IND", "tipo__descricao": "Indica\u00e7\u00e3o", "autoria": "SANDRO FERREIRA (Deca)", "texto_original": "http://sapl.engenheiropaulodefrontin.rj.leg.br/media/sapl/public/materialegislativa/2013/1076/ind128-13_000121.pdf", "ementa": "\"Asfaltamento da Rua Vicente Antonio Calixto Acesso Bairro Borracha/Ramalho.\""}, {"id": "1431", "ano": "2013", "numero": "132", "tipo__sigla": "IND", "tipo__descricao": "Indica\u00e7\u00e3o", "autoria": "", "texto_original": "http://sapl.engenheiropaulodefrontin.rj.leg.br/media/sapl/public/materialegislativa/2013/1431/ind132-13.pdf", "ementa": "\"Um prazo menor para a aprecia\u00e7\u00e3o de Cargos e Sal\u00e1rios do Magist\u00e9rio Municipal.\"  - Ver. Marcos Eduardo Fontes"}, {"id": "1077", "ano": "2013", "numero": "133", "tipo__sigla": "IND", "tipo__descricao": "Indica\u00e7\u00e3o", "autoria": "SANDRO FERREIRA (Deca)", "texto_original": "http://sapl.engenheiropaulodefrontin.rj.leg.br/media/sapl/public/materialegislativa/2013/1077/ind133-13_000122.pdf", "ementa": "\"Reforma do Alambrado e vesti\u00e1rio do Campo no Lago Azul.\""}, {"id": "1078", "ano": "2013", "numero": "134", "tipo__sigla": "IND", "tipo__descricao": "Indica\u00e7\u00e3o", "autoria": "SANDRO FERREIRA (Deca)", "texto_original": "http://sapl.engenheiropaulodefrontin.rj.leg.br/media/sapl/public/materialegislativa/2013/1078/ind134-13_000123.pdf", "ementa": "\"Instala\u00e7\u00e3o de aparelho de ginastica em ar livre nos bairros.\""}, {"id": "1432", "ano": "2013", "numero": "135", "tipo__sigla": "IND", "tipo__descricao": "Indica\u00e7\u00e3o", "autoria": "", "texto_original": "http://sapl.engenheiropaulodefrontin.rj.leg.br/media/sapl/public/materialegislativa/2013/1432/ind135-13.pdf", "ementa": "\"A coloca\u00e7\u00e3o de Guard Rail, em toda Extens\u00e3o da Avenida, Rua S\u00e3o Jo\u00e3o Batista, Bairro St\u00b0 Antonio.\" - Ver. Marcos Eduardo Fontes"}, {"id": "1433", "ano": "2013", "numero": "136", "tipo__sigla": "IND", "tipo__descricao": "Indica\u00e7\u00e3o", "autoria": "", "texto_original": "http://sapl.engenheiropaulodefrontin.rj.leg.br/media/sapl/public/materialegislativa/2013/1433/ind136-13.pdf", "ementa": "\"Coloca\u00e7\u00e3o de ilumina\u00e7\u00e3o P\u00fablica na Rua Santa lzabel, em Morro Azul.\" - Ver. Marcos Eduardo Fontes"}, {"id": "1079", "ano": "2013", "numero": "137", "tipo__sigla": "IND", "tipo__descricao": "Indica\u00e7\u00e3o", "autoria": "SANDRO FERREIRA (Deca)", "texto_original": "http://sapl.engenheiropaulodefrontin.rj.leg.br/media/sapl/public/materialegislativa/2013/1079/ind137-13_000124.pdf", "ementa": "\"Reforma e Coloca\u00e7\u00e3o de rede de prote\u00e7\u00e3o para evitar bola na Linha F\u00e9rrea \u2014 Campo T\u00fanel 11\""}, {"id": "1434", "ano": "2013", "numero": "138", "tipo__sigla": "IND", "tipo__descricao": "Indica\u00e7\u00e3o", "autoria": "", "texto_original": "http://sapl.engenheiropaulodefrontin.rj.leg.br/media/sapl/public/materialegislativa/2013/1434/ind138-13.pdf", "ementa": "\"Implanta\u00e7\u00e3o de rede de esgoto.\" - Ver. Marcos Eduardo Fontes"}, {"id": "1435", "ano": "2013", "numero": "139", "tipo__sigla": "IND", "tipo__descricao": "Indica\u00e7\u00e3o", "autoria": "", "texto_original": "http://sapl.engenheiropaulodefrontin.rj.leg.br/media/sapl/public/materialegislativa/2013/1435/ind139-13.pdf", "ementa": "\"Reparo de Corrim\u00e3o e reforma da cal\u00e7ada no caminho que liga o Bairro Morro do Sossego e Bairro Barreira denominado Altinho da Barreira.\"  - Ver. Marcos Eduardo Fontes"}, {"id": "1080", "ano": "2013", "numero": "140", "tipo__sigla": "IND", "tipo__descricao": "Indica\u00e7\u00e3o", "autoria": "SANDRO FERREIRA (Deca)", "texto_original": "http://sapl.engenheiropaulodefrontin.rj.leg.br/media/sapl/public/materialegislativa/2013/1080/ind140-13_000125.pdf", "ementa": "\"Instala\u00e7\u00e3o de aparelho de gin\u00e1stica em ar livre nos bairros.\""}, {"id": "1081", "ano": "2013", "numero": "141", "tipo__sigla": "IND", "tipo__descricao": "Indica\u00e7\u00e3o", "autoria": "SANDRO FERREIRA (Deca)", "texto_original": "http://sapl.engenheiropaulodefrontin.rj.leg.br/media/sapl/public/materialegislativa/2013/1081/ind141-13_000126.pdf", "ementa": "\"Coloca\u00e7\u00e3o de seis lumin\u00e1ria na Travessa titulada da Rebenta Rabicho no bairro da Grama..\""}, {"id": "1436", "ano": "2013", "numero": "145", "tipo__sigla": "IND", "tipo__descricao": "Indica\u00e7\u00e3o", "autoria": "", "texto_original": "http://sapl.engenheiropaulodefrontin.rj.leg.br/media/sapl/public/materialegislativa/2013/1436/ind145-13.pdf", "ementa": "\"Limpeza no telhado da Escola Joaquim Mendes\"  - Ver. Marcos Eduardo Fontes"}, {"id": "1082", "ano": "2013", "numero": "146", "tipo__sigla": "IND", "tipo__descricao": "Indica\u00e7\u00e3o", "autoria": "SANDRO FERREIRA (Deca)", "texto_original": "http://sapl.engenheiropaulodefrontin.rj.leg.br/media/sapl/public/materialegislativa/2013/1082/ind146-13_000127.pdf", "ementa": "\"Instala\u00e7\u00e3o de aparelho de ginastica em ar livre nos bairros.\""}, {"id": "1083", "ano": "2013", "numero": "147", "tipo__sigla": "IND", "tipo__descricao": "Indica\u00e7\u00e3o", "autoria": "SANDRO FERREIRA (Deca)", "texto_original": "http://sapl.engenheiropaulodefrontin.rj.leg.br/media/sapl/public/materialegislativa/2013/1083/ind147-13_000128.pdf", "ementa": "\"Instala\u00e7\u00e3o de aparelho de ginastica em ar livre nos bairros.\""}, {"id": "1084", "ano": "2013", "numero": "148", "tipo__sigla": "IND", "tipo__descricao": "Indica\u00e7\u00e3o", "autoria": "SANDRO FERREIRA (Deca)", "texto_original": "http://sapl.engenheiropaulodefrontin.rj.leg.br/media/sapl/public/materialegislativa/2013/1084/ind148-13_000129.pdf", "ementa": "\"Instala\u00e7\u00e3o de aparelho de ginastica em ar livre nos bairros.\""}, {"id": "1085", "ano": "2013", "numero": "149", "tipo__sigla": "IND", "tipo__descricao": "Indica\u00e7\u00e3o", "autoria": "SANDRO FERREIRA (Deca)", "texto_original": "http://sapl.engenheiropaulodefrontin.rj.leg.br/media/sapl/public/materialegislativa/2013/1085/ind149-13_000130.pdf", "ementa": "\"Cobertura \u2014 Quadra St. Ant\u00f4nio.\""}, {"id": "1086", "ano": "2013", "numero": "150", "tipo__sigla": "IND", "tipo__descricao": "Indica\u00e7\u00e3o", "autoria": "SANDRO FERREIRA (Deca)", "texto_original": "http://sapl.engenheiropaulodefrontin.rj.leg.br/media/sapl/public/materialegislativa/2013/1086/ind150-13_000131.pdf", "ementa": "\"Reparo e Pintura do Campo Society do Bairro da Borracha.\""}, {"id": "1302", "ano": "2013", "numero": "151", "tipo__sigla": "IND", "tipo__descricao": "Indica\u00e7\u00e3o", "autoria": "KAIO BALTHAZAR", "texto_original": "http://sapl.engenheiropaulodefrontin.rj.leg.br/media/sapl/public/materialegislativa/2013/1302/ind-2013_151.pdf", "ementa": "\"Mercado Popular\""}, {"id": "1087", "ano": "2013", "numero": "152", "tipo__sigla": "IND", "tipo__descricao": "Indica\u00e7\u00e3o", "autoria": "SANDRO FERREIRA (Deca)", "texto_original": "http://sapl.engenheiropaulodefrontin.rj.leg.br/media/sapl/public/materialegislativa/2013/1087/ind152-13_000132.pdf", "ementa": "\"T\u00e9rmino da galeria at\u00e9 o final do Rio do Beco Evaristo Martins, Centro.\""}, {"id": "1088", "ano": "2013", "numero": "153", "tipo__sigla": "IND", "tipo__descricao": "Indica\u00e7\u00e3o", "autoria": "SANDRO FERREIRA (Deca)", "texto_original": "http://sapl.engenheiropaulodefrontin.rj.leg.br/media/sapl/public/materialegislativa/2013/1088/ind153-13_000133.pdf", "ementa": "\"Cobertura e troca do piso - Quadra Do Bairro Gondim.\""}, {"id": "1089", "ano": "2013", "numero": "154", "tipo__sigla": "IND", "tipo__descricao": "Indica\u00e7\u00e3o", "autoria": "SANDRO FERREIRA (Deca)", "texto_original": "http://sapl.engenheiropaulodefrontin.rj.leg.br/media/sapl/public/materialegislativa/2013/1089/ind154-13_000134.pdf", "ementa": "\"Coloca\u00e7\u00e3o de Caneleta em cima da quadra da Rua Santa In\u00eas no Bairro Jardim Novo Rodeio.\""}, {"id": "1090", "ano": "2013", "numero": "155", "tipo__sigla": "IND", "tipo__descricao": "Indica\u00e7\u00e3o", "autoria": "SANDRO FERREIRA (Deca)", "texto_original": "http://sapl.engenheiropaulodefrontin.rj.leg.br/media/sapl/public/materialegislativa/2013/1090/ind155-13_000135.pdf", "ementa": "\"Coloca\u00e7\u00e3o de Caneleta na Rua Ant\u00f4nio Gomes Fontes , na altura da antiga Igreja Testemunho de Jeov\u00e1.\""}, {"id": "1091", "ano": "2013", "numero": "156", "tipo__sigla": "IND", "tipo__descricao": "Indica\u00e7\u00e3o", "autoria": "SANDRO FERREIRA (Deca)", "texto_original": "http://sapl.engenheiropaulodefrontin.rj.leg.br/media/sapl/public/materialegislativa/2013/1091/ind156-13_000136.pdf", "ementa": "\"Coloca\u00e7\u00e3o de Caneleta na RJ 127 segundo a extens\u00e3o do bairro da Fazendinha at\u00e9 o posto do Ramalho.\""}, {"id": "1092", "ano": "2013", "numero": "161", "tipo__sigla": "IND", "tipo__descricao": "Indica\u00e7\u00e3o", "autoria": "SANDRO FERREIRA (Deca)", "texto_original": "http://sapl.engenheiropaulodefrontin.rj.leg.br/media/sapl/public/materialegislativa/2013/1092/ind161-13_000137.pdf", "ementa": "\"Constru\u00e7\u00e3o \u2014 Quadra Alto do Chafre.\""}, {"id": "1303", "ano": "2013", "numero": "162", "tipo__sigla": "IND", "tipo__descricao": "Indica\u00e7\u00e3o", "autoria": "KAIO BALTHAZAR", "texto_original": "http://sapl.engenheiropaulodefrontin.rj.leg.br/media/sapl/public/materialegislativa/2013/1303/ind-2013_162.pdf", "ementa": "\"Cria\u00e7\u00e3o do Pr\u00e9-T\u00e9cnico\""}, {"id": "1437", "ano": "2013", "numero": "163", "tipo__sigla": "IND", "tipo__descricao": "Indica\u00e7\u00e3o", "autoria": "", "texto_original": "http://sapl.engenheiropaulodefrontin.rj.leg.br/media/sapl/public/materialegislativa/2013/1437/ind163-13.pdf", "ementa": "\"Revitaliza\u00e7\u00e3o do A\u00e7ude da Graminha incluindo Churrasqueiras, vem com, a coloca\u00e7\u00e3o de Quiosque e \u00c1rea Coberta, al\u00e9m do seu entorno.- Ver. Marcos Eduardo Fontes"}, {"id": "1438", "ano": "2013", "numero": "164", "tipo__sigla": "IND", "tipo__descricao": "Indica\u00e7\u00e3o", "autoria": "", "texto_original": "http://sapl.engenheiropaulodefrontin.rj.leg.br/media/sapl/public/materialegislativa/2013/1438/ind164-13.pdf", "ementa": "\"Povoamento de esp\u00e9cies de peixes como Tucunar\u00e9, Pacu, no\r\nA\u00e7ude da Graminha.\" - Ver. Marcos Eduardo Fontes"}, {"id": "1439", "ano": "2013", "numero": "165", "tipo__sigla": "IND", "tipo__descricao": "Indica\u00e7\u00e3o", "autoria": "", "texto_original": "http://sapl.engenheiropaulodefrontin.rj.leg.br/media/sapl/public/materialegislativa/2013/1439/ind165-13.pdf", "ementa": "\"Cria\u00e7\u00e3o de Guarda Municipal em nosso Munic\u00edpio.\" - Ver. Marcos Eduardo Fontes"}, {"id": "1440", "ano": "2013", "numero": "166", "tipo__sigla": "IND", "tipo__descricao": "Indica\u00e7\u00e3o", "autoria": "PROFESSORA M\u00d4NICA BALTHAZAR", "texto_original": "http://sapl.engenheiropaulodefrontin.rj.leg.br/media/sapl/public/materialegislativa/2013/1440/ind166-13.pdf", "ementa": "\"Revitaliza\u00e7\u00e3o do Centro de Morro Azul.\" - Ver. Marcos Eduardo Fontes"}, {"id": "1441", "ano": "2013", "numero": "168", "tipo__sigla": "IND", "tipo__descricao": "Indica\u00e7\u00e3o", "autoria": "", "texto_original": "http://sapl.engenheiropaulodefrontin.rj.leg.br/media/sapl/public/materialegislativa/2013/1441/ind168-13.pdf", "ementa": "Pavimenta\u00e7\u00e3o asf\u00e1ltica da Avenida Ant\u00f4nio Mauricio a partir do n\u00b0 3.821 at\u00e9 a estrada de Palmas e coloca\u00e7\u00e3o de rede de esgoto.\"- Ver. Marcos Eduardo Fontes"}, {"id": "1304", "ano": "2013", "numero": "170", "tipo__sigla": "IND", "tipo__descricao": "Indica\u00e7\u00e3o", "autoria": "KAIO BALTHAZAR", "texto_original": "http://sapl.engenheiropaulodefrontin.rj.leg.br/media/sapl/public/materialegislativa/2013/1304/ind-2013_170.pdf", "ementa": "\"Aulas de M\u00fasica e Instrumentos\""}, {"id": "1305", "ano": "2013", "numero": "171", "tipo__sigla": "IND", "tipo__descricao": "Indica\u00e7\u00e3o", "autoria": "KAIO BALTHAZAR", "texto_original": "http://sapl.engenheiropaulodefrontin.rj.leg.br/media/sapl/public/materialegislativa/2013/1305/ind-2013_171.pdf", "ementa": "\"Reparos e Atualiza\u00e7\u00e3o de Equipamentos\""}, {"id": "1093", "ano": "2013", "numero": "175", "tipo__sigla": "IND", "tipo__descricao": "Indica\u00e7\u00e3o", "autoria": "SANDRO FERREIRA (Deca)", "texto_original": "http://sapl.engenheiropaulodefrontin.rj.leg.br/media/sapl/public/materialegislativa/2013/1093/ind175-13_000138.pdf", "ementa": "\"A coloca\u00e7\u00e3o de dois bra\u00e7os de luz na Estrada Sacra Fam\u00edlia, pr\u00f3ximo ao n\u00b0910 .\""}, {"id": "1094", "ano": "2013", "numero": "176", "tipo__sigla": "IND", "tipo__descricao": "Indica\u00e7\u00e3o", "autoria": "SANDRO FERREIRA (Deca)", "texto_original": "http://sapl.engenheiropaulodefrontin.rj.leg.br/media/sapl/public/materialegislativa/2013/1094/ind176-13_000139.pdf", "ementa": "\"Constru\u00e7\u00e3o \u2014 Quadra Palmeira da Serra.\""}, {"id": "1095", "ano": "2013", "numero": "177", "tipo__sigla": "IND", "tipo__descricao": "Indica\u00e7\u00e3o", "autoria": "SANDRO FERREIRA (Deca)", "texto_original": "http://sapl.engenheiropaulodefrontin.rj.leg.br/media/sapl/public/materialegislativa/2013/1095/ind177-13_000140.pdf", "ementa": "\"Reparo nos Vesti\u00e1rios e pinturas, e reparos nas Redes El\u00e9tricas e no Campo, no Bairro Lago Azul\"."}, {"id": "1442", "ano": "2013", "numero": "179", "tipo__sigla": "IND", "tipo__descricao": "Indica\u00e7\u00e3o", "autoria": "", "texto_original": "http://sapl.engenheiropaulodefrontin.rj.leg.br/media/sapl/public/materialegislativa/2013/1442/ind179-13.pdf", "ementa": "Cria\u00e7\u00e3o de Casamentos e Anivers\u00e1rios de 15 anos Comunit\u00e1rios.\" \r\n- Ver. Marcos Eduardo Fontes"}, {"id": "1443", "ano": "2013", "numero": "180", "tipo__sigla": "IND", "tipo__descricao": "Indica\u00e7\u00e3o", "autoria": "", "texto_original": "http://sapl.engenheiropaulodefrontin.rj.leg.br/media/sapl/public/materialegislativa/2013/1443/ind180-13.pdf", "ementa": "\"Cria\u00e7\u00e3o de um Horto Municipal.\"- Ver. Marcos Eduardo Fontes"}, {"id": "1514", "ano": "2013", "numero": "182", "tipo__sigla": "IND", "tipo__descricao": "Indica\u00e7\u00e3o", "autoria": "PROFESSORA M\u00d4NICA BALTHAZAR, ERNESTO LAR\u00c9 (Ernesto da CEDAE)", "texto_original": "http://sapl.engenheiropaulodefrontin.rj.leg.br/media/sapl/public/materialegislativa/2013/1514/ind2013-182_000054.pdf", "ementa": "\"A Amplia\u00e7\u00e3o da unidade utilizando o espa\u00e7o subsolo da escola Aurora Mauricio\""}, {"id": "1515", "ano": "2013", "numero": "186", "tipo__sigla": "IND", "tipo__descricao": "Indica\u00e7\u00e3o", "autoria": "PROFESSORA M\u00d4NICA BALTHAZAR", "texto_original": "http://sapl.engenheiropaulodefrontin.rj.leg.br/media/sapl/public/materialegislativa/2013/1515/ind2013-186_000055.pdf", "ementa": "\"Eleva\u00e7\u00e3o do muro do Col\u00e9gio Estadual Municipalizado Ant\u00f4nio Mauricio\""}, {"id": "1306", "ano": "2013", "numero": "190", "tipo__sigla": "IND", "tipo__descricao": "Indica\u00e7\u00e3o", "autoria": "KAIO BALTHAZAR", "texto_original": "http://sapl.engenheiropaulodefrontin.rj.leg.br/media/sapl/public/materialegislativa/2013/1306/ind-2013_190.pdf", "ementa": "\"Conserto dos brinquedos da Pra\u00e7a Roger Malhardes, Centro.\""}, {"id": "1307", "ano": "2013", "numero": "191", "tipo__sigla": "IND", "tipo__descricao": "Indica\u00e7\u00e3o", "autoria": "KAIO BALTHAZAR", "texto_original": "http://sapl.engenheiropaulodefrontin.rj.leg.br/media/sapl/public/materialegislativa/2013/1307/ind-2013_191.pdf", "ementa": "\"Recapagem Asf\u00e1ltica\""}, {"id": "1308", "ano": "2013", "numero": "192", "tipo__sigla": "IND", "tipo__descricao": "Indica\u00e7\u00e3o", "autoria": "KAIO BALTHAZAR", "texto_original": "http://sapl.engenheiropaulodefrontin.rj.leg.br/media/sapl/public/materialegislativa/2013/1308/ind-2013_192.pdf", "ementa": "\"Troca de L\u00e2mpadas Queimadas\""}, {"id": "1309", "ano": "2013", "numero": "193", "tipo__sigla": "IND", "tipo__descricao": "Indica\u00e7\u00e3o", "autoria": "KAIO BALTHAZAR", "texto_original": "http://sapl.engenheiropaulodefrontin.rj.leg.br/media/sapl/public/materialegislativa/2013/1309/ind-2013_193.pdf", "ementa": "\"Conserto de Refletores\""}, {"id": "1096", "ano": "2013", "numero": "197", "tipo__sigla": "IND", "tipo__descricao": "Indica\u00e7\u00e3o", "autoria": "SANDRO FERREIRA (Deca)", "texto_original": "http://sapl.engenheiropaulodefrontin.rj.leg.br/media/sapl/public/materialegislativa/2013/1096/ind197-13_000141.pdf", "ementa": "\"Coloca\u00e7\u00e3o de placas Indicativas da altura do T\u00fanel sob a linha f\u00e9rrea, no centro.\""}, {"id": "1097", "ano": "2013", "numero": "198", "tipo__sigla": "IND", "tipo__descricao": "Indica\u00e7\u00e3o", "autoria": "SANDRO FERREIRA (Deca)", "texto_original": "http://sapl.engenheiropaulodefrontin.rj.leg.br/media/sapl/public/materialegislativa/2013/1097/ind198-13_000142.pdf", "ementa": "\"Instala\u00e7\u00e3o de telecentro no Bairro Palmeira da Serra.\""}, {"id": "1098", "ano": "2013", "numero": "199", "tipo__sigla": "IND", "tipo__descricao": "Indica\u00e7\u00e3o", "autoria": "SANDRO FERREIRA (Deca)", "texto_original": "http://sapl.engenheiropaulodefrontin.rj.leg.br/media/sapl/public/materialegislativa/2013/1098/ind199-13_000144.pdf", "ementa": "\"Instala\u00e7\u00e3o de aparelhos de gin\u00e1stica ao ar livre no 2\u00b0 Distrito, Sacra Fam\u00edlia do Tingu\u00e1.\""}, {"id": "1099", "ano": "2013", "numero": "200", "tipo__sigla": "IND", "tipo__descricao": "Indica\u00e7\u00e3o", "autoria": "SANDRO FERREIRA (Deca)", "texto_original": "http://sapl.engenheiropaulodefrontin.rj.leg.br/media/sapl/public/materialegislativa/2013/1099/ind200-13_000145.pdf", "ementa": "\"Reforma de abrigo para passageiros \u00e0 Rodovia Luciano Medeiros.\""}, {"id": "1310", "ano": "2013", "numero": "203", "tipo__sigla": "IND", "tipo__descricao": "Indica\u00e7\u00e3o", "autoria": "KAIO BALTHAZAR", "texto_original": "http://sapl.engenheiropaulodefrontin.rj.leg.br/media/sapl/public/materialegislativa/2013/1310/ind-2013_203.pdf", "ementa": "\"Ilumina\u00e7\u00e3o P\u00fablica\""}, {"id": "1311", "ano": "2013", "numero": "204", "tipo__sigla": "IND", "tipo__descricao": "Indica\u00e7\u00e3o", "autoria": "KAIO BALTHAZAR", "texto_original": "http://sapl.engenheiropaulodefrontin.rj.leg.br/media/sapl/public/materialegislativa/2013/1311/ind-2013_204.pdf", "ementa": "\"Ilumina\u00e7\u00e3o P\u00fablica\""}, {"id": "1312", "ano": "2013", "numero": "205", "tipo__sigla": "IND", "tipo__descricao": "Indica\u00e7\u00e3o", "autoria": "KAIO BALTHAZAR", "texto_original": "http://sapl.engenheiropaulodefrontin.rj.leg.br/media/sapl/public/materialegislativa/2013/1312/ind-2013_205.pdf", "ementa": "\"Tel\u00e3o na Pra\u00e7a.\""}, {"id": "1313", "ano": "2013", "numero": "206", "tipo__sigla": "IND", "tipo__descricao": "Indica\u00e7\u00e3o", "autoria": "KAIO BALTHAZAR", "texto_original": "http://sapl.engenheiropaulodefrontin.rj.leg.br/media/sapl/public/materialegislativa/2013/1313/ind-2013_206.pdf", "ementa": "\"Coloca\u00e7\u00e3o de bra\u00e7o de luz \u00e0 estrada RJ- 121, em MorroAzul-3\u00b0Distrito.\""}, {"id": "1444", "ano": "2013", "numero": "207", "tipo__sigla": "IND", "tipo__descricao": "Indica\u00e7\u00e3o", "autoria": "", "texto_original": "http://sapl.engenheiropaulodefrontin.rj.leg.br/media/sapl/public/materialegislativa/2013/1444/ind207-13.pdf", "ementa": "\"Cria\u00e7\u00e3o de Cooperativa do Agricultor no Munic\u00edpio\" \r\n- Ver. Marcos Eduardo Fontes"}, {"id": "1445", "ano": "2013", "numero": "211", "tipo__sigla": "IND", "tipo__descricao": "Indica\u00e7\u00e3o", "autoria": "", "texto_original": "http://sapl.engenheiropaulodefrontin.rj.leg.br/media/sapl/public/materialegislativa/2013/1445/ind211-13.pdf", "ementa": "\"Recupera\u00e7\u00e3o de rua, no bairro Grama.\" \r\n- Ver. Marcos Eduardo Fontes"}, {"id": "1100", "ano": "2013", "numero": "225", "tipo__sigla": "IND", "tipo__descricao": "Indica\u00e7\u00e3o", "autoria": "SANDRO FERREIRA (Deca)", "texto_original": "http://sapl.engenheiropaulodefrontin.rj.leg.br/media/sapl/public/materialegislativa/2013/1100/ind225-13_000146.pdf", "ementa": "\"Instala\u00e7\u00e3o de orelh\u00f5es na Rua Manoel de Almeida, Bairro Borracha.\""}, {"id": "1314", "ano": "2013", "numero": "226", "tipo__sigla": "IND", "tipo__descricao": "Indica\u00e7\u00e3o", "autoria": "KAIO BALTHAZAR", "texto_original": "http://sapl.engenheiropaulodefrontin.rj.leg.br/media/sapl/public/materialegislativa/2013/1314/ind-2013_226.pdf", "ementa": "\"Desassoreamento de rio que passa no Bairro Aguada.\""}, {"id": "1315", "ano": "2013", "numero": "227", "tipo__sigla": "IND", "tipo__descricao": "Indica\u00e7\u00e3o", "autoria": "KAIO BALTHAZAR", "texto_original": "http://sapl.engenheiropaulodefrontin.rj.leg.br/media/sapl/public/materialegislativa/2013/1315/ind-2013_227.pdf", "ementa": "\"Desassoreamento de rio que passa no Bairro Barreira.\""}, {"id": "1316", "ano": "2013", "numero": "228", "tipo__sigla": "IND", "tipo__descricao": "Indica\u00e7\u00e3o", "autoria": "KAIO BALTHAZAR", "texto_original": "http://sapl.engenheiropaulodefrontin.rj.leg.br/media/sapl/public/materialegislativa/2013/1316/ind-2013_228.pdf", "ementa": "\"Servi\u00e7os diversos para o Bairro Gondin.\""}, {"id": "1101", "ano": "2013", "numero": "231", "tipo__sigla": "IND", "tipo__descricao": "Indica\u00e7\u00e3o", "autoria": "SANDRO FERREIRA (Deca)", "texto_original": "http://sapl.engenheiropaulodefrontin.rj.leg.br/media/sapl/public/materialegislativa/2013/1101/ind231-13_000147.pdf", "ementa": "\"Pintura de corrim\u00e3o na Vila Oper\u00e1ria Centro.\""}, {"id": "1317", "ano": "2013", "numero": "233", "tipo__sigla": "IND", "tipo__descricao": "Indica\u00e7\u00e3o", "autoria": "KAIO BALTHAZAR", "texto_original": "http://sapl.engenheiropaulodefrontin.rj.leg.br/media/sapl/public/materialegislativa/2013/1317/ind-2013_233.pdf", "ementa": "\"Coloca\u00e7\u00e3o de Placas Indicativas\""}, {"id": "1318", "ano": "2013", "numero": "236", "tipo__sigla": "IND", "tipo__descricao": "Indica\u00e7\u00e3o", "autoria": "KAIO BALTHAZAR", "texto_original": "http://sapl.engenheiropaulodefrontin.rj.leg.br/media/sapl/public/materialegislativa/2013/1318/ind-2013_236.pdf", "ementa": "\"Ilumina\u00e7\u00e3o P\u00fablica\""}, {"id": "1319", "ano": "2013", "numero": "237", "tipo__sigla": "IND", "tipo__descricao": "Indica\u00e7\u00e3o", "autoria": "KAIO BALTHAZAR", "texto_original": "http://sapl.engenheiropaulodefrontin.rj.leg.br/media/sapl/public/materialegislativa/2013/1319/ind-2013_237.pdf", "ementa": "Reestrutura\u00e7\u00e3o Asf\u00e1ltica de todas as ruas de Morro Azul -3\u00b0 Distrito.'"}, {"id": "1320", "ano": "2013", "numero": "238", "tipo__sigla": "IND", "tipo__descricao": "Indica\u00e7\u00e3o", "autoria": "KAIO BALTHAZAR", "texto_original": "http://sapl.engenheiropaulodefrontin.rj.leg.br/media/sapl/public/materialegislativa/2013/1320/ind-2013_238.pdf", "ementa": "\"Cria\u00e7\u00e3o da Central de Monitoramento e instala\u00e7\u00e3o de C\u00e2meras\""}, {"id": "1321", "ano": "2013", "numero": "240", "tipo__sigla": "IND", "tipo__descricao": "Indica\u00e7\u00e3o", "autoria": "KAIO BALTHAZAR", "texto_original": "http://sapl.engenheiropaulodefrontin.rj.leg.br/media/sapl/public/materialegislativa/2013/1321/ind-2013_240.pdf", "ementa": "Saneamento B\u00e1sico\""}, {"id": "1516", "ano": "2013", "numero": "242", "tipo__sigla": "IND", "tipo__descricao": "Indica\u00e7\u00e3o", "autoria": "PROFESSORA M\u00d4NICA BALTHAZAR", "texto_original": "http://sapl.engenheiropaulodefrontin.rj.leg.br/media/sapl/public/materialegislativa/2013/1516/ind2013-242_000056.pdf", "ementa": "\"Recapeamento asf\u00e1ltico de rua do Bairro Matadouro\""}, {"id": "1322", "ano": "2013", "numero": "250", "tipo__sigla": "IND", "tipo__descricao": "Indica\u00e7\u00e3o", "autoria": "KAIO BALTHAZAR", "texto_original": "http://sapl.engenheiropaulodefrontin.rj.leg.br/media/sapl/public/materialegislativa/2013/1322/ind-2013_250.pdf", "ementa": "\"Mutir\u00e3o de Servi\u00e7os P\u00fablicos\""}, {"id": "1323", "ano": "2013", "numero": "251", "tipo__sigla": "IND", "tipo__descricao": "Indica\u00e7\u00e3o", "autoria": "KAIO BALTHAZAR", "texto_original": "http://sapl.engenheiropaulodefrontin.rj.leg.br/media/sapl/public/materialegislativa/2013/1323/ind-2013_251.pdf", "ementa": "Festival de Ver\u00e3o\""}]}