{"headers": {"id": "ID", "ano": "Ano", "numero": "N\u00famero", "tipo__sigla": "Tipo de Mat\u00e9ria Legislativa/Sigla", "tipo__descricao": "Tipo de Mat\u00e9ria Legislativa/Descri\u00e7\u00e3o", "autoria": "Autorias", "texto_original": "Texto Original", "ementa": "Ementa"}, "results": [{"id": "520", "ano": "2017", "numero": "12", "tipo__sigla": "PLOEx", "tipo__descricao": "Projeto de Lei Ordin\u00e1ria do Executivo", "autoria": "Jauldo Gomes Balthazar Ferreira", "texto_original": "http://sapl.engenheiropaulodefrontin.rj.leg.br/media/sapl/public/materialegislativa/2017/520/pl_1403-2017_0.pdf", "ementa": "Disp\u00f5e sobre a denomina\u00e7\u00e3o e cria\u00e7\u00e3o da Creche Municipal Ant\u00f4nio Mauricio"}, {"id": "521", "ano": "2017", "numero": "13", "tipo__sigla": "PLOEx", "tipo__descricao": "Projeto de Lei Ordin\u00e1ria do Executivo", "autoria": "Jauldo Gomes Balthazar Ferreira", "texto_original": "http://sapl.engenheiropaulodefrontin.rj.leg.br/media/sapl/public/materialegislativa/2017/521/pl_1404-2017_0.pdf", "ementa": "Denomina de \"PREFEITO JAULDO DE SOUZA BALTHAZAR\", Unidade B\u00e1sica de Sa\u00fade em Morro Azul"}, {"id": "509", "ano": "2017", "numero": "14", "tipo__sigla": "PLOLG", "tipo__descricao": "Projeto de Lei Ordin\u00e1ria do Legislativo", "autoria": "MOISES ROCHA", "texto_original": "http://sapl.engenheiropaulodefrontin.rj.leg.br/media/sapl/public/materialegislativa/2017/509/pl_1384-2017_0.pdf", "ementa": "D\u00e1 Denomina\u00e7\u00e3o a Logradouro P\u00fablico"}, {"id": "493", "ano": "2017", "numero": "19", "tipo__sigla": "PLOLG", "tipo__descricao": "Projeto de Lei Ordin\u00e1ria do Legislativo", "autoria": "ALEX PAPA ALVES", "texto_original": "http://sapl.engenheiropaulodefrontin.rj.leg.br/media/sapl/public/materialegislativa/2017/493/pj_1396-2017_0.pdf", "ementa": "Trata de recolhimento de ve\u00edculos abandonados em logradouros p\u00fablicos"}, {"id": "518", "ano": "2017", "numero": "20", "tipo__sigla": "PLOLG", "tipo__descricao": "Projeto de Lei Ordin\u00e1ria do Legislativo", "autoria": "MOISES ROCHA", "texto_original": "http://sapl.engenheiropaulodefrontin.rj.leg.br/media/sapl/public/materialegislativa/2017/518/pl_1397-2017_0.pdf", "ementa": "D\u00e1 denomina\u00e7\u00e3o a Logradouro P\u00fablico - Fica denominada \"Manoel Marques\", a \"rua sem sa\u00edda\", que se inicia na Rua Arlindo Nunes, 686 (Km 0,7 da Estrada RJ-I29, curva do \"S\") no centro de Engenheiro Paulo de Frontin \u2014 1\u00ba Distrito"}, {"id": "495", "ano": "2017", "numero": "22", "tipo__sigla": "PLOLG", "tipo__descricao": "Projeto de Lei Ordin\u00e1ria do Legislativo", "autoria": "ALEX PAPA ALVES", "texto_original": "http://sapl.engenheiropaulodefrontin.rj.leg.br/media/sapl/public/materialegislativa/2017/495/pj_1402-2017_0.pdf", "ementa": "Autoriza o Poder Executivo Municipal afirmar conv\u00eanio de parceria com empresas para a constru\u00e7\u00e3o, restaura\u00e7\u00e3o, manuten\u00e7\u00e3o e loca\u00e7\u00e3o de abrigos junto\r\n\u00e0 paradas de \u00f4nibus e d\u00e1 outras provid\u00eancias"}, {"id": "496", "ano": "2017", "numero": "23", "tipo__sigla": "PLOLG", "tipo__descricao": "Projeto de Lei Ordin\u00e1ria do Legislativo", "autoria": "ALEX PAPA ALVES", "texto_original": "http://sapl.engenheiropaulodefrontin.rj.leg.br/media/sapl/public/materialegislativa/2017/496/pj_1420-2017_0.pdf", "ementa": "INSTITUI O PROGRAMA DE ADO\u00c7\u00c3O DE PRA\u00c7AS P\u00daBLICAS DE LAZER E DE ESPORTES E \u00c1REAS VERDES"}, {"id": "531", "ano": "2017", "numero": "24", "tipo__sigla": "PLOLG", "tipo__descricao": "Projeto de Lei Ordin\u00e1ria do Legislativo", "autoria": "KAIO BALTHAZAR", "texto_original": "http://sapl.engenheiropaulodefrontin.rj.leg.br/media/sapl/public/materialegislativa/2017/531/pl_1422-2017_0.pdf", "ementa": "D\u00e1 Denomina\u00e7\u00e3o a Logradouro P\u00fablico - Fica denominada \"Wilson Maur\u00edcio\", a \"rua projetada\" que liga a estrada RJ-129 \u2014 (Km 2,3) \u00e0 Avenida Ant\u00f4nio Mauricio (Km 1,2) no 1\u00b0 Distrito do Munic\u00edpio de Engenheiro Paulo de Frontin"}, {"id": "498", "ano": "2017", "numero": "27", "tipo__sigla": "PLOLG", "tipo__descricao": "Projeto de Lei Ordin\u00e1ria do Legislativo", "autoria": "ALEX PAPA ALVES", "texto_original": "http://sapl.engenheiropaulodefrontin.rj.leg.br/media/sapl/public/materialegislativa/2017/498/pj_1434-2017_0.pdf", "ementa": "DISP\u00d5E SOBRE A OBRIGATORIEDADE DE REMO\u00c7\u00c3O DOS CABOS E FIA\u00c7\u00c3O A\u00c9REA, EXCEDENTES E SEU USO, INSTALADOS POR CONCESSIONARIAS QUE OPERAM OU UTILIZAM A REDE A\u00c9REA DENTRO DAS DIVISAS TERRITORIAIS DO MUNIC\u00cdPIO DE ENGENHEIRO PAULO DE FRONTIN E D\u00c1 OUTRAS PROVID\u00caNCIAS"}, {"id": "552", "ano": "2017", "numero": "2", "tipo__sigla": "PRESO", "tipo__descricao": "Projeto de Resolu\u00e7\u00e3o", "autoria": "ALEX PAPA ALVES", "texto_original": "http://sapl.engenheiropaulodefrontin.rj.leg.br/media/sapl/public/materialegislativa/2017/552/pr_495-2017_0.pdf", "ementa": "Autoriza ao Munic\u00edpio de Engenheiro Paulo de Frontin a incorporar ao seu territ\u00f3rio os bairros Ramalho, S\u00e3o Louren\u00e7o e Pacheco, pertencentes ao Munic\u00edpio de Paracambi, e d\u00e1 outras provid\u00eancias"}]}