{"headers": {"id": "ID", "ano": "Ano", "numero": "N\u00famero", "tipo__sigla": "Tipo de Mat\u00e9ria Legislativa/Sigla", "tipo__descricao": "Tipo de Mat\u00e9ria Legislativa/Descri\u00e7\u00e3o", "autoria": "Autorias", "texto_original": "Texto Original", "ementa": "Ementa"}, "results": [{"id": "510", "ano": "2017", "numero": "6", "tipo__sigla": "PLC", "tipo__descricao": "Projeto de Lei Complementar", "autoria": "Jauldo Gomes Balthazar Ferreira", "texto_original": "http://sapl.engenheiropaulodefrontin.rj.leg.br/media/sapl/public/materialegislativa/2017/510/pl_1385-2017_0.pdf", "ementa": "ALTERA O REGIME CELETISTA DOS SERVIDORES APROVADOS EM CONCURSO P\u00daBLICO PARA 0 REGIME ESTATUT\u00c1RIO E D\u00c1 OUTRAS PROVID\u00caNCIAS"}, {"id": "502", "ano": "2017", "numero": "1", "tipo__sigla": "PLOEx", "tipo__descricao": "Projeto de Lei Ordin\u00e1ria do Executivo", "autoria": "Jauldo Gomes Balthazar Ferreira", "texto_original": "http://sapl.engenheiropaulodefrontin.rj.leg.br/media/sapl/public/materialegislativa/2017/502/pl_1373-2017_0.pdf", "ementa": "Disp\u00f5e sobre a reestrutura\u00e7\u00e3o administrativa dos \u00f3rg\u00e3os da administra\u00e7\u00e3o direta do Poder Executivo da Prefeitura de Paulo de Frontin, Cria, Transforma e\r\nExtingue Cargos em Comiss\u00e3o e d\u00e1 outras provid\u00eancias"}, {"id": "519", "ano": "2017", "numero": "11", "tipo__sigla": "PLOEx", "tipo__descricao": "Projeto de Lei Ordin\u00e1ria do Executivo", "autoria": "Jauldo Gomes Balthazar Ferreira", "texto_original": "http://sapl.engenheiropaulodefrontin.rj.leg.br/media/sapl/public/materialegislativa/2017/519/pl_1399-2017_0.pdf", "ementa": "Altera a Lei 1191, de 29 de dezembro de 2015, e d\u00e1 outras provid\u00eancias"}, {"id": "526", "ano": "2017", "numero": "18", "tipo__sigla": "PLOEx", "tipo__descricao": "Projeto de Lei Ordin\u00e1ria do Executivo", "autoria": "Jauldo Gomes Balthazar Ferreira", "texto_original": "http://sapl.engenheiropaulodefrontin.rj.leg.br/media/sapl/public/materialegislativa/2017/526/pl_1412-2017_0.pdf", "ementa": "Regulamenta o auxilio-transporte municipal e d\u00e1 outras provid\u00eancias"}, {"id": "533", "ano": "2017", "numero": "23", "tipo__sigla": "PLOEx", "tipo__descricao": "Projeto de Lei Ordin\u00e1ria do Executivo", "autoria": "Jauldo Gomes Balthazar Ferreira", "texto_original": "http://sapl.engenheiropaulodefrontin.rj.leg.br/media/sapl/public/materialegislativa/2017/533/pl_1424-2017_0.pdf", "ementa": "Autoriza o Poder Executivo Municipal a repassar aos Agentes Comunit\u00e1rios de Sa\u00fade e Agentes de Combate a Endemias, incentivo financeiro adicional e da outras provid\u00eancias"}, {"id": "541", "ano": "2017", "numero": "31", "tipo__sigla": "PLOEx", "tipo__descricao": "Projeto de Lei Ordin\u00e1ria do Executivo", "autoria": "Jauldo Gomes Balthazar Ferreira", "texto_original": "http://sapl.engenheiropaulodefrontin.rj.leg.br/media/sapl/public/materialegislativa/2017/541/pl_1432-2017_0.pdf", "ementa": "Altera os membros do Conselho Municipal de Sa\u00fade \u2014 CMS"}, {"id": "544", "ano": "2017", "numero": "34", "tipo__sigla": "PLOEx", "tipo__descricao": "Projeto de Lei Ordin\u00e1ria do Executivo", "autoria": "Jauldo Gomes Balthazar Ferreira", "texto_original": "http://sapl.engenheiropaulodefrontin.rj.leg.br/media/sapl/public/materialegislativa/2017/544/pl_1437-2017_0.pdf", "ementa": "Revoga Lei Municipal n\u00b0 1.258 e d\u00e1 outras provid\u00eancias"}, {"id": "513", "ano": "2017", "numero": "16", "tipo__sigla": "PLOLG", "tipo__descricao": "Projeto de Lei Ordin\u00e1ria do Legislativo", "autoria": "JULIO CESAR SERENO", "texto_original": "http://sapl.engenheiropaulodefrontin.rj.leg.br/media/sapl/public/materialegislativa/2017/513/pl_1388-2017_01.pdf", "ementa": "Autoriza o chefe do Poder Executivo e Legislativo Municipal a conceder 01 (um) dia de folga remunerada aos servidores p\u00fablicos Municipais efetivos, na data de seus respectivos anivers\u00e1rios e d\u00e1 outras provid\u00eancias"}, {"id": "497", "ano": "2017", "numero": "26", "tipo__sigla": "PLOLG", "tipo__descricao": "Projeto de Lei Ordin\u00e1ria do Legislativo", "autoria": "ALEX PAPA ALVES", "texto_original": "http://sapl.engenheiropaulodefrontin.rj.leg.br/media/sapl/public/materialegislativa/2017/497/pj_1433-2017_0.pdf", "ementa": "INSTITUI A POLITICA MUNICIPAL DE PREVEN\u00c7\u00c3O AS DOEN\u00c7AS OCUPACIONAIS"}]}