{"headers": {"id": "ID", "ano": "Ano", "numero": "N\u00famero", "tipo__sigla": "Tipo de Mat\u00e9ria Legislativa/Sigla", "tipo__descricao": "Tipo de Mat\u00e9ria Legislativa/Descri\u00e7\u00e3o", "autoria": "Autorias", "texto_original": "Texto Original", "ementa": "Ementa"}, "results": [{"id": "351", "ano": "2019", "numero": "18", "tipo__sigla": "PLOEx", "tipo__descricao": "Projeto de Lei Ordin\u00e1ria do Executivo", "autoria": "Jauldo Gomes Balthazar Ferreira", "texto_original": "http://sapl.engenheiropaulodefrontin.rj.leg.br/media/sapl/public/materialegislativa/2019/351/pl_1557-2019_0.pdf", "ementa": "Autoriza a abertura de CR\u00c9DITO ESPECIAL do FUNDO MUNICIPAL DE ASSIST\u00caNCIA SOCIAL e d\u00e1 outras provid\u00eancias"}, {"id": "389", "ano": "2019", "numero": "51", "tipo__sigla": "PLOEx", "tipo__descricao": "Projeto de Lei Ordin\u00e1ria do Executivo", "autoria": "Jauldo Gomes Balthazar Ferreira", "texto_original": "http://sapl.engenheiropaulodefrontin.rj.leg.br/media/sapl/public/materialegislativa/2019/389/pl_1606-2019_0.pdf", "ementa": "Autoriza a abertura de CR\u00c9DITO POR EXCESSO DE ARRECADA\u00c7\u00c3O do FUNDO MUNICIPAL DE ASSIST\u00caNCIA SOCIAL e d\u00e1 outras provid\u00eancias"}, {"id": "391", "ano": "2019", "numero": "53", "tipo__sigla": "PLOEx", "tipo__descricao": "Projeto de Lei Ordin\u00e1ria do Executivo", "autoria": "Jauldo Gomes Balthazar Ferreira", "texto_original": "http://sapl.engenheiropaulodefrontin.rj.leg.br/media/sapl/public/materialegislativa/2019/391/pl_1608-2019_0.pdf", "ementa": "Autoriza a abertura de CR\u00c9DITO POR EXCESSO DE ARRECADA\u00c7\u00c3O do FUNDO MUNICIPAL DE ASSIST\u00caNCIA SOCIAL e d\u00e1 outras provid\u00eancias"}, {"id": "399", "ano": "2019", "numero": "60", "tipo__sigla": "PLOEx", "tipo__descricao": "Projeto de Lei Ordin\u00e1ria do Executivo", "autoria": "Jauldo Gomes Balthazar Ferreira", "texto_original": "http://sapl.engenheiropaulodefrontin.rj.leg.br/media/sapl/public/materialegislativa/2019/399/pl_1618-2019_0.pdf", "ementa": "Autoriza a abertura de CR\u00c9DITO POR EXCESSO DE ARRECADA\u00c7\u00c3O do FUNDO MUNICIPAL DE ASSIST\u00caNCIA SOCIAL e d\u00e1 outras provid\u00eancias"}]}