{"headers": {"id": "ID", "ano": "Ano", "numero": "N\u00famero", "tipo__sigla": "Tipo de Mat\u00e9ria Legislativa/Sigla", "tipo__descricao": "Tipo de Mat\u00e9ria Legislativa/Descri\u00e7\u00e3o", "autoria": "Autorias", "texto_original": "Texto Original", "ementa": "Ementa"}, "results": [{"id": "339", "ano": "2019", "numero": "1", "tipo__sigla": "PLOLG", "tipo__descricao": "Projeto de Lei Ordin\u00e1ria do Legislativo", "autoria": "ALEX PAPA ALVES", "texto_original": "http://sapl.engenheiropaulodefrontin.rj.leg.br/media/sapl/public/materialegislativa/2019/339/pl_1542-2019_0.pdf", "ementa": "VEDA A NOMEA\u00c7\u00c3O PARA CARGOS EM COMISS\u00c3O DE PESSOAS QUE TENHAM SIDO CONDENADAS PELA LEI FEDERAL N\u00b0 11.340"}, {"id": "353", "ano": "2019", "numero": "9", "tipo__sigla": "PLOLG", "tipo__descricao": "Projeto de Lei Ordin\u00e1ria do Legislativo", "autoria": "ALEX PAPA ALVES", "texto_original": "http://sapl.engenheiropaulodefrontin.rj.leg.br/media/sapl/public/materialegislativa/2019/353/pl_1562-2019_0.pdf", "ementa": "Estabelece medidas e procedimentos para os casos de viol\u00eancia contra profissionais da educa\u00e7\u00e3o ocorridos no \u00e2mbito das escolas p\u00fablicas municipais e cria o Sistema de informa\u00e7\u00f5es sobre viol\u00eancia nas Escolas"}, {"id": "398", "ano": "2019", "numero": "19", "tipo__sigla": "PLOLG", "tipo__descricao": "Projeto de Lei Ordin\u00e1ria do Legislativo", "autoria": "KAIO BALTHAZAR", "texto_original": "http://sapl.engenheiropaulodefrontin.rj.leg.br/media/sapl/public/materialegislativa/2019/398/pl_1617-2019_0.pdf", "ementa": "Fica autorizada a Cria\u00e7\u00e3o do 'Projeto Guarda Mirim' no \u00e2mbito do Munic\u00edpio de Engenheiro Paulo de Frontin e d\u00e1 outras provid\u00eancias"}]}