{"headers": {"id": "ID", "ano": "Ano", "numero": "N\u00famero", "tipo__sigla": "Tipo de Mat\u00e9ria Legislativa/Sigla", "tipo__descricao": "Tipo de Mat\u00e9ria Legislativa/Descri\u00e7\u00e3o", "autoria": "Autorias", "texto_original": "Texto Original", "ementa": "Ementa"}, "results": [{"id": "658", "ano": "2022", "numero": "1", "tipo__sigla": "PLOEx", "tipo__descricao": "Projeto de Lei Ordin\u00e1ria do Executivo", "autoria": "Jose Emmanoel Rodrigues Artemenko", "texto_original": "http://sapl.engenheiropaulodefrontin.rj.leg.br/media/sapl/public/materialegislativa/2022/658/pl_001-2022_-_executivo_0.pdf", "ementa": "Abre cr\u00e9dito suplementar e especial no valor de R$542.401,87 ao or\u00e7amento Programa em Vigor, considerando a tend\u00eancia de excesso de arrecada\u00e7\u00e3o do exerc\u00edcio."}, {"id": "659", "ano": "2022", "numero": "2", "tipo__sigla": "PLOEx", "tipo__descricao": "Projeto de Lei Ordin\u00e1ria do Executivo", "autoria": "Jose Emmanoel Rodrigues Artemenko", "texto_original": "http://sapl.engenheiropaulodefrontin.rj.leg.br/media/sapl/public/materialegislativa/2022/659/pl_002-2022_-_executivo_0.pdf", "ementa": "Institui a cria\u00e7\u00e3o do escrit\u00f3rio de representa\u00e7\u00e3o do municipio de Engenheiro Paulo de Frontin na Capital Federal do Brasil."}, {"id": "660", "ano": "2022", "numero": "3", "tipo__sigla": "PLOEx", "tipo__descricao": "Projeto de Lei Ordin\u00e1ria do Executivo", "autoria": "Jose Emmanoel Rodrigues Artemenko", "texto_original": "http://sapl.engenheiropaulodefrontin.rj.leg.br/media/sapl/public/materialegislativa/2022/660/pl_003-2022_-_executivo_0.pdf", "ementa": "Ratifica a Lei Municipal n\u00ba 13.43/2019"}, {"id": "661", "ano": "2022", "numero": "4", "tipo__sigla": "PLOEx", "tipo__descricao": "Projeto de Lei Ordin\u00e1ria do Executivo", "autoria": "Jose Emmanoel Rodrigues Artemenko", "texto_original": "http://sapl.engenheiropaulodefrontin.rj.leg.br/media/sapl/public/materialegislativa/2022/661/pl_004-2022_-_executivo_0.pdf", "ementa": "Autoriza a abertura de Cr\u00e9dito Especial por Super\u00e1vit de exerc\u00edcio anterior do Fundo Municipal de assist\u00eancia Social e d\u00e1 outras provid\u00eancias."}, {"id": "662", "ano": "2022", "numero": "5", "tipo__sigla": "PLOEx", "tipo__descricao": "Projeto de Lei Ordin\u00e1ria do Executivo", "autoria": "Jose Emmanoel Rodrigues Artemenko", "texto_original": "http://sapl.engenheiropaulodefrontin.rj.leg.br/media/sapl/public/materialegislativa/2022/662/projeto_de_lei_005_poder_executivo.pdf", "ementa": "Abertura de cr\u00e9dito especial no valor de R$ 3.000,000,00, para custeio de a\u00e7\u00f5es dentro do Programa de Promo\u00e7\u00e3o \u00e0 Equidade."}, {"id": "663", "ano": "2022", "numero": "6", "tipo__sigla": "PLOEx", "tipo__descricao": "Projeto de Lei Ordin\u00e1ria do Executivo", "autoria": "Jose Emmanoel Rodrigues Artemenko", "texto_original": "http://sapl.engenheiropaulodefrontin.rj.leg.br/media/sapl/public/materialegislativa/2022/663/projeto_de_lei_006_executivo.pdf", "ementa": "Autoriza a abertura de cr\u00e9dito especial no valor de R$ 188.642,00 referentes a Emendas Parlamentares para estrutura\u00e7\u00e3o de Unidades de Aten\u00e7\u00e3o Especializada.\u00b4"}, {"id": "664", "ano": "2022", "numero": "7", "tipo__sigla": "PLOEx", "tipo__descricao": "Projeto de Lei Ordin\u00e1ria do Executivo", "autoria": "Jose Emmanoel Rodrigues Artemenko", "texto_original": "http://sapl.engenheiropaulodefrontin.rj.leg.br/media/sapl/public/materialegislativa/2022/664/projeto_de_lei_007_-_ldo.pdf", "ementa": "DISP\u00d5E SOBRE AS DIRETRIZES OR\u00c7AMENT\u00c1RIA PARA 2023 E D\u00c1 OUTRAS PROVID\u00caNCIAS."}, {"id": "665", "ano": "2022", "numero": "8", "tipo__sigla": "PLOEx", "tipo__descricao": "Projeto de Lei Ordin\u00e1ria do Executivo", "autoria": "Jose Emmanoel Rodrigues Artemenko", "texto_original": "http://sapl.engenheiropaulodefrontin.rj.leg.br/media/sapl/public/materialegislativa/2022/665/pl_008-2022_-_executivo_0.pdf", "ementa": "Que visa sobre a cria\u00e7\u00e3o de cargo de Medidor de Atividades Educacionais,  para atender a educa\u00e7\u00e3o b\u00e1sica da rede municipal."}, {"id": "666", "ano": "2022", "numero": "9", "tipo__sigla": "PLOEx", "tipo__descricao": "Projeto de Lei Ordin\u00e1ria do Executivo", "autoria": "Jose Emmanoel Rodrigues Artemenko", "texto_original": "http://sapl.engenheiropaulodefrontin.rj.leg.br/media/sapl/public/materialegislativa/2022/666/projeto_de_lei-_mens_009.pdf", "ementa": "Autoriza a abertura de cr\u00e9dito adicional suplementar ao or\u00e7amento vigente, no valor de R$ 81.722,15."}, {"id": "667", "ano": "2022", "numero": "10", "tipo__sigla": "PLOEx", "tipo__descricao": "Projeto de Lei Ordin\u00e1ria do Executivo", "autoria": "Jose Emmanoel Rodrigues Artemenko", "texto_original": "http://sapl.engenheiropaulodefrontin.rj.leg.br/media/sapl/public/materialegislativa/2022/667/projeto_de_lei-_mens_10.pdf", "ementa": "Que autoriza a abertura de cr\u00e9dito adicional suplementar ao vigente or\u00e7amento no valor de R$ 240.739,60."}, {"id": "668", "ano": "2022", "numero": "11", "tipo__sigla": "PLOEx", "tipo__descricao": "Projeto de Lei Ordin\u00e1ria do Executivo", "autoria": "Jose Emmanoel Rodrigues Artemenko", "texto_original": "http://sapl.engenheiropaulodefrontin.rj.leg.br/media/sapl/public/materialegislativa/2022/668/projeto_de_lei_-mens_11.pdf", "ementa": "Que autoriza a abertura de cr\u00e9dito adicional suplementar ao vigente or\u00e7amento no valor de R$ 3.595.800,23."}, {"id": "669", "ano": "2022", "numero": "12", "tipo__sigla": "PLOEx", "tipo__descricao": "Projeto de Lei Ordin\u00e1ria do Executivo", "autoria": "Jose Emmanoel Rodrigues Artemenko", "texto_original": "http://sapl.engenheiropaulodefrontin.rj.leg.br/media/sapl/public/materialegislativa/2022/669/projetob_de_lei-_mens_12.pdf", "ementa": "Que autoriza a abertura de cr\u00e9dito adicional suplementar ao vigente or\u00e7amento no valor de R$ 10.531.676,76"}, {"id": "670", "ano": "2022", "numero": "13", "tipo__sigla": "PLOEx", "tipo__descricao": "Projeto de Lei Ordin\u00e1ria do Executivo", "autoria": "Jose Emmanoel Rodrigues Artemenko", "texto_original": "http://sapl.engenheiropaulodefrontin.rj.leg.br/media/sapl/public/materialegislativa/2022/670/projeto_de_lei_013-22_executivo_000106.pdf", "ementa": "Que institui o Plano de de cargos,  carreiras e remunera\u00e7\u00e3o dos servidores p\u00fablicos do munic\u00edpio e agente de sa\u00fade e c. pandemia."}, {"id": "671", "ano": "2022", "numero": "14", "tipo__sigla": "PLOEx", "tipo__descricao": "Projeto de Lei Ordin\u00e1ria do Executivo", "autoria": "Jose Emmanoel Rodrigues Artemenko", "texto_original": "http://sapl.engenheiropaulodefrontin.rj.leg.br/media/sapl/public/materialegislativa/2022/671/projeto_de_lei014-_executivo.pdf", "ementa": "Que visa sobre aprova\u00e7\u00e3o do Plano Municipal de Aten\u00e7\u00e3o a Primeira Inf\u00e2ncia."}, {"id": "672", "ano": "2022", "numero": "15", "tipo__sigla": "PLOEx", "tipo__descricao": "Projeto de Lei Ordin\u00e1ria do Executivo", "autoria": "Jose Emmanoel Rodrigues Artemenko", "texto_original": "http://sapl.engenheiropaulodefrontin.rj.leg.br/media/sapl/public/materialegislativa/2022/672/pl_015-2022_-_executivo_0.pdf", "ementa": "Que visa sobre  altera\u00e7\u00e3o salarial dos recreacionistas deste munic\u00edpio, bem como denomina a categoria como \" Apoio a Doc\u00eancia\". Conforme abaixo:"}, {"id": "673", "ano": "2022", "numero": "16", "tipo__sigla": "PLOEx", "tipo__descricao": "Projeto de Lei Ordin\u00e1ria do Executivo", "autoria": "Jose Emmanoel Rodrigues Artemenko", "texto_original": "http://sapl.engenheiropaulodefrontin.rj.leg.br/media/sapl/public/materialegislativa/2022/673/projeto_de_lei_016-22_executivo.pdf", "ementa": "Abertura de cr\u00e9dito adicional especial no valor de R$ 858.334,71, referente excesso de arrecada\u00e7\u00e3o da transpar\u00eancia do Fundo Nacional de assist\u00eancia Social - FNAS."}, {"id": "674", "ano": "2022", "numero": "17", "tipo__sigla": "PLOEx", "tipo__descricao": "Projeto de Lei Ordin\u00e1ria do Executivo", "autoria": "Jose Emmanoel Rodrigues Artemenko", "texto_original": "http://sapl.engenheiropaulodefrontin.rj.leg.br/media/sapl/public/materialegislativa/2022/674/projeto_de_lei_013-22_executivo_000107.pdf", "ementa": "Que visa sobre a cria\u00e7\u00e3o de n\u00edvel especial na tabela salarial os cargos  e sal\u00e1rios dos servidores p\u00fablicos deste poder executivo municipal."}, {"id": "702", "ano": "2022", "numero": "18", "tipo__sigla": "PLOEx", "tipo__descricao": "Projeto de Lei Ordin\u00e1ria do Executivo", "autoria": "Jose Emmanoel Rodrigues Artemenko", "texto_original": "http://sapl.engenheiropaulodefrontin.rj.leg.br/media/sapl/public/materialegislativa/2022/702/pl_018_000157.pdf", "ementa": "Abertura de cr\u00e9dito especial, no valor de R$ 2.254.643,00 referente a a\u00e7\u00e3o de incremento Tempor\u00e1rio ao Custeio dos Servi\u00e7os de Aten\u00e7\u00e3o Prim\u00e1ria em Sa\u00fade."}, {"id": "703", "ano": "2022", "numero": "19", "tipo__sigla": "PLOEx", "tipo__descricao": "Projeto de Lei Ordin\u00e1ria do Executivo", "autoria": "Jose Emmanoel Rodrigues Artemenko", "texto_original": "http://sapl.engenheiropaulodefrontin.rj.leg.br/media/sapl/public/materialegislativa/2022/703/pl_019_000155.pdf", "ementa": "Abertura de Cr\u00e9dito especial, no valor de R$ 320.322,00 referente a a\u00e7\u00e3o Incremento Tempor\u00e1rio ao Custeio dos Servi\u00e7os de Assist\u00eancia Hospitalar e Ambulatorial da M\u00e9dia e Alta Complexidade."}, {"id": "909", "ano": "2022", "numero": "23", "tipo__sigla": "PLOEx", "tipo__descricao": "Projeto de Lei Ordin\u00e1ria do Executivo", "autoria": "Jose Emmanoel Rodrigues Artemenko", "texto_original": "http://sapl.engenheiropaulodefrontin.rj.leg.br/media/sapl/public/materialegislativa/2022/909/pl_023-024_de_2022_executivo_0001.pdf", "ementa": "\"Regulamenta o sistema municipal de licenciamento ambiental e cria taxas referentes aos instrumentos de controle ambiental (licen\u00e7as, autoriza\u00e7\u00f5es, certid\u00f5es e outros)\""}, {"id": "908", "ano": "2022", "numero": "24", "tipo__sigla": "PLOEx", "tipo__descricao": "Projeto de Lei Ordin\u00e1ria do Executivo", "autoria": "Jose Emmanoel Rodrigues Artemenko", "texto_original": "http://sapl.engenheiropaulodefrontin.rj.leg.br/media/sapl/public/materialegislativa/2022/908/projeto_de_lei_024_000185.pdf", "ementa": "\"Autoriza a abertura de cr\u00e9dito adicional especial ao or\u00e7amento vigente, no valor de R$2.859.682,00 (dois milh\u00f5es, oitocentos e cinquenta e nove mil e seiscentos e oitenta e dois mil reais)\""}, {"id": "910", "ano": "2022", "numero": "25", "tipo__sigla": "PLOEx", "tipo__descricao": "Projeto de Lei Ordin\u00e1ria do Executivo", "autoria": "Jose Emmanoel Rodrigues Artemenko", "texto_original": "http://sapl.engenheiropaulodefrontin.rj.leg.br/media/sapl/public/materialegislativa/2022/910/pl_025_000189.pdf", "ementa": "\"Institui a Lei Geral dos Pequenos Neg\u00f3cios do munic\u00edpio de Engenheiro Paulo de Frontin e d\u00e1 outras provid\u00eancias.\""}, {"id": "911", "ano": "2022", "numero": "26", "tipo__sigla": "PLOEx", "tipo__descricao": "Projeto de Lei Ordin\u00e1ria do Executivo", "autoria": "Jose Emmanoel Rodrigues Artemenko", "texto_original": "http://sapl.engenheiropaulodefrontin.rj.leg.br/media/sapl/public/materialegislativa/2022/911/pl_026-22_executivo_0001.pdf", "ementa": "\"Disp\u00f5e sobre a cria\u00e7\u00e3o do Conselho Municipal da Juventude e do Fundo Municipal da Juventude.\""}, {"id": "1701", "ano": "2022", "numero": "28", "tipo__sigla": "PLOEx", "tipo__descricao": "Projeto de Lei Ordin\u00e1ria do Executivo", "autoria": "Jose Emmanoel Rodrigues Artemenko", "texto_original": "http://sapl.engenheiropaulodefrontin.rj.leg.br/media/sapl/public/materialegislativa/2022/1701/pl_028-22_executivo_0001.pdf", "ementa": "\"Altera artigo 23 da Lei Municipal 1173/2015.\""}, {"id": "914", "ano": "2022", "numero": "30", "tipo__sigla": "PLOEx", "tipo__descricao": "Projeto de Lei Ordin\u00e1ria do Executivo", "autoria": "Jose Emmanoel Rodrigues Artemenko", "texto_original": "http://sapl.engenheiropaulodefrontin.rj.leg.br/media/sapl/public/materialegislativa/2022/914/pl_030-22_executivo_0001.pdf", "ementa": "\"Altera e acrescenta dispositivos \u00e0 Lei Municipal n\u00ba 1285 de 15 de junho de 2018 e d\u00e1 outras provid\u00eancias.\""}, {"id": "915", "ano": "2022", "numero": "31", "tipo__sigla": "PLOEx", "tipo__descricao": "Projeto de Lei Ordin\u00e1ria do Executivo", "autoria": "Jose Emmanoel Rodrigues Artemenko", "texto_original": "http://sapl.engenheiropaulodefrontin.rj.leg.br/media/sapl/public/materialegislativa/2022/915/pl_031-22_executivo_0001.pdf", "ementa": "\"Autoriza a abertura de cr\u00e9dito adicional especial ao or\u00e7amento vigente no valor de R$1.000.000,00 (um milh\u00e3o de reais).\""}, {"id": "608", "ano": "2022", "numero": "1", "tipo__sigla": "PLOLG", "tipo__descricao": "Projeto de Lei Ordin\u00e1ria do Legislativo", "autoria": "JULIO CESAR SERENO", "texto_original": "http://sapl.engenheiropaulodefrontin.rj.leg.br/media/sapl/public/materialegislativa/2022/608/pl_leg_001-2022.pdf", "ementa": "Disp\u00f5e sobre a proibi\u00e7\u00e3o da queima e soltura de fogos de artificio e artefatos pirot\u00e9cnicos que produzam polui\u00e7\u00e3o sonora e estampidos no Munic\u00edpio de Engenheiro Paulo de Frontin."}, {"id": "603", "ano": "2022", "numero": "2", "tipo__sigla": "PLOLG", "tipo__descricao": "Projeto de Lei Ordin\u00e1ria do Legislativo", "autoria": "JULIO CESAR SERENO", "texto_original": "http://sapl.engenheiropaulodefrontin.rj.leg.br/media/sapl/public/materialegislativa/2022/603/cci_000014.pdf", "ementa": "Institui a divulga\u00e7\u00e3o da listagem dos medicamentos dispon\u00edveis e em falta na rede p\u00fablica municipal de Sa\u00fade."}, {"id": "604", "ano": "2022", "numero": "3", "tipo__sigla": "PLOLG", "tipo__descricao": "Projeto de Lei Ordin\u00e1ria do Legislativo", "autoria": "JULIO CESAR SERENO", "texto_original": "http://sapl.engenheiropaulodefrontin.rj.leg.br/media/sapl/public/materialegislativa/2022/604/cci_000015.pdf", "ementa": "Disp\u00f5e sobre vaga em creche para crian\u00e7a filha ou filho de mulher vitima de viol\u00eancia dom\u00e9stica, de natureza f\u00edsica, sexual, moral, psicol\u00f3gica ou patrimonial, no munic\u00edpio de Engenheiro Paulo de Frontin."}, {"id": "605", "ano": "2022", "numero": "4", "tipo__sigla": "PLOLG", "tipo__descricao": "Projeto de Lei Ordin\u00e1ria do Legislativo", "autoria": "JULIO CESAR SERENO", "texto_original": "http://sapl.engenheiropaulodefrontin.rj.leg.br/media/sapl/public/materialegislativa/2022/605/cci_000016.pdf", "ementa": "Disp\u00f5e sobre a publica\u00e7\u00e3o, na internet, da lista de espera dos pacientes que aguardam por consultas (discriminadas por especialidade), exames e interven\u00e7\u00f5es cir\u00fargicas e outros procedimentos nos estabelecimentos da rede p\u00fablica de sa\u00fade do munic\u00edpio, e das outras provid\u00eancias."}, {"id": "606", "ano": "2022", "numero": "5", "tipo__sigla": "PLOLG", "tipo__descricao": "Projeto de Lei Ordin\u00e1ria do Legislativo", "autoria": "JULIO CESAR SERENO", "texto_original": "http://sapl.engenheiropaulodefrontin.rj.leg.br/media/sapl/public/materialegislativa/2022/606/cci_000017.pdf", "ementa": "Institui a divulga\u00e7\u00e3o da listagem dos medicamentos dispon\u00edveis e em falta na rede p\u00fablica municipal de Sa\u00fade."}, {"id": "607", "ano": "2022", "numero": "6", "tipo__sigla": "PLOLG", "tipo__descricao": "Projeto de Lei Ordin\u00e1ria do Legislativo", "autoria": "JULIO CESAR SERENO", "texto_original": "http://sapl.engenheiropaulodefrontin.rj.leg.br/media/sapl/public/materialegislativa/2022/607/cci_000018.pdf", "ementa": "Autoriza a entrada de agentes de endemias em im\u00f3veis abandonados, p\u00fablicos ou privados, no Munic\u00edpio de Engenheiro Paulo de Frontin, quando verificada situa\u00e7\u00e3o de iminente perigo \u00e0 sa\u00fade p\u00fablica pela presen\u00e7a do mosquito transmissor dos v\u00edrus causadores da Dengue; da febre Chikungunya; e da Zika."}, {"id": "638", "ano": "2022", "numero": "7", "tipo__sigla": "PLOLG", "tipo__descricao": "Projeto de Lei Ordin\u00e1ria do Legislativo", "autoria": "JORGE VILELA", "texto_original": "http://sapl.engenheiropaulodefrontin.rj.leg.br/media/sapl/public/materialegislativa/2022/638/projeto_de_lei_007_vilela.pdf", "ementa": "DISP\u00d5E SOBRE A OBRIGATORIEDADE DE REMO\u00c7\u00c3O DOS CABOS E FIA\u00c7\u00c3O A\u00c9REA EXCEDENTES E SEM USO INSTALADO POR PRESTADORES DE SERVI\u00c7OS QUE OPEREM NO MUNICIPIO E DA OUTRAS PROVID\u00caNCIAS"}, {"id": "639", "ano": "2022", "numero": "8", "tipo__sigla": "PLOLG", "tipo__descricao": "Projeto de Lei Ordin\u00e1ria do Legislativo", "autoria": "JORGE VILELA", "texto_original": "http://sapl.engenheiropaulodefrontin.rj.leg.br/media/sapl/public/materialegislativa/2022/639/projeto_de_lei_008_vilela.pdf", "ementa": "DISP\u00d5E SOBRE A OBRIGATORIEDADE DA PRESTA\u00c7\u00c3O DESOCORRO AOS ANIMAIS ATROPELADOS E DA OUTRAS PROVID\u00caNCIAS"}, {"id": "640", "ano": "2022", "numero": "9", "tipo__sigla": "PLOLG", "tipo__descricao": "Projeto de Lei Ordin\u00e1ria do Legislativo", "autoria": "ELIAS DE CASTRO CORREA", "texto_original": "http://sapl.engenheiropaulodefrontin.rj.leg.br/media/sapl/public/materialegislativa/2022/640/projeto_de_lei_009_elias.pdf", "ementa": "Disp\u00f5e sobre a execu\u00e7\u00e3o do Hino Nacional e do Hino do Munic\u00edpio de Engenheiro Paulo de Frontin, nas escolas municipais, conforme especificada"}, {"id": "641", "ano": "2022", "numero": "10", "tipo__sigla": "PLOLG", "tipo__descricao": "Projeto de Lei Ordin\u00e1ria do Legislativo", "autoria": "ELIAS DE CASTRO CORREA", "texto_original": "http://sapl.engenheiropaulodefrontin.rj.leg.br/media/sapl/public/materialegislativa/2022/641/projeto_de_lei_010_elias.pdf", "ementa": "permite a Cria\u00e7\u00e3o de duas Vagas Exclusivas em Frente \u00e0s Escolas P\u00fablicas e Privadas Destinadas ao Estacionamento de Ve\u00edculos do Transporte Escolar."}, {"id": "642", "ano": "2022", "numero": "11", "tipo__sigla": "PLOLG", "tipo__descricao": "Projeto de Lei Ordin\u00e1ria do Legislativo", "autoria": "ELIAS DE CASTRO CORREA", "texto_original": "http://sapl.engenheiropaulodefrontin.rj.leg.br/media/sapl/public/materialegislativa/2022/642/projeto_de_lei_011_elias.pdf", "ementa": "Disp\u00f5e sobre o atendimento preferencial \u00e0s pessoas com fibromialgia nos locais que especifica e d\u00e1 outras provid\u00eancias."}, {"id": "643", "ano": "2022", "numero": "12", "tipo__sigla": "PLOLG", "tipo__descricao": "Projeto de Lei Ordin\u00e1ria do Legislativo", "autoria": "ELIAS DE CASTRO CORREA", "texto_original": "http://sapl.engenheiropaulodefrontin.rj.leg.br/media/sapl/public/materialegislativa/2022/643/projeto_de_lei_012_elias.pdf", "ementa": "Institui a campanha \"Esporte Melhor Idade\" no Munic\u00edpio de Engenheiro Paulo de Frontin e da outras Provid\u00eancias"}, {"id": "675", "ano": "2022", "numero": "13", "tipo__sigla": "PLOLG", "tipo__descricao": "Projeto de Lei Ordin\u00e1ria do Legislativo", "autoria": "ELIAS DE CASTRO CORREA", "texto_original": "http://sapl.engenheiropaulodefrontin.rj.leg.br/media/sapl/public/materialegislativa/2022/675/pl_013-2022_-_elias_0.pdf", "ementa": "Que autoriza o executivo a fornecer lanche aos pacientes do SUS que se deslocam para atendimento fora do munic\u00edpio."}, {"id": "676", "ano": "2022", "numero": "14", "tipo__sigla": "PLOLG", "tipo__descricao": "Projeto de Lei Ordin\u00e1ria do Legislativo", "autoria": "JORGE VILELA", "texto_original": "http://sapl.engenheiropaulodefrontin.rj.leg.br/media/sapl/public/materialegislativa/2022/676/ccf_000026.pdf", "ementa": "Cria o Programa Recupera, de recupera\u00e7\u00e3o e fortalecimento da Aprendizagem nas escolas de ensino fundamental da rede de ensino municipal."}, {"id": "677", "ano": "2022", "numero": "15", "tipo__sigla": "PLOLG", "tipo__descricao": "Projeto de Lei Ordin\u00e1ria do Legislativo", "autoria": "JORGE VILELA", "texto_original": "http://sapl.engenheiropaulodefrontin.rj.leg.br/media/sapl/public/materialegislativa/2022/677/ccf_000025.pdf", "ementa": "Institui o dia municipal da Doa\u00e7\u00e3o Volunt\u00e1ria de Sangue."}, {"id": "678", "ano": "2022", "numero": "16", "tipo__sigla": "PLOLG", "tipo__descricao": "Projeto de Lei Ordin\u00e1ria do Legislativo", "autoria": "ERNESTO LAR\u00c9 (Ernesto da CEDAE)", "texto_original": "http://sapl.engenheiropaulodefrontin.rj.leg.br/media/sapl/public/materialegislativa/2022/678/projeto_de_lei_ernesto.pdf", "ementa": "Assegura aos professores e aos demais funcion\u00e1rios da rede municipal de ensino, em efetivo exerc\u00edcio nas escolas a merenda escolar excedente e da outras provid\u00eancias."}, {"id": "679", "ano": "2022", "numero": "17", "tipo__sigla": "PLOLG", "tipo__descricao": "Projeto de Lei Ordin\u00e1ria do Legislativo", "autoria": "ERNESTO LAR\u00c9 (Ernesto da CEDAE)", "texto_original": "http://sapl.engenheiropaulodefrontin.rj.leg.br/media/sapl/public/materialegislativa/2022/679/pl_017-2022_-_ernesto_0.pdf", "ementa": "Autoriza ao executivo a instituir o programa  de desconto do IPTU para im\u00f3veis que utilizam pain\u00e9is de gera\u00e7\u00e3o de energia solar, denominado IPTU Solar."}, {"id": "704", "ano": "2022", "numero": "18", "tipo__sigla": "PLOLG", "tipo__descricao": "Projeto de Lei Ordin\u00e1ria do Legislativo", "autoria": "JULIO CESAR SERENO", "texto_original": "http://sapl.engenheiropaulodefrontin.rj.leg.br/media/sapl/public/materialegislativa/2022/704/pl_auxilio_aslimentacao_000158_1.pdf", "ementa": "Institui o auxilio alimenta\u00e7\u00e3o a ser concedido aos servidores p\u00fablicos da C\u00e2mara Municipal de Engenheiro Paulo de Frontin, e da outras provid\u00eancias."}, {"id": "750", "ano": "2022", "numero": "19", "tipo__sigla": "PLOLG", "tipo__descricao": "Projeto de Lei Ordin\u00e1ria do Legislativo", "autoria": "JULIO CESAR SERENO", "texto_original": "http://sapl.engenheiropaulodefrontin.rj.leg.br/media/sapl/public/materialegislativa/2022/750/pl_019_julio_cesar_000161.pdf", "ementa": "\"Disciplina a aplica\u00e7\u00e3o de verba de gabinete em raz\u00e3o de atividade inerente ao exerc\u00edcio do mandato parlamentar no \u00e2mbito da C\u00e2mara Municipal.\""}, {"id": "751", "ano": "2022", "numero": "20", "tipo__sigla": "PLOLG", "tipo__descricao": "Projeto de Lei Ordin\u00e1ria do Legislativo", "autoria": "JULIO CESAR SERENO", "texto_original": "http://sapl.engenheiropaulodefrontin.rj.leg.br/media/sapl/public/materialegislativa/2022/751/pl_020_000160.pdf", "ementa": "\"Disciplina a aplica\u00e7\u00e3o de verba indenizat\u00f3ria em raz\u00e3o de deslocamentos de vereadores para fora do estado do Rio de Janeiro no \u00e2mbito da C\u00e2mara Municipal.\""}, {"id": "752", "ano": "2022", "numero": "21", "tipo__sigla": "PLOLG", "tipo__descricao": "Projeto de Lei Ordin\u00e1ria do Legislativo", "autoria": "JEFERSON ADRIANO GOMES MOREIRA", "texto_original": "http://sapl.engenheiropaulodefrontin.rj.leg.br/media/sapl/public/materialegislativa/2022/752/pl_021-2022_jeferson_000170.pdf", "ementa": "\"Declara de utilidade p\u00fablica a entidade Rotary Club de Engenheiro Paulo de Frontin.\""}, {"id": "756", "ano": "2022", "numero": "25", "tipo__sigla": "PLOLG", "tipo__descricao": "Projeto de Lei Ordin\u00e1ria do Legislativo", "autoria": "ELIAS DE CASTRO CORREA", "texto_original": "http://sapl.engenheiropaulodefrontin.rj.leg.br/media/sapl/public/materialegislativa/2022/756/pl_025-22_elias_000004.pdf", "ementa": "\"Institui no \u00e2mbito do munic\u00edpio de Engenheiro Paulo de Frontin o calend\u00e1rio oficial de eventos do munic\u00edpio e determina outras provid\u00eancias.\""}, {"id": "772", "ano": "2022", "numero": "1", "tipo__sigla": "PELOM", "tipo__descricao": "Proposta do Legislativo de Emenda \u00e0 Lei Org\u00e2nica", "autoria": "", "texto_original": "http://sapl.engenheiropaulodefrontin.rj.leg.br/media/sapl/public/materialegislativa/2022/772/lei_organica_nova._000158.pdf", "ementa": "\"Revis\u00e3o geral da lei org\u00e2nica do munic\u00edpio de Engenheiro Paulo de Frontin.\""}, {"id": "591", "ano": "2022", "numero": "1", "tipo__sigla": "REQ", "tipo__descricao": "Requerimento", "autoria": "ELIAS DE CASTRO CORREA, ERNESTO LAR\u00c9 (Ernesto da CEDAE), JORGE VILELA, JULIO CESAR SERENO, MOISES ROCHA", "texto_original": "http://sapl.engenheiropaulodefrontin.rj.leg.br/media/sapl/public/materialegislativa/2022/591/cci_000002.pdf", "ementa": "Solicita realiza\u00e7\u00e3o de Audi\u00eancia P\u00fablica para discuss\u00e3o do tema: \"Servi\u00e7os de fornecimento de energia el\u00e9trica, pela empresa Light Servi\u00e7os de Eletricidade SA."}, {"id": "592", "ano": "2022", "numero": "2", "tipo__sigla": "REQ", "tipo__descricao": "Requerimento", "autoria": "ERNESTO LAR\u00c9 (Ernesto da CEDAE), JULIO CESAR SERENO", "texto_original": "http://sapl.engenheiropaulodefrontin.rj.leg.br/media/sapl/public/materialegislativa/2022/592/cci_000003.pdf", "ementa": "Solicita Informa\u00e7\u00f5es"}, {"id": "611", "ano": "2022", "numero": "3", "tipo__sigla": "REQ", "tipo__descricao": "Requerimento", "autoria": "ERNESTO LAR\u00c9 (Ernesto da CEDAE)", "texto_original": "http://sapl.engenheiropaulodefrontin.rj.leg.br/media/sapl/public/materialegislativa/2022/611/ccf_000005.pdf", "ementa": "Solicita Informa\u00e7\u00f5es."}, {"id": "593", "ano": "2022", "numero": "4", "tipo__sigla": "REQ", "tipo__descricao": "Requerimento", "autoria": "ERNESTO LAR\u00c9 (Ernesto da CEDAE), JULIO CESAR SERENO", "texto_original": "http://sapl.engenheiropaulodefrontin.rj.leg.br/media/sapl/public/materialegislativa/2022/593/cci_000004.pdf", "ementa": "Solicita Informa\u00e7\u00f5es."}, {"id": "594", "ano": "2022", "numero": "5", "tipo__sigla": "REQ", "tipo__descricao": "Requerimento", "autoria": "ERNESTO LAR\u00c9 (Ernesto da CEDAE), JULIO CESAR SERENO", "texto_original": "http://sapl.engenheiropaulodefrontin.rj.leg.br/media/sapl/public/materialegislativa/2022/594/cci_000005.pdf", "ementa": "Solicita Informa\u00e7\u00f5es"}, {"id": "595", "ano": "2022", "numero": "6", "tipo__sigla": "REQ", "tipo__descricao": "Requerimento", "autoria": "KAIO BALTHAZAR", "texto_original": "http://sapl.engenheiropaulodefrontin.rj.leg.br/media/sapl/public/materialegislativa/2022/595/cci_000006.pdf", "ementa": "Solicita Informa\u00e7\u00f5es"}, {"id": "596", "ano": "2022", "numero": "7", "tipo__sigla": "REQ", "tipo__descricao": "Requerimento", "autoria": "ERNESTO LAR\u00c9 (Ernesto da CEDAE), JULIO CESAR SERENO", "texto_original": "http://sapl.engenheiropaulodefrontin.rj.leg.br/media/sapl/public/materialegislativa/2022/596/cci_000007.pdf", "ementa": "Solicita que seja convocada a Ilustr\u00edssima Senhora Alessandra Sarsedo lzidoro Viana, a fim de prestar esclarecimentos sobre a Coordena\u00e7\u00e3o da Subprefeitura"}, {"id": "597", "ano": "2022", "numero": "8", "tipo__sigla": "REQ", "tipo__descricao": "Requerimento", "autoria": "KAIO BALTHAZAR", "texto_original": "http://sapl.engenheiropaulodefrontin.rj.leg.br/media/sapl/public/materialegislativa/2022/597/cci_000008.pdf", "ementa": "Solicitar de Informa\u00e7\u00e3o"}, {"id": "598", "ano": "2022", "numero": "9", "tipo__sigla": "REQ", "tipo__descricao": "Requerimento", "autoria": "KAIO BALTHAZAR", "texto_original": "http://sapl.engenheiropaulodefrontin.rj.leg.br/media/sapl/public/materialegislativa/2022/598/cci_000009.pdf", "ementa": "Solicita\u00e7\u00e3o de informa\u00e7\u00e3o a respeito da parceria da Prefeitura do Munic\u00edpio de Engenheiro Paulo de Frontin com o Clube Gr\u00eamio Osasco Audax Rio Esporte Clube"}, {"id": "644", "ano": "2022", "numero": "10", "tipo__sigla": "REQ", "tipo__descricao": "Requerimento", "autoria": "ERNESTO LAR\u00c9 (Ernesto da CEDAE), JULIO CESAR SERENO", "texto_original": "http://sapl.engenheiropaulodefrontin.rj.leg.br/media/", "ementa": "Solicita que seja convocado o Secret\u00e1rio Municipal de Governo Senhor F\u00e1bio Ant\u00f4nio de Oliveira"}, {"id": "612", "ano": "2022", "numero": "11", "tipo__sigla": "REQ", "tipo__descricao": "Requerimento", "autoria": "KAIO BALTHAZAR", "texto_original": "http://sapl.engenheiropaulodefrontin.rj.leg.br/media/sapl/public/materialegislativa/2022/612/requerimento_011_kaio.pdf", "ementa": "Solicita informa\u00e7\u00f5es"}, {"id": "613", "ano": "2022", "numero": "12", "tipo__sigla": "REQ", "tipo__descricao": "Requerimento", "autoria": "KAIO BALTHAZAR", "texto_original": "http://sapl.engenheiropaulodefrontin.rj.leg.br/media/sapl/public/materialegislativa/2022/613/requerimento_012_kaio.pdf", "ementa": "Solicita informa\u00e7\u00f5es"}, {"id": "614", "ano": "2022", "numero": "13", "tipo__sigla": "REQ", "tipo__descricao": "Requerimento", "autoria": "ERNESTO LAR\u00c9 (Ernesto da CEDAE), JULIO CESAR SERENO", "texto_original": "http://sapl.engenheiropaulodefrontin.rj.leg.br/media/sapl/public/materialegislativa/2022/614/requerimenti_013_atual_ernesto.pdf", "ementa": "Solicita que seja convocada a Ilustrissima Subsecret\u00e1ria de Governo, \u00e0 Senhora \"La\u00eds Lopes Dutra,\" para prestar os esclarecimentos abaixo especificados."}, {"id": "615", "ano": "2022", "numero": "14", "tipo__sigla": "REQ", "tipo__descricao": "Requerimento", "autoria": "ERNESTO LAR\u00c9 (Ernesto da CEDAE), JULIO CESAR SERENO", "texto_original": "http://sapl.engenheiropaulodefrontin.rj.leg.br/media/sapl/public/materialegislativa/2022/615/requerimento_014_julio_e_ernesto.pdf", "ementa": "REQUEREMOS \u00c0 MESA DIRETORA E OUVINDO O SOBERANO PLEN\u00c1RIO, QUE SEJA ENVIADO EXPEDIENTE AO EXCELENT\u00cdSSIMO PREFEITO MUNICIPAL, SENHOR JOS\u00c9 EMMANOEL RODRIGUES ARTEMENKO, REQUERENDO ESCLARECIMENTOS E INFORMA\u00c7\u00d5ES A RESPEITO DO DECRETO N\u00b0194/2022, EXARADO PELO PODER EXECUTIVO, QUE TRATOU DO ESTADO DE EMERG\u00caNCIA, TEORICAMENTE ASSINADO NO DIA 23/02/2022, COM EFEITOS RETROATIVOS A 07/02/2022, MAS SOMENTE PUBLICADO EM 07/03/2022 (UM M\u00caS AP\u00d3S O FATO GERADOR)."}, {"id": "645", "ano": "2022", "numero": "15", "tipo__sigla": "REQ", "tipo__descricao": "Requerimento", "autoria": "KAIO BALTHAZAR", "texto_original": "http://sapl.engenheiropaulodefrontin.rj.leg.br/media/sapl/public/materialegislativa/2022/645/requerimento_015-2022.pdf", "ementa": "Requerimento ao Prefeito Municipal, c\u00f3pia integral do Processo Adm n\u00ba 4799/21, referente tamb\u00e9m a Tomada de Contas n\u00ba 001/22."}, {"id": "646", "ano": "2022", "numero": "16", "tipo__sigla": "REQ", "tipo__descricao": "Requerimento", "autoria": "KAIO BALTHAZAR", "texto_original": "http://sapl.engenheiropaulodefrontin.rj.leg.br/media/sapl/public/materialegislativa/2022/646/requerimento_016-2022.pdf", "ementa": "Requerimento de Mo\u00e7\u00e3o de Rep\u00fadio \u00e0 Empresa El\u00e9trica Light  S/A, pelos p\u00e9ssimos servi\u00e7os prestados ao Munic\u00edpio."}, {"id": "647", "ano": "2022", "numero": "17", "tipo__sigla": "REQ", "tipo__descricao": "Requerimento", "autoria": "KAIO BALTHAZAR", "texto_original": "http://sapl.engenheiropaulodefrontin.rj.leg.br/media/sapl/public/materialegislativa/2022/647/requerimento_017-2022.pdf", "ementa": "Solicito ao Poder Executivo explica\u00e7\u00f5es sobre a falta de pagamento aos Profissionais do PMAQ da Aten\u00e7\u00e3o B\u00e1sica"}, {"id": "648", "ano": "2022", "numero": "18", "tipo__sigla": "REQ", "tipo__descricao": "Requerimento", "autoria": "JULIO CESAR SERENO", "texto_original": "http://sapl.engenheiropaulodefrontin.rj.leg.br/media/sapl/public/materialegislativa/2022/648/requerimento_18_000125-1.pdf", "ementa": "Requerendo que seja enviado expediente ao Excelent\u00edssimo Prefeito, requerendo esclarecimentos e informa\u00e7\u00f5es a respeito da cria\u00e7\u00e3o do fundo de previd\u00eancia dos servidores Municipais."}, {"id": "649", "ano": "2022", "numero": "19", "tipo__sigla": "REQ", "tipo__descricao": "Requerimento", "autoria": "JULIO CESAR SERENO, ROSANGELA PASSOS, SANDRA GIL", "texto_original": "http://sapl.engenheiropaulodefrontin.rj.leg.br/media/", "ementa": "Solicita a empresa Via\u00e7\u00e3o Progresso para que informe a essa casa Legislativa o motivo da suspens\u00e3o da linha que liga Paracambi x Morro Azul, vice versa."}, {"id": "650", "ano": "2022", "numero": "20", "tipo__sigla": "REQ", "tipo__descricao": "Requerimento", "autoria": "KAIO BALTHAZAR", "texto_original": "http://sapl.engenheiropaulodefrontin.rj.leg.br/media/sapl/public/materialegislativa/2022/650/requerimento_020-2022.pdf", "ementa": "Requerimento esclarecimento e informa\u00e7\u00f5es a respeito do CPROES no Munic\u00edpio de Engenheiro Paulo de Frontin."}, {"id": "651", "ano": "2022", "numero": "21", "tipo__sigla": "REQ", "tipo__descricao": "Requerimento", "autoria": "KAIO BALTHAZAR", "texto_original": "http://sapl.engenheiropaulodefrontin.rj.leg.br/media/sapl/public/materialegislativa/2022/651/requerimento_021-2022.pdf", "ementa": "Requerendo esclarecimento e informa\u00e7\u00f5es a respeito do valor gasto com asfaltamento em alguns dos Bairros do Munic\u00edpio no ano 2022."}, {"id": "652", "ano": "2022", "numero": "22", "tipo__sigla": "REQ", "tipo__descricao": "Requerimento", "autoria": "KAIO BALTHAZAR", "texto_original": "http://sapl.engenheiropaulodefrontin.rj.leg.br/media/sapl/public/materialegislativa/2022/652/requerimento_022-2022.pdf", "ementa": "Aumento da frequ\u00eancia de hor\u00e1rios de \u00d4nibus na linha Morro Azul x Engenheiro Paulo de Frontin."}, {"id": "653", "ano": "2022", "numero": "23", "tipo__sigla": "REQ", "tipo__descricao": "Requerimento", "autoria": "KAIO BALTHAZAR", "texto_original": "http://sapl.engenheiropaulodefrontin.rj.leg.br/media/sapl/public/materialegislativa/2022/653/requerimento_023-2022.pdf", "ementa": "Requer os devidos comprovantes banc\u00e1rios com data de  12/05/2022 devidamente neles descriminados."}, {"id": "654", "ano": "2022", "numero": "24", "tipo__sigla": "REQ", "tipo__descricao": "Requerimento", "autoria": "ERNESTO LAR\u00c9 (Ernesto da CEDAE)", "texto_original": "http://sapl.engenheiropaulodefrontin.rj.leg.br/media/sapl/public/materialegislativa/2022/654/requerimento_024-2022.pdf", "ementa": "Solicitando o Edital do Concurso P\u00fablico Municipal de 2012."}, {"id": "655", "ano": "2022", "numero": "25", "tipo__sigla": "REQ", "tipo__descricao": "Requerimento", "autoria": "MOISES ROCHA", "texto_original": "http://sapl.engenheiropaulodefrontin.rj.leg.br/media/sapl/public/materialegislativa/2022/655/requerimento_025-2022.pdf", "ementa": "Convocando a presen\u00e7a do Procurador Geral do Munic\u00edpio nesta Casa de Leis."}, {"id": "656", "ano": "2022", "numero": "26", "tipo__sigla": "REQ", "tipo__descricao": "Requerimento", "autoria": "JULIO CESAR SERENO", "texto_original": "http://sapl.engenheiropaulodefrontin.rj.leg.br/media/sapl/public/materialegislativa/2022/656/requerimento_18_000125-2.pdf", "ementa": "Requerendo respostas sobre as a\u00e7\u00f5es que estejam sendo adotadas perante um eventual recrudescimento da COVID-19, consoante pontua\u00e7\u00f5es a seguir."}, {"id": "657", "ano": "2022", "numero": "27", "tipo__sigla": "REQ", "tipo__descricao": "Requerimento", "autoria": "KAIO BALTHAZAR", "texto_original": "http://sapl.engenheiropaulodefrontin.rj.leg.br/media/sapl/public/materialegislativa/2022/657/requerimento_027-2022.pdf", "ementa": "Requerendo que a Secret\u00e1ria Municipal de Sa\u00fade forne\u00e7a a rela\u00e7\u00e3o, por nome e valores de todos os adiantamentos de despesas e di\u00e1rias concedidas no ano de 2022."}, {"id": "1717", "ano": "2022", "numero": "28", "tipo__sigla": "REQ", "tipo__descricao": "Requerimento", "autoria": "KAIO BALTHAZAR", "texto_original": "http://sapl.engenheiropaulodefrontin.rj.leg.br/media/sapl/public/materialegislativa/2022/1717/requerimento_028_kaio_000138.pdf", "ementa": "C\u00f3pia das \u00faltimas 3 notas fiscais de todos os fornecedores de\r\ng\u00eanero aliment\u00edcio para a Educa\u00e7\u00e3o Municipal"}, {"id": "1718", "ano": "2022", "numero": "29", "tipo__sigla": "REQ", "tipo__descricao": "Requerimento", "autoria": "KAIO BALTHAZAR", "texto_original": "http://sapl.engenheiropaulodefrontin.rj.leg.br/media/sapl/public/materialegislativa/2022/1718/requerimento_029_000148.pdf", "ementa": "Se houve pagamento do Bolsa Atleta at\u00e9 pelo menos nos \u00faltimos oito meses; quais atletas foram beneficiados; quais crit\u00e9rios adotados para recebimento do beneficio supracitado; e qual valor do beneficio por atleta."}, {"id": "1714", "ano": "2022", "numero": "30", "tipo__sigla": "REQ", "tipo__descricao": "Requerimento", "autoria": "JULIO CESAR SERENO", "texto_original": "http://sapl.engenheiropaulodefrontin.rj.leg.br/media/sapl/public/materialegislativa/2022/1714/req30-22.pdf", "ementa": "Informa\u00e7\u00e3o sobre o pagamento do auxilio alimenta\u00e7\u00e3o dos\r\nservidores da Prefeitura Municipal de Engenheiro Paulo de Frontin."}, {"id": "1715", "ano": "2022", "numero": "31", "tipo__sigla": "REQ", "tipo__descricao": "Requerimento", "autoria": "JULIO CESAR SERENO", "texto_original": "http://sapl.engenheiropaulodefrontin.rj.leg.br/media/sapl/public/materialegislativa/2022/1715/req31-22.pdf", "ementa": "AUMENTAR o n\u00famero de vagas gerais da Creche Municipal da\r\nBarreira, em especial AUMENTAR o n\u00famero de vagas no ber\u00e7\u00e1rio."}, {"id": "1721", "ano": "2022", "numero": "34", "tipo__sigla": "REQ", "tipo__descricao": "Requerimento", "autoria": "JORGE VILELA", "texto_original": "http://sapl.engenheiropaulodefrontin.rj.leg.br/media/sapl/public/materialegislativa/2022/1721/requerimento034_000190.pdf", "ementa": "ESCLARECIMENTOS E INFORMA\u00c7\u00d5ES A RESPEITO DO PROCESSO ADMINISTRATIVO N\u00b0 3.696/2021, PREG\u00c3O PRESENCIAL n\" 021/2021, PARA CONTRATA\u00c7\u00c3O DE EMPRESA ESPECIALIZADA PARA PRESTA\u00c7\u00c3O DE SERVI\u00c7OS DE AUDITORIA E ASSESSORIA T\u00c9CNICA EM GEST\u00c3O TRIBUT\u00c1RIA."}, {"id": "1722", "ano": "2022", "numero": "52", "tipo__sigla": "REQ", "tipo__descricao": "Requerimento", "autoria": "KAIO BALTHAZAR", "texto_original": "http://sapl.engenheiropaulodefrontin.rj.leg.br/media/sapl/public/materialegislativa/2022/1722/requerimento052_000188.pdf", "ementa": "Informa\u00e7\u00f5es referentes aos festejos de comemora\u00e7\u00e3o dos 59 anos de emancipa\u00e7\u00e3o de nosso munic\u00edpio"}, {"id": "696", "ano": "2022", "numero": "1", "tipo__sigla": "EAD", "tipo__descricao": "Emenda Aditiva", "autoria": "ELIAS DE CASTRO CORREA, ERNESTO LAR\u00c9 (Ernesto da CEDAE), JEFERSON ADRIANO GOMES MOREIRA, JORGE VILELA, JULIO CESAR SERENO, MOISES ROCHA, ROSANGELA PASSOS, SANDRA GIL", "texto_original": "http://sapl.engenheiropaulodefrontin.rj.leg.br/media/", "ementa": "Acrescenta o par\u00e1grafo \u00fanico ao Projeto de Lei n\u00ba 013/2022 de autoria do Executivo"}, {"id": "697", "ano": "2022", "numero": "2", "tipo__sigla": "EAD", "tipo__descricao": "Emenda Aditiva", "autoria": "KAIO BALTHAZAR", "texto_original": "http://sapl.engenheiropaulodefrontin.rj.leg.br/media/sapl/public/materialegislativa/2022/697/emenda_aditiva_02-2022.pdf", "ementa": "Acrescenta o par\u00e1grafo \u00fanico ao Projeto de Lei n\u00ba 013/2022 de autoria do executivo."}, {"id": "698", "ano": "2022", "numero": "1", "tipo__sigla": "EMM", "tipo__descricao": "Emenda Modificativa", "autoria": "KAIO BALTHAZAR", "texto_original": "http://sapl.engenheiropaulodefrontin.rj.leg.br/media/sapl/public/materialegislativa/2022/698/emenda_modificativa_003-2022.pdf", "ementa": "Alterar os artigos 17 da Menagem 013/2022 bem como o par\u00e1grafo 2\u00ba que passam a vigor da seguinte forma."}, {"id": "599", "ano": "2022", "numero": "1", "tipo__sigla": "IND", "tipo__descricao": "Indica\u00e7\u00e3o", "autoria": "JULIO CESAR SERENO", "texto_original": "http://sapl.engenheiropaulodefrontin.rj.leg.br/media/sapl/public/materialegislativa/2022/599/cci_000010.pdf", "ementa": "Coloca\u00e7\u00e3o de quebra-molas"}, {"id": "600", "ano": "2022", "numero": "2", "tipo__sigla": "IND", "tipo__descricao": "Indica\u00e7\u00e3o", "autoria": "JULIO CESAR SERENO", "texto_original": "http://sapl.engenheiropaulodefrontin.rj.leg.br/media/sapl/public/materialegislativa/2022/600/cci_000011.pdf", "ementa": "Disp\u00f5e sobre a concess\u00e3o do direito a um dia de folga anual, As servidoras p\u00fablicas municipais e empregadas celetistas, para a realiza\u00e7\u00e3o de exames de controle de c\u00e2ncer"}, {"id": "601", "ano": "2022", "numero": "3", "tipo__sigla": "IND", "tipo__descricao": "Indica\u00e7\u00e3o", "autoria": "KAIO BALTHAZAR", "texto_original": "http://sapl.engenheiropaulodefrontin.rj.leg.br/media/sapl/public/materialegislativa/2022/601/cci_000012.pdf", "ementa": "disponibilize aos colaboradores da prefeitura municipal que trabalhem na limpeza urbana, meio ambiente e secretaria de obras todos os Equipamentos de Prote\u00e7\u00e3o Individual para que realizem seus servi\u00e7os com seguran\u00e7a, bem como exigir que os prestadores de servi\u00e7o da prefeitura tamb\u00e9m disponibilize a seus colaboradores"}, {"id": "602", "ano": "2022", "numero": "4", "tipo__sigla": "IND", "tipo__descricao": "Indica\u00e7\u00e3o", "autoria": "KAIO BALTHAZAR", "texto_original": "http://sapl.engenheiropaulodefrontin.rj.leg.br/media/sapl/public/materialegislativa/2022/602/cci_000013.pdf", "ementa": "\u00f4nibus de transporte universit\u00e1rio entre at\u00e9 o ponto de \u00f4nibus em Frente ao Posto de Sa\u00fade do Bairro de Palmas, tanto na ida, quanto na volta"}, {"id": "610", "ano": "2022", "numero": "5", "tipo__sigla": "IND", "tipo__descricao": "Indica\u00e7\u00e3o", "autoria": "ELIAS DE CASTRO CORREA", "texto_original": "http://sapl.engenheiropaulodefrontin.rj.leg.br/media/sapl/public/materialegislativa/2022/610/ccf_000004.pdf", "ementa": "\"Revitaliza\u00e7\u00e3o asf\u00e1ltica e da cal\u00e7ada da Avenida Nossa Senhora de F\u00e1tima, no bairro Borracha.\""}, {"id": "609", "ano": "2022", "numero": "6", "tipo__sigla": "IND", "tipo__descricao": "Indica\u00e7\u00e3o", "autoria": "ELIAS DE CASTRO CORREA", "texto_original": "http://sapl.engenheiropaulodefrontin.rj.leg.br/media/sapl/public/materialegislativa/2022/609/indicacao_006.pdf", "ementa": "Reforma do Gin\u00e1sio Poliesportivo Iracy Igayara, no bairro Aguada"}, {"id": "616", "ano": "2022", "numero": "7", "tipo__sigla": "IND", "tipo__descricao": "Indica\u00e7\u00e3o", "autoria": "JORGE VILELA", "texto_original": "http://sapl.engenheiropaulodefrontin.rj.leg.br/media/sapl/public/materialegislativa/2022/616/indicacao_007_vilela.pdf", "ementa": "TROCA DE L\u00c2MPADAS E MANUTEN\u00c7\u00c3O NA ESTRADA VELHA NO 3\u00b0 DISTRITO \u2014 MORRO AZUL"}, {"id": "617", "ano": "2022", "numero": "8", "tipo__sigla": "IND", "tipo__descricao": "Indica\u00e7\u00e3o", "autoria": "ELIAS DE CASTRO CORREA", "texto_original": "http://sapl.engenheiropaulodefrontin.rj.leg.br/media/sapl/public/materialegislativa/2022/617/indicacao_008_elias.pdf", "ementa": "Cria\u00e7\u00e3o de Vagas exclusivas para Deficientes"}, {"id": "618", "ano": "2022", "numero": "9", "tipo__sigla": "IND", "tipo__descricao": "Indica\u00e7\u00e3o", "autoria": "ELIAS DE CASTRO CORREA", "texto_original": "http://sapl.engenheiropaulodefrontin.rj.leg.br/media/sapl/public/materialegislativa/2022/618/indicacao_009_elias.pdf", "ementa": "Coloca\u00e7\u00e3o Placa de Proibido Parar e Estacionar"}, {"id": "619", "ano": "2022", "numero": "10", "tipo__sigla": "IND", "tipo__descricao": "Indica\u00e7\u00e3o", "autoria": "JULIO CESAR SERENO", "texto_original": "http://sapl.engenheiropaulodefrontin.rj.leg.br/media/sapl/public/materialegislativa/2022/619/indicacao_010_julio.pdf", "ementa": "Servi\u00e7o de limpeza em Via P\u00fablica."}, {"id": "620", "ano": "2022", "numero": "11", "tipo__sigla": "IND", "tipo__descricao": "Indica\u00e7\u00e3o", "autoria": "JULIO CESAR SERENO", "texto_original": "http://sapl.engenheiropaulodefrontin.rj.leg.br/media/sapl/public/materialegislativa/2022/620/indicacao_011_julio.pdf", "ementa": "Prorroga\u00e7\u00e3o do prazo de Pagamento do IPTU"}, {"id": "621", "ano": "2022", "numero": "12", "tipo__sigla": "IND", "tipo__descricao": "Indica\u00e7\u00e3o", "autoria": "ERNESTO LAR\u00c9 (Ernesto da CEDAE)", "texto_original": "http://sapl.engenheiropaulodefrontin.rj.leg.br/media/sapl/public/materialegislativa/2022/621/indicacao_012_ernesto.pdf", "ementa": "Troca de l\u00e2mpadas nos postes de ilumina\u00e7\u00e3o p\u00fablica da Rua Benjamim Aciole - Segundo Distrito Sacra Fam\u00edlia do Tingua e Rua Santa Ad\u00e9lia - Terceiro Distrito Morro Azul do Tingua"}, {"id": "622", "ano": "2022", "numero": "13", "tipo__sigla": "IND", "tipo__descricao": "Indica\u00e7\u00e3o", "autoria": "ERNESTO LAR\u00c9 (Ernesto da CEDAE)", "texto_original": "http://sapl.engenheiropaulodefrontin.rj.leg.br/media/sapl/public/materialegislativa/2022/622/indicacao_013_ernesto.pdf", "ementa": "Que sejam asfaltadas as Ruas Ant\u00f4nio Luciano e Cesar Lago, ambas no Terceiro Distrito Morro Azul"}, {"id": "623", "ano": "2022", "numero": "14", "tipo__sigla": "IND", "tipo__descricao": "Indica\u00e7\u00e3o", "autoria": "MOISES ROCHA", "texto_original": "http://sapl.engenheiropaulodefrontin.rj.leg.br/media/sapl/public/materialegislativa/2022/623/indicacao_014_moises.pdf", "ementa": "Pavimenta\u00e7\u00e3o Asf\u00e1ltica."}, {"id": "624", "ano": "2022", "numero": "15", "tipo__sigla": "IND", "tipo__descricao": "Indica\u00e7\u00e3o", "autoria": "MOISES ROCHA", "texto_original": "http://sapl.engenheiropaulodefrontin.rj.leg.br/media/sapl/public/materialegislativa/2022/624/indicacao_015_moises.pdf", "ementa": "Pavimenta\u00e7\u00e3o Asf\u00e1ltica."}, {"id": "625", "ano": "2022", "numero": "16", "tipo__sigla": "IND", "tipo__descricao": "Indica\u00e7\u00e3o", "autoria": "JORGE VILELA", "texto_original": "http://sapl.engenheiropaulodefrontin.rj.leg.br/media/sapl/public/materialegislativa/2022/625/indicacao_016_vilela.pdf", "ementa": "ISOLAMENTO DA AREA E REPARO DO ESGOTO NO ESPA\u00c7O FERRINI"}, {"id": "626", "ano": "2022", "numero": "17", "tipo__sigla": "IND", "tipo__descricao": "Indica\u00e7\u00e3o", "autoria": "JORGE VILELA", "texto_original": "http://sapl.engenheiropaulodefrontin.rj.leg.br/media/sapl/public/materialegislativa/2022/626/indicacao_017_vilela.pdf", "ementa": "SOLICITA AO EXMO SR. PREFEITO MUNICIPAL 0 RECAPEAMENTO ASF\u00c1LTICO DA RUA \u00c1TILA PORTUGAL NO BAIRRO DO MORRO DO SOSSEGO"}, {"id": "627", "ano": "2022", "numero": "18", "tipo__sigla": "IND", "tipo__descricao": "Indica\u00e7\u00e3o", "autoria": "JORGE VILELA", "texto_original": "http://sapl.engenheiropaulodefrontin.rj.leg.br/media/sapl/public/materialegislativa/2022/627/indicacao_018_vilela.pdf", "ementa": "SOLICITA AO EXMO SR. PREFEITO MUNICIPAL 0 RECAPEAMENTO ASF\u00c1LTICA DA ESTRADA DO CAMPO NO BAIRRO DO ADRIANINO"}, {"id": "628", "ano": "2022", "numero": "19", "tipo__sigla": "IND", "tipo__descricao": "Indica\u00e7\u00e3o", "autoria": "ELIAS DE CASTRO CORREA", "texto_original": "http://sapl.engenheiropaulodefrontin.rj.leg.br/media/sapl/public/materialegislativa/2022/628/indicacao_019-_elias.pdf", "ementa": "Que disponibilize um carro para atender a demanda da causa animal dentro do munic\u00edpio."}, {"id": "629", "ano": "2022", "numero": "20", "tipo__sigla": "IND", "tipo__descricao": "Indica\u00e7\u00e3o", "autoria": "JULIO CESAR SERENO", "texto_original": "http://sapl.engenheiropaulodefrontin.rj.leg.br/media/sapl/public/materialegislativa/2022/629/indicacao_020-_julio.pdf", "ementa": "Revitaliza\u00e7\u00e3o da Pavimenta\u00e7\u00e3o Asf\u00e1lticada"}, {"id": "630", "ano": "2022", "numero": "21", "tipo__sigla": "IND", "tipo__descricao": "Indica\u00e7\u00e3o", "autoria": "ELIAS DE CASTRO CORREA", "texto_original": "http://sapl.engenheiropaulodefrontin.rj.leg.br/media/sapl/public/materialegislativa/2022/630/indicacao_021_elias.pdf", "ementa": "Kit P\u00e1scoa"}, {"id": "631", "ano": "2022", "numero": "22", "tipo__sigla": "IND", "tipo__descricao": "Indica\u00e7\u00e3o", "autoria": "ERNESTO LAR\u00c9 (Ernesto da CEDAE)", "texto_original": "http://sapl.engenheiropaulodefrontin.rj.leg.br/media/sapl/public/materialegislativa/2022/631/indicacao_022-_ernesto.pdf", "ementa": "Que seja asfaltada a Rua Jos\u00e9 Bitencourt da Fonseca - 3\u00ba Distrito Morro Azul"}, {"id": "632", "ano": "2022", "numero": "23", "tipo__sigla": "IND", "tipo__descricao": "Indica\u00e7\u00e3o", "autoria": "ERNESTO LAR\u00c9 (Ernesto da CEDAE)", "texto_original": "http://sapl.engenheiropaulodefrontin.rj.leg.br/media/sapl/public/materialegislativa/2022/632/indicacao_023-_ernesto.pdf", "ementa": "Limpeza do c\u00f3rrego que fica na Avenida Maria Luiza - 2\u00b0 Distrito Sacra Fam\u00edlia do Tingu\u00e1"}, {"id": "633", "ano": "2022", "numero": "24", "tipo__sigla": "IND", "tipo__descricao": "Indica\u00e7\u00e3o", "autoria": "ERNESTO LAR\u00c9 (Ernesto da CEDAE)", "texto_original": "http://sapl.engenheiropaulodefrontin.rj.leg.br/media/sapl/public/materialegislativa/2022/633/indicacao_024-_ernesto.pdf", "ementa": "Poda nas \u00e1rvores de toda a extens\u00e3o da Rua Duvaldino Ferreira de Souza \u2014 Terceiro Distrito Morro Azul do Tingu\u00e1"}, {"id": "634", "ano": "2022", "numero": "25", "tipo__sigla": "IND", "tipo__descricao": "Indica\u00e7\u00e3o", "autoria": "ERNESTO LAR\u00c9 (Ernesto da CEDAE)", "texto_original": "http://sapl.engenheiropaulodefrontin.rj.leg.br/media/sapl/public/materialegislativa/2022/634/indicacao_025-_ernesto.pdf", "ementa": "Que seja realizada obra de reforma em todo o telhado da UBS do Terceiro Distrito de Morro Azul, neste Munic\u00edpio"}, {"id": "635", "ano": "2022", "numero": "26", "tipo__sigla": "IND", "tipo__descricao": "Indica\u00e7\u00e3o", "autoria": "MOISES ROCHA", "texto_original": "http://sapl.engenheiropaulodefrontin.rj.leg.br/media/sapl/public/materialegislativa/2022/635/indicacao_026-_moises.pdf", "ementa": "Constru\u00e7\u00e3o de uma Capela Mortu\u00e1ria com acessibilidade a todos os mun\u00edcipes"}, {"id": "636", "ano": "2022", "numero": "27", "tipo__sigla": "IND", "tipo__descricao": "Indica\u00e7\u00e3o", "autoria": "ROSANGELA PASSOS", "texto_original": "http://sapl.engenheiropaulodefrontin.rj.leg.br/media/sapl/public/materialegislativa/2022/636/indicacao_027-_rosangela.pdf", "ementa": "Constru\u00e7\u00e3o de uma Capela Mortu\u00e1ria com acessibilidade a todos os mun\u00edcipes."}, {"id": "637", "ano": "2022", "numero": "28", "tipo__sigla": "IND", "tipo__descricao": "Indica\u00e7\u00e3o", "autoria": "JULIO CESAR SERENO", "texto_original": "http://sapl.engenheiropaulodefrontin.rj.leg.br/media/sapl/public/materialegislativa/2022/637/indicacao_0028-2022_julio.pdf", "ementa": "Retirada de carros abandonados no Bairro da Barreira"}, {"id": "680", "ano": "2022", "numero": "29", "tipo__sigla": "IND", "tipo__descricao": "Indica\u00e7\u00e3o", "autoria": "MOISES ROCHA", "texto_original": "http://sapl.engenheiropaulodefrontin.rj.leg.br/media/sapl/public/materialegislativa/2022/680/indicacao_029-2022.pdf", "ementa": "Religa\u00e7\u00e3o de bebedouro da Rodovi\u00e1ria"}, {"id": "681", "ano": "2022", "numero": "30", "tipo__sigla": "IND", "tipo__descricao": "Indica\u00e7\u00e3o", "autoria": "MOISES ROCHA", "texto_original": "http://sapl.engenheiropaulodefrontin.rj.leg.br/media/sapl/public/materialegislativa/2022/681/indicacao_030-2022.pdf", "ementa": "Pavimenta\u00e7\u00e3o Asf\u00e1ltica"}, {"id": "682", "ano": "2022", "numero": "31", "tipo__sigla": "IND", "tipo__descricao": "Indica\u00e7\u00e3o", "autoria": "KAIO BALTHAZAR", "texto_original": "http://sapl.engenheiropaulodefrontin.rj.leg.br/media/sapl/public/materialegislativa/2022/682/indicacao_031-2022.pdf", "ementa": "Libera\u00e7\u00e3o de 03 (tr\u00eas) vagas do Taxi, mais pr\u00f3ximas do Centro Educacional Fluminense - CEF"}, {"id": "683", "ano": "2022", "numero": "32", "tipo__sigla": "IND", "tipo__descricao": "Indica\u00e7\u00e3o", "autoria": "SANDRA GIL", "texto_original": "http://sapl.engenheiropaulodefrontin.rj.leg.br/media/sapl/public/materialegislativa/2022/683/indicacao_032-2022.pdf", "ementa": "Constru\u00e7\u00e3o de um banheiro p\u00fablico no segundo Distrito Sacra Fam\u00edlia"}, {"id": "684", "ano": "2022", "numero": "33", "tipo__sigla": "IND", "tipo__descricao": "Indica\u00e7\u00e3o", "autoria": "SANDRA GIL", "texto_original": "http://sapl.engenheiropaulodefrontin.rj.leg.br/media/sapl/public/materialegislativa/2022/684/indicacao_033-2022.pdf", "ementa": "Transporte de para os moradores de Palmas"}, {"id": "685", "ano": "2022", "numero": "34", "tipo__sigla": "IND", "tipo__descricao": "Indica\u00e7\u00e3o", "autoria": "ERNESTO LAR\u00c9 (Ernesto da CEDAE)", "texto_original": "http://sapl.engenheiropaulodefrontin.rj.leg.br/media/sapl/public/materialegislativa/2022/685/indicacao_034-2022.pdf", "ementa": "Manuten\u00e7\u00e3o da Calha coletora de chuva"}, {"id": "686", "ano": "2022", "numero": "35", "tipo__sigla": "IND", "tipo__descricao": "Indica\u00e7\u00e3o", "autoria": "ERNESTO LAR\u00c9 (Ernesto da CEDAE)", "texto_original": "http://sapl.engenheiropaulodefrontin.rj.leg.br/media/sapl/public/materialegislativa/2022/686/indicacao_035-2022.pdf", "ementa": "Manuten\u00e7\u00e3o da tela de prote\u00e7\u00e3o"}, {"id": "687", "ano": "2022", "numero": "36", "tipo__sigla": "IND", "tipo__descricao": "Indica\u00e7\u00e3o", "autoria": "JORGE VILELA", "texto_original": "http://sapl.engenheiropaulodefrontin.rj.leg.br/media/sapl/public/materialegislativa/2022/687/indicacao_036-2022.pdf", "ementa": "Solicita o Exmo. Sr. prefeito Municipal a Implanta\u00e7\u00e3o asf\u00e1ltica da Avenida Ant\u00f4nio Maur\u00edcio que liga o Bairro Grama x Palmas"}, {"id": "688", "ano": "2022", "numero": "37", "tipo__sigla": "IND", "tipo__descricao": "Indica\u00e7\u00e3o", "autoria": "ELIAS DE CASTRO CORREA", "texto_original": "http://sapl.engenheiropaulodefrontin.rj.leg.br/media/sapl/public/materialegislativa/2022/688/indicacao_037-2022.pdf", "ementa": "Solicita servi\u00e7os de pintura e pequena obra de adequa\u00e7\u00e3o no estacionamento do Espa\u00e7o Ferrine para facilitar a entrada e sa\u00edda de ve\u00edculos."}, {"id": "689", "ano": "2022", "numero": "38", "tipo__sigla": "IND", "tipo__descricao": "Indica\u00e7\u00e3o", "autoria": "MOISES ROCHA", "texto_original": "http://sapl.engenheiropaulodefrontin.rj.leg.br/media/sapl/public/materialegislativa/2022/689/indicacao_038-2022.pdf", "ementa": "Solicita instala\u00e7\u00e3o de Corrim\u00e3o"}, {"id": "690", "ano": "2022", "numero": "39", "tipo__sigla": "IND", "tipo__descricao": "Indica\u00e7\u00e3o", "autoria": "ELIAS DE CASTRO CORREA", "texto_original": "http://sapl.engenheiropaulodefrontin.rj.leg.br/media/sapl/public/materialegislativa/2022/690/indicacao_039-2022.pdf", "ementa": "Solicita a manuten\u00e7\u00e3o e ilumina\u00e7\u00e3o do cal\u00e7ad\u00e3o que liga Sacra Fam\u00edlia a Morro Azul."}, {"id": "691", "ano": "2022", "numero": "40", "tipo__sigla": "IND", "tipo__descricao": "Indica\u00e7\u00e3o", "autoria": "MOISES ROCHA", "texto_original": "http://sapl.engenheiropaulodefrontin.rj.leg.br/media/sapl/public/materialegislativa/2022/691/indicacao_040-2022.pdf", "ementa": "Solicita a manuten\u00e7\u00e3o das cal\u00e7adas para garantir acessibilidade"}, {"id": "692", "ano": "2022", "numero": "41", "tipo__sigla": "IND", "tipo__descricao": "Indica\u00e7\u00e3o", "autoria": "ERNESTO LAR\u00c9 (Ernesto da CEDAE)", "texto_original": "http://sapl.engenheiropaulodefrontin.rj.leg.br/media/sapl/public/materialegislativa/2022/692/indicacao_041-2022.pdf", "ementa": "Troca de l\u00e2mpadas nos poste de ilumina\u00e7\u00e3o p\u00fablica na Estrada Bairro vermelho"}, {"id": "693", "ano": "2022", "numero": "42", "tipo__sigla": "IND", "tipo__descricao": "Indica\u00e7\u00e3o", "autoria": "ERNESTO LAR\u00c9 (Ernesto da CEDAE)", "texto_original": "http://sapl.engenheiropaulodefrontin.rj.leg.br/media/sapl/public/materialegislativa/2022/693/indicacao_042-2022_01.pdf", "ementa": "Que seja disponibilizado em car\u00e1ter de urg\u00eancia Soro antiof\u00eddico na clinica cidade verde 24hrs, que fica no segundo Distrito Morro Azul"}, {"id": "694", "ano": "2022", "numero": "43", "tipo__sigla": "IND", "tipo__descricao": "Indica\u00e7\u00e3o", "autoria": "JULIO CESAR SERENO", "texto_original": "http://sapl.engenheiropaulodefrontin.rj.leg.br/media/sapl/public/materialegislativa/2022/694/indicacao_043-2022.pdf", "ementa": "Manuten\u00e7\u00e3o e asfaltamento - Alto do Chafre"}, {"id": "695", "ano": "2022", "numero": "44", "tipo__sigla": "IND", "tipo__descricao": "Indica\u00e7\u00e3o", "autoria": "ERNESTO LAR\u00c9 (Ernesto da CEDAE)", "texto_original": "http://sapl.engenheiropaulodefrontin.rj.leg.br/media/sapl/public/materialegislativa/2022/695/indicacao_044-2022.pdf", "ementa": "retirada de Entulhos e Ordenamento ao longo da Rua"}, {"id": "700", "ano": "2022", "numero": "45", "tipo__sigla": "IND", "tipo__descricao": "Indica\u00e7\u00e3o", "autoria": "ERNESTO LAR\u00c9 (Ernesto da CEDAE)", "texto_original": "http://sapl.engenheiropaulodefrontin.rj.leg.br/media/sapl/public/materialegislativa/2022/700/requerimento_ernesto_045_000128.pdf", "ementa": "Constru\u00e7\u00e3o de uma pra\u00e7a em Morro Azul."}, {"id": "701", "ano": "2022", "numero": "46", "tipo__sigla": "IND", "tipo__descricao": "Indica\u00e7\u00e3o", "autoria": "ELIAS DE CASTRO CORREA", "texto_original": "http://sapl.engenheiropaulodefrontin.rj.leg.br/media/sapl/public/materialegislativa/2022/701/indicacao_046-2022_0_1.pdf", "ementa": "Aquisi\u00e7\u00e3o de Unidade Odontom\u00f3vel."}, {"id": "1698", "ano": "2022", "numero": "47", "tipo__sigla": "IND", "tipo__descricao": "Indica\u00e7\u00e3o", "autoria": "MOISES ROCHA", "texto_original": "http://sapl.engenheiropaulodefrontin.rj.leg.br/media/sapl/public/materialegislativa/2022/1698/indicacao_047_moises__000163.pdf", "ementa": "\"Solicita\u00e7\u00e3o de acessibilidade \u00e0 C\u00e2mara de Vereadores para cadeirantes via constru\u00e7\u00e3o de rampa de acesso ou similar\""}, {"id": "1694", "ano": "2022", "numero": "48", "tipo__sigla": "IND", "tipo__descricao": "Indica\u00e7\u00e3o", "autoria": "JULIO CESAR SERENO", "texto_original": "http://sapl.engenheiropaulodefrontin.rj.leg.br/media/sapl/public/materialegislativa/2022/1694/048_000174.pdf", "ementa": "\"Manuten\u00e7\u00e3o de rua\""}, {"id": "1695", "ano": "2022", "numero": "49", "tipo__sigla": "IND", "tipo__descricao": "Indica\u00e7\u00e3o", "autoria": "JULIO CESAR SERENO", "texto_original": "http://sapl.engenheiropaulodefrontin.rj.leg.br/media/sapl/public/materialegislativa/2022/1695/049_000175.pdf", "ementa": "\"Coloca\u00e7\u00e3o de sinalizadores.\""}, {"id": "1696", "ano": "2022", "numero": "50", "tipo__sigla": "IND", "tipo__descricao": "Indica\u00e7\u00e3o", "autoria": "JULIO CESAR SERENO", "texto_original": "http://sapl.engenheiropaulodefrontin.rj.leg.br/media/sapl/public/materialegislativa/2022/1696/050_000176.pdf", "ementa": "\"Coloca\u00e7\u00e3o de quebra-molas.\""}, {"id": "1697", "ano": "2022", "numero": "51", "tipo__sigla": "IND", "tipo__descricao": "Indica\u00e7\u00e3o", "autoria": "JULIO CESAR SERENO", "texto_original": "http://sapl.engenheiropaulodefrontin.rj.leg.br/media/sapl/public/materialegislativa/2022/1697/051_000178.pdf", "ementa": "\"Melhorias e reparos na pavimenta\u00e7\u00e3o asf\u00e1ltica de Avenida Ant\u00f4nio Mauricio.\""}, {"id": "1699", "ano": "2022", "numero": "53", "tipo__sigla": "IND", "tipo__descricao": "Indica\u00e7\u00e3o", "autoria": "JULIO CESAR SERENO", "texto_original": "http://sapl.engenheiropaulodefrontin.rj.leg.br/media/sapl/public/materialegislativa/2022/1699/indicacao_053_000191.pdf", "ementa": "\"Melhorias e reparos na Rua Barro Vermelho.\""}]}