{"headers": {"id": "ID", "ano": "Ano", "numero": "N\u00famero", "tipo__sigla": "Tipo de Mat\u00e9ria Legislativa/Sigla", "tipo__descricao": "Tipo de Mat\u00e9ria Legislativa/Descri\u00e7\u00e3o", "autoria": "Autorias", "texto_original": "Texto Original", "ementa": "Ementa"}, "results": [{"id": "721", "ano": "2023", "numero": "6", "tipo__sigla": "IND", "tipo__descricao": "Indica\u00e7\u00e3o", "autoria": "ERNESTO LAR\u00c9 (Ernesto da CEDAE)", "texto_original": "http://sapl.engenheiropaulodefrontin.rj.leg.br/media/sapl/public/materialegislativa/2023/721/indicacao__ernesto_006-23.pdf", "ementa": "\"Instala\u00e7\u00e3o de quebra-molas em frente a capela mortu\u00e1ria; na Rua Nossa Senhora de F\u00e1tima e Vila Edgard, pr\u00f3ximo a rodovi\u00e1ria, no centro de Morro Azul - 2\u00ba Distrito.\""}, {"id": "792", "ano": "2023", "numero": "28", "tipo__sigla": "IND", "tipo__descricao": "Indica\u00e7\u00e3o", "autoria": "SANDRO FERREIRA (Deca)", "texto_original": "http://sapl.engenheiropaulodefrontin.rj.leg.br/media/sapl/public/materialegislativa/2023/792/indicacao_028-2023_sandro.pdf", "ementa": "\"Opera\u00e7\u00e3o tapa buracos e limpeza urbana no bairro T\u00fanel 11.\""}, {"id": "797", "ano": "2023", "numero": "35", "tipo__sigla": "IND", "tipo__descricao": "Indica\u00e7\u00e3o", "autoria": "SANDRO FERREIRA (Deca)", "texto_original": "http://sapl.engenheiropaulodefrontin.rj.leg.br/media/sapl/public/materialegislativa/2023/797/indicacao_035-2023_sandro.pdf", "ementa": "\"Restaura\u00e7\u00e3o da Rua Bacubix\u00e1 (Tamba-Taj\u00e1 Zeca Correia), no bairro Graminha.\""}]}