{"headers": {"id": "ID", "ano": "Ano", "numero": "N\u00famero", "tipo__sigla": "Tipo de Mat\u00e9ria Legislativa/Sigla", "tipo__descricao": "Tipo de Mat\u00e9ria Legislativa/Descri\u00e7\u00e3o", "autoria": "Autorias", "texto_original": "Texto Original", "ementa": "Ementa"}, "results": [{"id": "709", "ano": "2023", "numero": "1", "tipo__sigla": "PLOEx", "tipo__descricao": "Projeto de Lei Ordin\u00e1ria do Executivo", "autoria": "Jose Emmanoel Rodrigues Artemenko", "texto_original": "http://sapl.engenheiropaulodefrontin.rj.leg.br/media/sapl/public/materialegislativa/2023/709/pl_001-23_executivo_000012.pdf", "ementa": "\"Disp\u00f5e sobre cr\u00e9dito adicional especial no valor de R$495.500 (quatrocentos e noventa e cinco mil e quinhentos reais) e d\u00e1 outras correlatas provid\u00eancias.\""}, {"id": "710", "ano": "2023", "numero": "2", "tipo__sigla": "PLOEx", "tipo__descricao": "Projeto de Lei Ordin\u00e1ria do Executivo", "autoria": "Jose Emmanoel Rodrigues Artemenko", "texto_original": "http://sapl.engenheiropaulodefrontin.rj.leg.br/media/sapl/public/materialegislativa/2023/710/oficio_002-23_executivo.pdf", "ementa": "\"Disp\u00f5e sobre cr\u00e9dito adicional especial no valor de R$1.560.000,00 (um milh\u00e3o quinhentos e sessenta mil reais) e d\u00e1 outras correlatas provid\u00eancias.\""}, {"id": "715", "ano": "2023", "numero": "4", "tipo__sigla": "PLOEx", "tipo__descricao": "Projeto de Lei Ordin\u00e1ria do Executivo", "autoria": "Jose Emmanoel Rodrigues Artemenko", "texto_original": "http://sapl.engenheiropaulodefrontin.rj.leg.br/media/sapl/public/materialegislativa/2023/715/projeto_de_lei_004.pdf", "ementa": "\"Disp\u00f5e sobre a altera\u00e7\u00e3o da Lei 1435/2020 para o cargo tempor\u00e1rio de Supervisor do Programa Feliz do munic\u00edpio de Engenheiro Paulo de Frontin, e d\u00e1 outras provid\u00eancias\""}, {"id": "722", "ano": "2023", "numero": "5", "tipo__sigla": "PLOEx", "tipo__descricao": "Projeto de Lei Ordin\u00e1ria do Executivo", "autoria": "Jose Emmanoel Rodrigues Artemenko", "texto_original": "http://sapl.engenheiropaulodefrontin.rj.leg.br/media/sapl/public/materialegislativa/2023/722/pl_005-23_executivo_000034.pdf", "ementa": "\"Disp\u00f5e sobre Cr\u00e9dito Adicional Especial no valor de R$497.130,03 (quatrocentos e noventa e sete mil e cento e trinta reais e tr\u00eas centavos) e d\u00e1 outras correlatas provid\u00eancias.\""}, {"id": "776", "ano": "2023", "numero": "11", "tipo__sigla": "PLOEx", "tipo__descricao": "Projeto de Lei Ordin\u00e1ria do Executivo", "autoria": "Guilherme Teixeira Portugal", "texto_original": "http://sapl.engenheiropaulodefrontin.rj.leg.br/media/sapl/public/materialegislativa/2023/776/projeto_de_lei_011_2023_executivo.pdf", "ementa": "\"Autoriza a abertura de cr\u00e9dito adicional especial ao or\u00e7amento vigente.\""}, {"id": "778", "ano": "2023", "numero": "13", "tipo__sigla": "PLOEx", "tipo__descricao": "Projeto de Lei Ordin\u00e1ria do Executivo", "autoria": "Guilherme Teixeira Portugal", "texto_original": "http://sapl.engenheiropaulodefrontin.rj.leg.br/media/sapl/public/materialegislativa/2023/778/pl_013-23_executivo_corrigido.pdf", "ementa": "\"Lei das Diretrizes Or\u00e7ament\u00e1rias (LOA) - 2024.\""}, {"id": "779", "ano": "2023", "numero": "14", "tipo__sigla": "PLOEx", "tipo__descricao": "Projeto de Lei Ordin\u00e1ria do Executivo", "autoria": "Guilherme Teixeira Portugal", "texto_original": "http://sapl.engenheiropaulodefrontin.rj.leg.br/media/", "ementa": "\"D\u00e1 nova reda\u00e7\u00e3o ao par\u00e1grafo \u00fanico do art. 14 da lei n\u00ba 1285 de 15 de junho de 2018.\""}, {"id": "780", "ano": "2023", "numero": "15", "tipo__sigla": "PLOEx", "tipo__descricao": "Projeto de Lei Ordin\u00e1ria do Executivo", "autoria": "Guilherme Teixeira Portugal", "texto_original": "http://sapl.engenheiropaulodefrontin.rj.leg.br/media/sapl/public/materialegislativa/2023/780/projeto_de_lei_015-23_executivo.pdf", "ementa": "\"Altera lei municipal 1624 de 15 de dezembro de 2022.\""}, {"id": "781", "ano": "2023", "numero": "16", "tipo__sigla": "PLOEx", "tipo__descricao": "Projeto de Lei Ordin\u00e1ria do Executivo", "autoria": "Guilherme Teixeira Portugal", "texto_original": "http://sapl.engenheiropaulodefrontin.rj.leg.br/media/sapl/public/materialegislativa/2023/781/pl_016-23_executivo.pdf", "ementa": "\"Autoriza a abertura de cr\u00e9dito adicional especial ao or\u00e7amento vigente.\""}, {"id": "782", "ano": "2023", "numero": "17", "tipo__sigla": "PLOEx", "tipo__descricao": "Projeto de Lei Ordin\u00e1ria do Executivo", "autoria": "Jose Emmanoel Rodrigues Artemenko", "texto_original": "http://sapl.engenheiropaulodefrontin.rj.leg.br/media/sapl/public/materialegislativa/2023/782/projeto_de_lei_017-23_executivo.pdf", "ementa": "\"Altera art. 25 da lei municipal n\u00ba 1173/2015.\""}, {"id": "786", "ano": "2023", "numero": "18", "tipo__sigla": "PLOEx", "tipo__descricao": "Projeto de Lei Ordin\u00e1ria do Executivo", "autoria": "Jose Emmanoel Rodrigues Artemenko", "texto_original": "http://sapl.engenheiropaulodefrontin.rj.leg.br/media/sapl/public/materialegislativa/2023/786/pl_018-23_executivo.pdf", "ementa": "\" Autoriza a abertura de cr\u00e9dito adicional especial ao or\u00e7amento vigente no valor de R$221.275,00 (duzentos e vinte e um mil e duzentos e setenta e cinco reais).\""}, {"id": "845", "ano": "2023", "numero": "20", "tipo__sigla": "PLOEx", "tipo__descricao": "Projeto de Lei Ordin\u00e1ria do Executivo", "autoria": "", "texto_original": "http://sapl.engenheiropaulodefrontin.rj.leg.br/media/", "ementa": "Autoriza a abertura de cr\u00e9dito adicional especial ao or\u00e7amento vigente no valor de R$ 1.300.000,00"}, {"id": "846", "ano": "2023", "numero": "21", "tipo__sigla": "PLOEx", "tipo__descricao": "Projeto de Lei Ordin\u00e1ria do Executivo", "autoria": "", "texto_original": "http://sapl.engenheiropaulodefrontin.rj.leg.br/media/", "ementa": "Denomina as salas da Esta\u00e7\u00e3o Ferrovi\u00e1ria, do Munic\u00edpio de Engenheiro Paulo de Frontin"}, {"id": "916", "ano": "2023", "numero": "22", "tipo__sigla": "PLOEx", "tipo__descricao": "Projeto de Lei Ordin\u00e1ria do Executivo", "autoria": "Jose Emmanoel Rodrigues Artemenko", "texto_original": "http://sapl.engenheiropaulodefrontin.rj.leg.br/media/sapl/public/materialegislativa/2023/916/pl_022-23_executivo.pdf", "ementa": "\"Disp\u00f5e sobre a cria\u00e7\u00e3o do Vale Feira, para os servidores p\u00fablicos ativos municipais.\""}, {"id": "725", "ano": "2023", "numero": "1", "tipo__sigla": "PLOLG", "tipo__descricao": "Projeto de Lei Ordin\u00e1ria do Legislativo", "autoria": "JULIO CESAR SERENO", "texto_original": "http://sapl.engenheiropaulodefrontin.rj.leg.br/media/sapl/public/materialegislativa/2023/725/projeto_de_indicacao_001-2023_julio.pdf", "ementa": "\"Disp\u00f5e sobre a autoriza\u00e7\u00e3o da cria\u00e7\u00e3o do Fundo Municipal dos Direitos da Pessoa com Defici\u00eancia e d\u00e1 outras provid\u00eancias.\""}, {"id": "829", "ano": "2023", "numero": "4", "tipo__sigla": "PLOLG", "tipo__descricao": "Projeto de Lei Ordin\u00e1ria do Legislativo", "autoria": "KAIO BALTHAZAR", "texto_original": "http://sapl.engenheiropaulodefrontin.rj.leg.br/media/sapl/public/materialegislativa/2023/829/projeto_de_lei_no_004-23_kaio.pdf", "ementa": "\"Institui o Colar de Girassol no \u00e2mbito municipal e d\u00e1 outras provid\u00eancias.\""}, {"id": "830", "ano": "2023", "numero": "5", "tipo__sigla": "PLOLG", "tipo__descricao": "Projeto de Lei Ordin\u00e1ria do Legislativo", "autoria": "JORGE VILELA", "texto_original": "http://sapl.engenheiropaulodefrontin.rj.leg.br/media/sapl/public/materialegislativa/2023/830/projeto_de_lei_no_005-23_jorge_vilela.pdf", "ementa": "\"Concede a revis\u00e3o anual dos servidores da C\u00e2mara Municipal de Engenheiro Paulo de Frontin.\""}, {"id": "831", "ano": "2023", "numero": "6", "tipo__sigla": "PLOLG", "tipo__descricao": "Projeto de Lei Ordin\u00e1ria do Legislativo", "autoria": "JORGE VILELA", "texto_original": "http://sapl.engenheiropaulodefrontin.rj.leg.br/media/sapl/public/materialegislativa/2023/831/projeto_de_lei_no_006-23_jorge_vilela.pdf", "ementa": "\"Concede a revis\u00e3o geral anual dos subs\u00eddios dos vereadores e do presidente da C\u00e2mara Municipal de Engenheiro Paulo de Frontin.\""}, {"id": "832", "ano": "2023", "numero": "7", "tipo__sigla": "PLOLG", "tipo__descricao": "Projeto de Lei Ordin\u00e1ria do Legislativo", "autoria": "JORGE VILELA", "texto_original": "http://sapl.engenheiropaulodefrontin.rj.leg.br/media/sapl/public/materialegislativa/2023/832/projeto_de_lei_no_007-23_jorge_vilela.pdf", "ementa": "\"Autoriza a regulamentar a Lei Federal n\u00ba 14.434, de 04 de agosto de 2022 e da Emenda Constitucional n\u00ba 127/2022, que estabeleceu a compet\u00eancia da UNI\u00c3O para prestar Assist\u00eancia Financeira Complementar ao munic\u00edpio dos recursos necess\u00e1rios \u00e0 complementa\u00e7\u00e3o do piso nacional para o enfermeiro, o t\u00e9cnico de enfermagem, o auxiliar de enfermagem e a parteira.\""}, {"id": "848", "ano": "2023", "numero": "8", "tipo__sigla": "PLOLG", "tipo__descricao": "Projeto de Lei Ordin\u00e1ria do Legislativo", "autoria": "", "texto_original": "http://sapl.engenheiropaulodefrontin.rj.leg.br/media/", "ementa": "D\u00e1 denomina\u00e7\u00e3o \u00e0 Lagradouro P\u00fablico- Rua Monte Alegre, Sacra Fam\u00edlia - 2\u00ba Distrito."}, {"id": "1707", "ano": "2023", "numero": "5", "tipo__sigla": "PRESO", "tipo__descricao": "Projeto de Resolu\u00e7\u00e3o", "autoria": "JORGE VILELA", "texto_original": "http://sapl.engenheiropaulodefrontin.rj.leg.br/media/sapl/public/materialegislativa/2023/1707/projeto_de_resolucao_005-23.pdf", "ementa": "Regulamenta a Lei n\u00ba 14.133, de 01 de abril de 2021, que Disp\u00f5e sobre Licita\u00e7\u00f5es e Contratos Administrativos, no \u00e2mbito do Poder Legislativo do Munic\u00edpio de Engenheiro Paulo de Frontin."}, {"id": "719", "ano": "2023", "numero": "7", "tipo__sigla": "REQ", "tipo__descricao": "Requerimento", "autoria": "JULIO CESAR SERENO", "texto_original": "http://sapl.engenheiropaulodefrontin.rj.leg.br/media/sapl/public/materialegislativa/2023/719/requerimento_007.pdf", "ementa": "\"Requerendo esclarecimentos e informa\u00e7\u00f5es a respeito do processo de ades\u00e3o externa n\u00ba003/2023, firmado com Liberty Com\u00e9rcio de Equipamentos e Servi\u00e7os Eireli.\""}, {"id": "730", "ano": "2023", "numero": "8", "tipo__sigla": "REQ", "tipo__descricao": "Requerimento", "autoria": "JULIO CESAR SERENO", "texto_original": "http://sapl.engenheiropaulodefrontin.rj.leg.br/media/sapl/public/materialegislativa/2023/730/requerimento_008-23_julio_000048.pdf", "ementa": "\"REQUEREMOS \u00c0 MESA DIRETORA E OUVIDO O SOBERANO PLEN\u00c1RIO, QUE SEJA ENVIADO EXPEDIENTE AO EXCELENT\u00cdSSIMO PREFEITO MUNICIPAL, SENHOR JOS\u00c9 EMMANOEL RODRIGUES ARTEMENKO, REQUERENDO ESCLARECIMENTOS E INFORMA\u00c7\u00d5ES A RESPEITO DO PROCESSO ADMINISTRATIVO N\u00ba 4.086/2022, PREG\u00c3O PRESENCIAL n\u00ba 019/2022, PARA CONTRATA\u00c7\u00c3O DE EMPRESA ESPECIALIZADA NO FORNECIMENTO DE CESTA DE P\u00c1SCOA PARA OS ALUNOS DA REDE P\u00daBLICA.\""}, {"id": "737", "ano": "2023", "numero": "14", "tipo__sigla": "REQ", "tipo__descricao": "Requerimento", "autoria": "JULIO CESAR SERENO", "texto_original": "http://sapl.engenheiropaulodefrontin.rj.leg.br/media/sapl/public/materialegislativa/2023/737/requerimento_014-23_julio_000087.pdf", "ementa": "\"Requeremos \u00e0 mesa diretora e ouvido o soberano plen\u00e1rio, que seja enviado expediente ao Exmo. Prefeito Municipal em exerc\u00edcio, Sr. Guilherme Teixeira Portugal, requerendo esclarecimentos e informa\u00e7\u00f5es a respeito da cria\u00e7\u00e3o do fundo de previd\u00eancia dos servidores municipais deste ente federativo.\""}, {"id": "742", "ano": "2023", "numero": "16", "tipo__sigla": "REQ", "tipo__descricao": "Requerimento", "autoria": "ERNESTO LAR\u00c9 (Ernesto da CEDAE)", "texto_original": "http://sapl.engenheiropaulodefrontin.rj.leg.br/media/sapl/public/materialegislativa/2023/742/requerimento_016-23_ernesto.pdf", "ementa": "\"Solicita informa\u00e7\u00f5es sobre exames realizados pela rede municipal de sa\u00fade.\""}, {"id": "743", "ano": "2023", "numero": "17", "tipo__sigla": "REQ", "tipo__descricao": "Requerimento", "autoria": "ERNESTO LAR\u00c9 (Ernesto da CEDAE)", "texto_original": "http://sapl.engenheiropaulodefrontin.rj.leg.br/media/sapl/public/materialegislativa/2023/743/requerimento_017-23_ernesto.pdf", "ementa": "\"Solicita de informa\u00e7\u00f5es a rede p\u00fablica municipal de ensino, sobre viol\u00eancia sofrida por alunos.\""}, {"id": "744", "ano": "2023", "numero": "18", "tipo__sigla": "REQ", "tipo__descricao": "Requerimento", "autoria": "JULIO CESAR SERENO", "texto_original": "http://sapl.engenheiropaulodefrontin.rj.leg.br/media/sapl/public/materialegislativa/2023/744/requerimento_018-23_julio.pdf", "ementa": "\"Solicita informa\u00e7\u00f5es ao IBGE sobre retirada de localidades no censo demogr\u00e1fico.\""}, {"id": "1716", "ano": "2023", "numero": "23", "tipo__sigla": "REQ", "tipo__descricao": "Requerimento", "autoria": "KAIO BALTHAZAR", "texto_original": "http://sapl.engenheiropaulodefrontin.rj.leg.br/media/", "ementa": "\"Solicita do Programa Ambiente Jovem\""}, {"id": "764", "ano": "2023", "numero": "24", "tipo__sigla": "REQ", "tipo__descricao": "Requerimento", "autoria": "JULIO CESAR SERENO", "texto_original": "http://sapl.engenheiropaulodefrontin.rj.leg.br/media/sapl/public/materialegislativa/2023/764/requerimento_024_julio_000145.pdf", "ementa": "REQUEREMOS \u00c0 MESA DIRETORA E OUVIDO O SOBERANO PLEN\u00c1RIO, QUE SEJA ENVIADO EXPEDIENTE AO EXCELENT\u00cdSSIMO PREFEITO EM EXERC\u00cdCIO, SR. GUILHERME TEIXEIRA PORTUGAL, PARA QUE PRESTE INFORMA\u00c7\u00d5ES A RESPEITO DA LICITA\u00c7\u00c3O RECENTE PARA PROVEDOR DE INTERNET, COM C\u00d3PIA CAPA A CAPA DO REFERIDO PROCESSO ADMINISTRATIVO LICITAT\u00d3RIO."}, {"id": "765", "ano": "2023", "numero": "25", "tipo__sigla": "REQ", "tipo__descricao": "Requerimento", "autoria": "JULIO CESAR SERENO", "texto_original": "http://sapl.engenheiropaulodefrontin.rj.leg.br/media/sapl/public/materialegislativa/2023/765/requerimento_025_julio_000144.pdf", "ementa": "REQUEREMOS A MESA DIRETORA E OUVIDO O SOBERANO PLEN\u00c1RIO, QUE SEJA ENVIADO EXPEDIENTE AO EXCELENT\u00cdSSIMO PREFEITO EM EXERC\u00cdCIO, SR. GUILHERME TEIXEIRA PORTUGAL, PARA QUE PRESTE INFORMA\u00c7\u00d5ES A RESPEITO DO CANCELAMENTO DO CONTRATO COM A EMPRESA FORNECEDORA DE G\u00caNEROS ALIMENT\u00cdCIOS DA SECRETARIA DE EDUCA\u00c7\u00c3O E SOBRE PROCEDIMENTOS ADOTADOS PARA SUBSTITUI\u00c7\u00c3O DA MESMA, COM A C\u00d3PIA DE INTEIRO TEOR DE TODOS OS PROCESSOS ADMINISTRATIVOS PERTINENTES AO CASO."}, {"id": "766", "ano": "2023", "numero": "26", "tipo__sigla": "REQ", "tipo__descricao": "Requerimento", "autoria": "JULIO CESAR SERENO", "texto_original": "http://sapl.engenheiropaulodefrontin.rj.leg.br/media/sapl/public/materialegislativa/2023/766/requerimento_026_julio_000143.pdf", "ementa": "REQUEREMOS A MESA DIRETORA E OUVIDO O SOBERAN PLEN\u00c1RIO, QUE SEJA ENVIADO EXPEDIENTE A EXCELENT\u00cdSSIMO PREFEITO EM EXERC\u00cdCIO, SR. GUILHERM TEIXEIRA PORTUGAL, PARA QUE PRESTE INFORMA\u00c7\u00d5ES RESPEITO DO CONTRATO PARA FORNECIMENTO D COMBUST\u00cdVEIS FORMALIZADO PELA PREFEITURA, COM POSTO MENDENSE E COM A C\u00d3PIA DE INTEIRO TEOR DE TODO OS PROCESSOS ADMINISTRATIVOS PERTINENTES AO CASO."}, {"id": "767", "ano": "2023", "numero": "27", "tipo__sigla": "REQ", "tipo__descricao": "Requerimento", "autoria": "JULIO CESAR SERENO", "texto_original": "http://sapl.engenheiropaulodefrontin.rj.leg.br/media/sapl/public/materialegislativa/2023/767/requerimento_27_julio_000150.pdf", "ementa": "\"REQUEREMOS A MESA DIRETORA E OUVIDO O SOBERANO PLEN\u00c1RIO, QUE SEJA ENVIADO EXPEDIENTE AO EXCELENT\u00cdSSIMO PREFEITO EM EXERC\u00cdCIO, SR. GUILHERME TEIXEIRA PORTUGAL, PARA QUE ESTE INFORME QUAL SECRET\u00c1RIA OU \u00d3RG\u00c3O MUNICIPAL EST\u00c1 RESPONS\u00c1VEL PELA SA\u00daDE ANIMAL.\""}, {"id": "771", "ano": "2023", "numero": "28", "tipo__sigla": "REQ", "tipo__descricao": "Requerimento", "autoria": "JULIO CESAR SERENO", "texto_original": "http://sapl.engenheiropaulodefrontin.rj.leg.br/media/sapl/public/materialegislativa/2023/771/requerimento_28_julio_000149.pdf", "ementa": "\"Requeremos \u00e0 mesa diretora e ouvido o soberano plen\u00e1rio, que seja enviado expediente ao excelent\u00edssimo prefeito em exerc\u00edcio Guilherme Teixeira Portugal, para que preste informa\u00e7\u00f5es, elencando todas as emendas parlamentares que redundaram efetivamente em entrada de recursos para o munic\u00edpio nas \u00e1reas da sa\u00fade e da educa\u00e7\u00e3o, desde janeiro de 2021.\""}, {"id": "774", "ano": "2023", "numero": "29", "tipo__sigla": "REQ", "tipo__descricao": "Requerimento", "autoria": "JULIO CESAR SERENO", "texto_original": "http://sapl.engenheiropaulodefrontin.rj.leg.br/media/sapl/public/materialegislativa/2023/774/requerimento_029-23_julio.pdf", "ementa": "\"Requeremos \u00e0 mesa diretora e ouvido o soberano plen\u00e1rio, que seja enviado expediente ao excelent\u00edssimo prefeito em exerc\u00edcio, sr. Guilherme Teixeira Portugal, para que preste informa\u00e7\u00f5es a respeito da utiliza\u00e7\u00e3o do carro oficial (placa KWQ5G58) sendo utilizado diariamente, inclusive nos finais de semana e feriados pelo secret\u00e1rio municipal de fazenda, sr. Pedro Luiz de Castro Carvalho Neto; e qual o motivo de estar sendo utilizado para levar e trazer o referido secret\u00e1rio entre sua resid\u00eancia em outro munic\u00edpio e este munic\u00edpio de Eng\u00ba Paulo de Frontin, em claro desvio de finalidade.\""}, {"id": "1719", "ano": "2023", "numero": "30", "tipo__sigla": "REQ", "tipo__descricao": "Requerimento", "autoria": "KAIO BALTHAZAR", "texto_original": "http://sapl.engenheiropaulodefrontin.rj.leg.br/media/sapl/public/materialegislativa/2023/1719/requerimento_030-30_kaio.pdf", "ementa": "C\u00f3pia integral(capa a capa) do processo n\u00b01628/2022, ATA Registro de pre\u00e7o n\u00b0041/2023, cujo o objeto \u00e9 a Constru\u00e7\u00e3o de 30 Abrigos de \u00d4nibus para Atendimento as Eventuais Necessidades da Secretaria Municipal de Obras, cujo o valor Global da ATA \u00e9 de R$999.949,80(novecentos e noventa e nove mil, novecentos e\r\nquarenta e nove reais e oitenta centavos)."}, {"id": "1723", "ano": "2023", "numero": "32", "tipo__sigla": "REQ", "tipo__descricao": "Requerimento", "autoria": "KAIO BALTHAZAR", "texto_original": "http://sapl.engenheiropaulodefrontin.rj.leg.br/media/sapl/public/materialegislativa/2023/1723/rquerimento_032_kaio.pdf", "ementa": "Contemple nosso munic\u00edpio ainda neste m\u00eas de dezembro com o Projeto Cine Tela, que \u00e9 uma sess\u00e3o de cinema que contemple a\r\nsociedade neste fim de ano com filmes do cinema nacional."}, {"id": "1720", "ano": "2023", "numero": "33", "tipo__sigla": "REQ", "tipo__descricao": "Requerimento", "autoria": "KAIO BALTHAZAR", "texto_original": "http://sapl.engenheiropaulodefrontin.rj.leg.br/media/sapl/public/materialegislativa/2023/1720/requerimento_no_033-23_kaio.pdf", "ementa": "C\u00f3pia integral do processo administrativo: 1454/2022, extrato de\r\ninstrumento contratual 008/2023 com o Instrumento: Contrata\u00e7\u00e3o de Empresa Especializada para Loca\u00e7\u00e3o de Equipamento de Imagem no valor de R$ 2.544.000,00( Dois milh\u00f5es quinhentos e\r\nquarenta e quatro mil reais), que a data de assinatura em 09 de Maio de 2023."}, {"id": "847", "ano": "2023", "numero": "1", "tipo__sigla": "EMM", "tipo__descricao": "Emenda Modificativa", "autoria": "JORGE VILELA", "texto_original": "http://sapl.engenheiropaulodefrontin.rj.leg.br/media/", "ementa": "Altera o quadro de detalhamento de despesa do poder Executivo ao Projeto de Lei Or\u00e7ament\u00e1ria Anual- PLOA 13/23."}, {"id": "849", "ano": "2023", "numero": "2", "tipo__sigla": "EMM", "tipo__descricao": "Emenda Modificativa", "autoria": "KAIO BALTHAZAR", "texto_original": "http://sapl.engenheiropaulodefrontin.rj.leg.br/media/sapl/public/materialegislativa/2023/849/projeto_de_emenda_modificativa__no_002-23_kaio.pdf", "ementa": "Modifica o Inciso I do par\u00e1grafo 4\u00ba, que passa a vigorar coma seguinte reda\u00e7\u00e3o."}, {"id": "850", "ano": "2023", "numero": "3", "tipo__sigla": "EMM", "tipo__descricao": "Emenda Modificativa", "autoria": "KAIO BALTHAZAR", "texto_original": "http://sapl.engenheiropaulodefrontin.rj.leg.br/media/", "ementa": "Modifica o inciso I do par\u00e1grafo 4\u00ba, que passa a ter limite de 50% do total fixado para despesas autoriza\u00e7\u00e3o, digo, autorizadas por Lei para 2024."}, {"id": "851", "ano": "2023", "numero": "4", "tipo__sigla": "EMM", "tipo__descricao": "Emenda Modificativa", "autoria": "ERNESTO LAR\u00c9 (Ernesto da CEDAE)", "texto_original": "http://sapl.engenheiropaulodefrontin.rj.leg.br/media/", "ementa": "Modifica o Inciso I do par\u00e1grafo 4\u00ba que passa a vigorar com a seguinte reda\u00e7\u00e3o (7%)."}, {"id": "1703", "ano": "2023", "numero": "1", "tipo__sigla": "ESP", "tipo__descricao": "Emenda Supressiva", "autoria": "KAIO BALTHAZAR", "texto_original": "http://sapl.engenheiropaulodefrontin.rj.leg.br/media/sapl/public/materialegislativa/2023/1703/projeto_de_emenda_supressiva__no_001-23_kaio.pdf", "ementa": "Suprime o inciso Il do artigo 4\u00b0 do projeto de lei 013/2023"}, {"id": "705", "ano": "2023", "numero": "1", "tipo__sigla": "IND", "tipo__descricao": "Indica\u00e7\u00e3o", "autoria": "JULIO CESAR SERENO", "texto_original": "http://sapl.engenheiropaulodefrontin.rj.leg.br/media/sapl/public/materialegislativa/2023/705/indicacao_001-23_julio_000009.pdf", "ementa": "\"Constru\u00e7\u00e3o da quadra de Esporte e Lazer no bairro T\u00fanel 11\""}, {"id": "706", "ano": "2023", "numero": "2", "tipo__sigla": "IND", "tipo__descricao": "Indica\u00e7\u00e3o", "autoria": "JULIO CESAR SERENO", "texto_original": "http://sapl.engenheiropaulodefrontin.rj.leg.br/media/sapl/public/materialegislativa/2023/706/indicacao_002-23_julio_000010.pdf", "ementa": "\"Melhorias no bairro T\u00fanel 11\""}, {"id": "707", "ano": "2023", "numero": "3", "tipo__sigla": "IND", "tipo__descricao": "Indica\u00e7\u00e3o", "autoria": "ERNESTO LAR\u00c9 (Ernesto da CEDAE)", "texto_original": "http://sapl.engenheiropaulodefrontin.rj.leg.br/media/sapl/public/materialegislativa/2023/707/indicacao_003-23_ernesto_000005.pdf", "ementa": "\"Recapeamento asf\u00e1ltico e retirada de entulhos da Rua Novaes, em Morro Azul do Tingu\u00e1 - 3\u00ba distrito\u201d"}, {"id": "708", "ano": "2023", "numero": "4", "tipo__sigla": "IND", "tipo__descricao": "Indica\u00e7\u00e3o", "autoria": "ERNESTO LAR\u00c9 (Ernesto da CEDAE)", "texto_original": "http://sapl.engenheiropaulodefrontin.rj.leg.br/media/sapl/public/materialegislativa/2023/708/indicacao_004-23_ernesto_000007.pdf", "ementa": "\" Retirada de entulhos na Rua A, Santa Isabel no Morro da Diva, em Morro Azul - 3\u00ba distrito\u201d"}, {"id": "720", "ano": "2023", "numero": "5", "tipo__sigla": "IND", "tipo__descricao": "Indica\u00e7\u00e3o", "autoria": "ERNESTO LAR\u00c9 (Ernesto da CEDAE)", "texto_original": "http://sapl.engenheiropaulodefrontin.rj.leg.br/media/sapl/public/materialegislativa/2023/720/indicacao_005-23_000030.pdf", "ementa": "\"Conserto de murado pr\u00f3ximo ao ponto de \u00f4nibus na Pra\u00e7a Celso Caneira em Sacra Fam\u00edlia do Tingu\u00e1 - 2\u00ba Distrito.\""}, {"id": "728", "ano": "2023", "numero": "8", "tipo__sigla": "IND", "tipo__descricao": "Indica\u00e7\u00e3o", "autoria": "ERNESTO LAR\u00c9 (Ernesto da CEDAE)", "texto_original": "http://sapl.engenheiropaulodefrontin.rj.leg.br/media/sapl/public/materialegislativa/2023/728/indicacao_ernesto_008_23.pdf", "ementa": "\"Troca de l\u00e2mpada nos postes de ilumina\u00e7\u00e3o p\u00fablica da Rua Edmundo Lima, refer\u00eancia (Rua do Funil), Morro do Sossego.\""}, {"id": "729", "ano": "2023", "numero": "9", "tipo__sigla": "IND", "tipo__descricao": "Indica\u00e7\u00e3o", "autoria": "ERNESTO LAR\u00c9 (Ernesto da CEDAE)", "texto_original": "http://sapl.engenheiropaulodefrontin.rj.leg.br/media/sapl/public/materialegislativa/2023/729/indicacao_ernesto_009_23.pdf", "ementa": "\"Retirada de barreira ca\u00edda na Estrada Morro Azul, pr\u00f3ximo ao n\u00ba 4801 - 3\u00ba distrito.\""}, {"id": "739", "ano": "2023", "numero": "10", "tipo__sigla": "IND", "tipo__descricao": "Indica\u00e7\u00e3o", "autoria": "ERNESTO LAR\u00c9 (Ernesto da CEDAE)", "texto_original": "http://sapl.engenheiropaulodefrontin.rj.leg.br/media/sapl/public/materialegislativa/2023/739/indicacao_010-23_ernesto.pdf", "ementa": "\"Poda de \u00e1rvore em Morro Azul do Tingu\u00e1 - 3\u00ba Distrito.\""}, {"id": "740", "ano": "2023", "numero": "11", "tipo__sigla": "IND", "tipo__descricao": "Indica\u00e7\u00e3o", "autoria": "ERNESTO LAR\u00c9 (Ernesto da CEDAE)", "texto_original": "http://sapl.engenheiropaulodefrontin.rj.leg.br/media/sapl/public/materialegislativa/2023/740/indicacao_011-23_ernesto.pdf", "ementa": "\"Recoloca\u00e7\u00e3o de quebra-molas no bairro Arraial do Sapo.\""}, {"id": "741", "ano": "2023", "numero": "12", "tipo__sigla": "IND", "tipo__descricao": "Indica\u00e7\u00e3o", "autoria": "ERNESTO LAR\u00c9 (Ernesto da CEDAE)", "texto_original": "http://sapl.engenheiropaulodefrontin.rj.leg.br/media/sapl/public/materialegislativa/2023/741/indicacao_012-23_ernesto.pdf", "ementa": "\"Que seja feito o recapeamento asf\u00e1ltico nas Ruas A e B, no Morro da Diva, 3\u00ba distrito em Morro Azul, neste munic\u00edpio.\""}, {"id": "749", "ano": "2023", "numero": "13", "tipo__sigla": "IND", "tipo__descricao": "Indica\u00e7\u00e3o", "autoria": "ERNESTO LAR\u00c9 (Ernesto da CEDAE)", "texto_original": "http://sapl.engenheiropaulodefrontin.rj.leg.br/media/sapl/public/materialegislativa/2023/749/indicacao_013-23_ernesto.pdf", "ementa": "\"Desassoreamento de um rio localizado na Estrada de Ferreiros, Morro Azul - 3\u00ba Distrito.\""}, {"id": "757", "ano": "2023", "numero": "14", "tipo__sigla": "IND", "tipo__descricao": "Indica\u00e7\u00e3o", "autoria": "ERNESTO LAR\u00c9 (Ernesto da CEDAE)", "texto_original": "http://sapl.engenheiropaulodefrontin.rj.leg.br/media/sapl/public/materialegislativa/2023/757/indicacao_014-23_ernesto.pdf", "ementa": "\" Recoloca\u00e7\u00e3o de manilha na Estrada Velha, em Morro Azul, 3\u00ba Distrito.\""}, {"id": "758", "ano": "2023", "numero": "15", "tipo__sigla": "IND", "tipo__descricao": "Indica\u00e7\u00e3o", "autoria": "ERNESTO LAR\u00c9 (Ernesto da CEDAE)", "texto_original": "http://sapl.engenheiropaulodefrontin.rj.leg.br/media/sapl/public/materialegislativa/2023/758/indicacao_015-23_ernesto.pdf", "ementa": "\"Constru\u00e7\u00e3o dos banheiros e recoloca\u00e7\u00e3o de ilumina\u00e7\u00e3o na quadra de Palmas.\""}, {"id": "759", "ano": "2023", "numero": "16", "tipo__sigla": "IND", "tipo__descricao": "Indica\u00e7\u00e3o", "autoria": "JULIO CESAR SERENO", "texto_original": "http://sapl.engenheiropaulodefrontin.rj.leg.br/media/sapl/public/materialegislativa/2023/759/indicacao_julio_016.pdf", "ementa": "\"Prorroga\u00e7\u00e3o do prazo de Pagamento do IPTU.\""}, {"id": "763", "ano": "2023", "numero": "18", "tipo__sigla": "IND", "tipo__descricao": "Indica\u00e7\u00e3o", "autoria": "ERNESTO LAR\u00c9 (Ernesto da CEDAE)", "texto_original": "http://sapl.engenheiropaulodefrontin.rj.leg.br/media/sapl/public/materialegislativa/2023/763/indicacao_018-23_ernesto.pdf", "ementa": "\"Solicita reforma na Capela Mortu\u00e1ria de Sacra Fam\u00edlia do Tingu\u00e1 - 2\u00ba Distrito.\""}, {"id": "770", "ano": "2023", "numero": "19", "tipo__sigla": "IND", "tipo__descricao": "Indica\u00e7\u00e3o", "autoria": "SANDRA GIL", "texto_original": "http://sapl.engenheiropaulodefrontin.rj.leg.br/media/sapl/public/materialegislativa/2023/770/indicacao_019-23_sandra.pdf", "ementa": "\"Refazer o toldo de chegada da Cl\u00ednica 24h, em Morro Azul - 3\u00ba Distrito.\""}, {"id": "783", "ano": "2023", "numero": "21", "tipo__sigla": "IND", "tipo__descricao": "Indica\u00e7\u00e3o", "autoria": "ERNESTO LAR\u00c9 (Ernesto da CEDAE)", "texto_original": "http://sapl.engenheiropaulodefrontin.rj.leg.br/media/sapl/public/materialegislativa/2023/783/indicacao_021-23_ernesto.pdf", "ementa": "\"Recoloca\u00e7\u00e3o de bra\u00e7o de luz na Rua Coelho Azul, em Morro Azul - 3\u00ba distrito.\""}, {"id": "784", "ano": "2023", "numero": "22", "tipo__sigla": "IND", "tipo__descricao": "Indica\u00e7\u00e3o", "autoria": "ERNESTO LAR\u00c9 (Ernesto da CEDAE)", "texto_original": "http://sapl.engenheiropaulodefrontin.rj.leg.br/media/sapl/public/materialegislativa/2023/784/indicacao_022-23_ernesto.pdf", "ementa": "\"Retirada, poda de \u00e1rvore podre e restaura\u00e7\u00e3o do fio de alta tens\u00e3o na Rua Duvaldino Ferreira de Souza, em frente ao s\u00edtio 14 de maio, em Morro Azul do Tingu\u00e1 - 3\u00ba distrito.\""}, {"id": "785", "ano": "2023", "numero": "23", "tipo__sigla": "IND", "tipo__descricao": "Indica\u00e7\u00e3o", "autoria": "ERNESTO LAR\u00c9 (Ernesto da CEDAE)", "texto_original": "http://sapl.engenheiropaulodefrontin.rj.leg.br/media/sapl/public/materialegislativa/2023/785/indicacao_023-23_ernesto.pdf", "ementa": "\"Alargar a Rua Nossa Senhora de F\u00e1tima, no Centro de Morro Azul - 3\u00ba distrito.\""}, {"id": "788", "ano": "2023", "numero": "24", "tipo__sigla": "IND", "tipo__descricao": "Indica\u00e7\u00e3o", "autoria": "ERNESTO LAR\u00c9 (Ernesto da CEDAE)", "texto_original": "http://sapl.engenheiropaulodefrontin.rj.leg.br/media/sapl/public/materialegislativa/2023/788/indicacao_024-23_ernesto.pdf", "ementa": "\"Retirada de entulhos e melhorias no cal\u00e7amento do local onde jogam o lixo na Rua Carlos Gram\u00e1tico, Morro do Sossego.\""}, {"id": "790", "ano": "2023", "numero": "26", "tipo__sigla": "IND", "tipo__descricao": "Indica\u00e7\u00e3o", "autoria": "SANDRO FERREIRA (Deca)", "texto_original": "http://sapl.engenheiropaulodefrontin.rj.leg.br/media/sapl/public/materialegislativa/2023/790/indicacao_026-2023_sandro.pdf", "ementa": "\"Melhorias no bairro Palmeiras da Serra.\""}, {"id": "791", "ano": "2023", "numero": "27", "tipo__sigla": "IND", "tipo__descricao": "Indica\u00e7\u00e3o", "autoria": "SANDRO FERREIRA (Deca)", "texto_original": "http://sapl.engenheiropaulodefrontin.rj.leg.br/media/sapl/public/materialegislativa/2023/791/indicacao_027-2023_sandro.pdf", "ementa": "\"Opera\u00e7\u00e3o tapa buracos no bairro da Borracha.\""}, {"id": "795", "ano": "2023", "numero": "31", "tipo__sigla": "IND", "tipo__descricao": "Indica\u00e7\u00e3o", "autoria": "JORGE VILELA", "texto_original": "http://sapl.engenheiropaulodefrontin.rj.leg.br/media/sapl/public/materialegislativa/2023/795/indicacao_031-23_jorge_vilela.pdf", "ementa": "\"Coloca\u00e7\u00e3o de bra\u00e7os de luz el\u00e9tricas e l\u00e2mpadas, localizado na Rua \u00c1urea dos Santos Lavinas, no 3\u00ba Distrito em Morro Azul.\""}, {"id": "796", "ano": "2023", "numero": "33", "tipo__sigla": "IND", "tipo__descricao": "Indica\u00e7\u00e3o", "autoria": "SANDRO FERREIRA (Deca)", "texto_original": "http://sapl.engenheiropaulodefrontin.rj.leg.br/media/sapl/public/materialegislativa/2023/796/indicacao_033-2023_sandro.pdf", "ementa": "\"Recapeamento asf\u00e1ltico da Rua Celso Garcia, no bairro de Palmas.\""}, {"id": "798", "ano": "2023", "numero": "36", "tipo__sigla": "IND", "tipo__descricao": "Indica\u00e7\u00e3o", "autoria": "SANDRO FERREIRA (Deca)", "texto_original": "http://sapl.engenheiropaulodefrontin.rj.leg.br/media/sapl/public/materialegislativa/2023/798/indicacao_036-2023_sandro.pdf", "ementa": "\"Restaura\u00e7\u00e3o e tapa buraco da Estrada Imperial, bairro Graminha.\""}, {"id": "799", "ano": "2023", "numero": "37", "tipo__sigla": "IND", "tipo__descricao": "Indica\u00e7\u00e3o", "autoria": "SANDRO FERREIRA (Deca)", "texto_original": "http://sapl.engenheiropaulodefrontin.rj.leg.br/media/sapl/public/materialegislativa/2023/799/indicacao_037-2023_sandro.pdf", "ementa": "\"Restaura\u00e7\u00e3o da Rua Jo\u00e3o Cordeiro da Costa Silva, bairro Graminha.\""}, {"id": "800", "ano": "2023", "numero": "38", "tipo__sigla": "IND", "tipo__descricao": "Indica\u00e7\u00e3o", "autoria": "SANDRO FERREIRA (Deca)", "texto_original": "http://sapl.engenheiropaulodefrontin.rj.leg.br/media/sapl/public/materialegislativa/2023/800/indicacao_038-2023_sandro.pdf", "ementa": "\"Restaura\u00e7\u00e3o da Rua do Banco, no bairro Sacra Fam\u00edlia do Tingu\u00e1 - 2\u00ba Distrito.\""}, {"id": "801", "ano": "2023", "numero": "39", "tipo__sigla": "IND", "tipo__descricao": "Indica\u00e7\u00e3o", "autoria": "SANDRO FERREIRA (Deca)", "texto_original": "http://sapl.engenheiropaulodefrontin.rj.leg.br/media/sapl/public/materialegislativa/2023/801/indicacao_039-2023_sandro.pdf", "ementa": "\"Restaura\u00e7\u00e3o da Rua Toror\u00f3, no bairro Sacra Fam\u00edlia do Tingu\u00e1 - 2\u00ba Distrito.\""}, {"id": "802", "ano": "2023", "numero": "40", "tipo__sigla": "IND", "tipo__descricao": "Indica\u00e7\u00e3o", "autoria": "SANDRO FERREIRA (Deca)", "texto_original": "http://sapl.engenheiropaulodefrontin.rj.leg.br/media/sapl/public/materialegislativa/2023/802/indicacao_040-2023_sandro.pdf", "ementa": "\"Recapeamento da Rua Benjamin Acioly, bairro Sacra Fam\u00edlia do Tingu\u00e1 - 2\u00ba Distrito.\""}, {"id": "803", "ano": "2023", "numero": "42", "tipo__sigla": "IND", "tipo__descricao": "Indica\u00e7\u00e3o", "autoria": "SANDRO FERREIRA (Deca)", "texto_original": "http://sapl.engenheiropaulodefrontin.rj.leg.br/media/sapl/public/materialegislativa/2023/803/indicacao_042-2023_sandro.pdf", "ementa": "\"Restaura\u00e7\u00e3o da Rua das Magn\u00f3lias, bairro Sacra Fam\u00edlia do Tingu\u00e1 - 2\u00ba Distrito.\""}, {"id": "804", "ano": "2023", "numero": "43", "tipo__sigla": "IND", "tipo__descricao": "Indica\u00e7\u00e3o", "autoria": "SANDRO FERREIRA (Deca)", "texto_original": "http://sapl.engenheiropaulodefrontin.rj.leg.br/media/sapl/public/materialegislativa/2023/804/indicacao_043-2023_sandro.pdf", "ementa": "\"Restaura\u00e7\u00e3o da Rua Jos\u00e9 Menezes, bairro Sacra Fam\u00edlia do Tingu\u00e1 - 2\u00ba Distrito.\""}, {"id": "805", "ano": "2023", "numero": "44", "tipo__sigla": "IND", "tipo__descricao": "Indica\u00e7\u00e3o", "autoria": "SANDRO FERREIRA (Deca)", "texto_original": "http://sapl.engenheiropaulodefrontin.rj.leg.br/media/sapl/public/materialegislativa/2023/805/indicacao_044-2023_sandro.pdf", "ementa": "\"Restaura\u00e7\u00e3o da Rua T\u00e1vola Oval, bairro Sacra Fam\u00edlia do Tingu\u00e1 - 2\u00ba Distrito.\""}, {"id": "806", "ano": "2023", "numero": "45", "tipo__sigla": "IND", "tipo__descricao": "Indica\u00e7\u00e3o", "autoria": "SANDRO FERREIRA (Deca)", "texto_original": "http://sapl.engenheiropaulodefrontin.rj.leg.br/media/sapl/public/materialegislativa/2023/806/indicacao_045-2023_sandro.pdf", "ementa": "\"Recapeamento asf\u00e1ltico da Rua Sebasti\u00e3o Pereira Vendas, bairro Morro Azul do Tingu\u00e1 - 3\u00ba Distrito.\""}, {"id": "807", "ano": "2023", "numero": "46", "tipo__sigla": "IND", "tipo__descricao": "Indica\u00e7\u00e3o", "autoria": "SANDRO FERREIRA (Deca)", "texto_original": "http://sapl.engenheiropaulodefrontin.rj.leg.br/media/sapl/public/materialegislativa/2023/807/indicacao_046-2023_sandro.pdf", "ementa": "\"Recapeamento asf\u00e1ltico na Estrada do Bonfim, bairro Morro Azul do Tingu\u00e1 - 3\u00ba Distrito.\""}, {"id": "808", "ano": "2023", "numero": "47", "tipo__sigla": "IND", "tipo__descricao": "Indica\u00e7\u00e3o", "autoria": "SANDRO FERREIRA (Deca)", "texto_original": "http://sapl.engenheiropaulodefrontin.rj.leg.br/media/sapl/public/materialegislativa/2023/808/indicacao_047-2023_sandro.pdf", "ementa": "\"Restaura\u00e7\u00e3o e instala\u00e7\u00e3o de canaletas e bueiros na Rua Pau Ferro, no bairro de Morro Azul do Tingu\u00e1 - 3\u00ba Distrito.\""}, {"id": "809", "ano": "2023", "numero": "48", "tipo__sigla": "IND", "tipo__descricao": "Indica\u00e7\u00e3o", "autoria": "SANDRO FERREIRA (Deca)", "texto_original": "http://sapl.engenheiropaulodefrontin.rj.leg.br/media/sapl/public/materialegislativa/2023/809/indicacao_no_048-23_sandro.pdf", "ementa": "\"Restaura\u00e7\u00e3o e instala\u00e7\u00e3o de canaletas e bueiros da Rua S\u00e3o Br\u00e1s, em Morro Azul do Tingu\u00e1 - 3\u00ba Distrito.\""}, {"id": "810", "ano": "2023", "numero": "49", "tipo__sigla": "IND", "tipo__descricao": "Indica\u00e7\u00e3o", "autoria": "SANDRO FERREIRA (Deca)", "texto_original": "http://sapl.engenheiropaulodefrontin.rj.leg.br/media/sapl/public/materialegislativa/2023/810/indicacao_no_049-23_sandro.pdf", "ementa": "\"Restaura\u00e7\u00e3o e instala\u00e7\u00e3o de canaletas e bueiros da Rua S\u00e3o Jorge, em Morro Azul do Tingu\u00e1 - 3\u00ba Distrito.\""}, {"id": "811", "ano": "2023", "numero": "50", "tipo__sigla": "IND", "tipo__descricao": "Indica\u00e7\u00e3o", "autoria": "SANDRO FERREIRA (Deca)", "texto_original": "http://sapl.engenheiropaulodefrontin.rj.leg.br/media/sapl/public/materialegislativa/2023/811/indicacao_no_050-23_sandro.pdf", "ementa": "\"Recapeamento asf\u00e1ltico na Estrada Velha, em Morro Azul do Tingu\u00e1 - 3\u00ba Distrito.\""}, {"id": "812", "ano": "2023", "numero": "51", "tipo__sigla": "IND", "tipo__descricao": "Indica\u00e7\u00e3o", "autoria": "SANDRO FERREIRA (Deca)", "texto_original": "http://sapl.engenheiropaulodefrontin.rj.leg.br/media/sapl/public/materialegislativa/2023/812/indicacao_051_sandro_ferreira_000244.pdf", "ementa": "\"Restaura\u00e7\u00e3o e instala\u00e7\u00e3o de bueiros na Estrada Invernada, em Morro Azul do Tingu\u00e1 - 3\u00ba Distrito.\""}, {"id": "813", "ano": "2023", "numero": "52", "tipo__sigla": "IND", "tipo__descricao": "Indica\u00e7\u00e3o", "autoria": "SANDRO FERREIRA (Deca)", "texto_original": "http://sapl.engenheiropaulodefrontin.rj.leg.br/media/sapl/public/materialegislativa/2023/813/indicacao_052_sandro_ferreira_000246.pdf", "ementa": "\"Restaura\u00e7\u00e3o e instala\u00e7\u00e3o de bueiros e canaletas na Rua Coelho Azul, em Morro Azul do Tingu\u00e1 - 3\u00ba Distrito.\""}, {"id": "814", "ano": "2023", "numero": "53", "tipo__sigla": "IND", "tipo__descricao": "Indica\u00e7\u00e3o", "autoria": "SANDRO FERREIRA (Deca)", "texto_original": "http://sapl.engenheiropaulodefrontin.rj.leg.br/media/sapl/public/materialegislativa/2023/814/indicacao_053_sandro_ferreira_000247.pdf", "ementa": "\"Restaura\u00e7\u00e3o e instala\u00e7\u00e3o de bueiros na Rua Felisbina Barros, em Morro Azul do Tingu\u00e1 - 3\u00ba Distrito.\""}, {"id": "815", "ano": "2023", "numero": "54", "tipo__sigla": "IND", "tipo__descricao": "Indica\u00e7\u00e3o", "autoria": "SANDRO FERREIRA (Deca)", "texto_original": "http://sapl.engenheiropaulodefrontin.rj.leg.br/media/sapl/public/materialegislativa/2023/815/indicacao_no_054-23_sandro.pdf", "ementa": "\"Restaura\u00e7\u00e3o e instala\u00e7\u00e3o de bueiros na Rua Ant\u00f4nio Luciano, em Morro Azul do Tingu\u00e1 - 3\u00ba Distrito.\""}, {"id": "816", "ano": "2023", "numero": "55", "tipo__sigla": "IND", "tipo__descricao": "Indica\u00e7\u00e3o", "autoria": "SANDRO FERREIRA (Deca)", "texto_original": "http://sapl.engenheiropaulodefrontin.rj.leg.br/media/sapl/public/materialegislativa/2023/816/indicacao_no_055-23_sandro.pdf", "ementa": "\"Restaura\u00e7\u00e3o da Rua Manoel Dias Carvalho, em Morro Azul do Tingu\u00e1 - 3\u00ba Distrito.\""}, {"id": "817", "ano": "2023", "numero": "56", "tipo__sigla": "IND", "tipo__descricao": "Indica\u00e7\u00e3o", "autoria": "SANDRO FERREIRA (Deca)", "texto_original": "http://sapl.engenheiropaulodefrontin.rj.leg.br/media/sapl/public/materialegislativa/2023/817/indicacao_no_056-23_sandro.pdf", "ementa": "\"Restaura\u00e7\u00e3o da Estrada Barro Vermelho, em Morro Azul do Tingu\u00e1 - 3\u00ba Distrito.\""}, {"id": "818", "ano": "2023", "numero": "57", "tipo__sigla": "IND", "tipo__descricao": "Indica\u00e7\u00e3o", "autoria": "SANDRO FERREIRA (Deca)", "texto_original": "http://sapl.engenheiropaulodefrontin.rj.leg.br/media/sapl/public/materialegislativa/2023/818/indicacao_no_057-23_sandro.pdf", "ementa": "\"Restaura\u00e7\u00e3o da Avenida Maria Luiza (Aprendizado), em Morro Azul do Tingu\u00e1.\""}, {"id": "819", "ano": "2023", "numero": "58", "tipo__sigla": "IND", "tipo__descricao": "Indica\u00e7\u00e3o", "autoria": "SANDRO FERREIRA (Deca)", "texto_original": "http://sapl.engenheiropaulodefrontin.rj.leg.br/media/sapl/public/materialegislativa/2023/819/indicacao_no_058-23_sandro.pdf", "ementa": "\"Recapeamento asf\u00e1ltico na Rua Manoel Pedro Gon\u00e7alves (Rua dos Velhacos), em Morro Azul do Tingu\u00e1 - 3\u00ba Distrito.\""}, {"id": "820", "ano": "2023", "numero": "59", "tipo__sigla": "IND", "tipo__descricao": "Indica\u00e7\u00e3o", "autoria": "SANDRO FERREIRA (Deca)", "texto_original": "http://sapl.engenheiropaulodefrontin.rj.leg.br/media/sapl/public/materialegislativa/2023/820/indicacao_no_059-23_sandro.pdf", "ementa": "\"Restaura\u00e7\u00e3o da Rua Manoel Gon\u00e7alves (Estrada de Ferreiros), em Morro Azul do Tingu\u00e1 - 3\u00ba DIstrito.\""}, {"id": "821", "ano": "2023", "numero": "60", "tipo__sigla": "IND", "tipo__descricao": "Indica\u00e7\u00e3o", "autoria": "SANDRO FERREIRA (Deca)", "texto_original": "http://sapl.engenheiropaulodefrontin.rj.leg.br/media/sapl/public/materialegislativa/2023/821/indicacao_no_060-23_sandro.pdf", "ementa": "\"Constru\u00e7\u00e3o de cal\u00e7adas em todos os bairros de Sacra Fam\u00edlia - 2\u00ba Distrito e em Morro Azul - 3\u00ba Distrito.\""}, {"id": "822", "ano": "2023", "numero": "61", "tipo__sigla": "IND", "tipo__descricao": "Indica\u00e7\u00e3o", "autoria": "SANDRO FERREIRA (Deca)", "texto_original": "http://sapl.engenheiropaulodefrontin.rj.leg.br/media/sapl/public/materialegislativa/2023/822/indicacao_no_061-23_sandro.pdf", "ementa": "\"Restaura\u00e7\u00e3o da Estrada F, no bairro Palmeiras da Serra.\""}, {"id": "823", "ano": "2023", "numero": "62", "tipo__sigla": "IND", "tipo__descricao": "Indica\u00e7\u00e3o", "autoria": "SANDRO FERREIRA (Deca)", "texto_original": "http://sapl.engenheiropaulodefrontin.rj.leg.br/media/", "ementa": "\"Restaura\u00e7\u00e3o da Estrada da Lagoinha, no bairro Palmeiras da Serra.\""}, {"id": "824", "ano": "2023", "numero": "63", "tipo__sigla": "IND", "tipo__descricao": "Indica\u00e7\u00e3o", "autoria": "SANDRO FERREIRA (Deca)", "texto_original": "http://sapl.engenheiropaulodefrontin.rj.leg.br/media/sapl/public/materialegislativa/2023/824/indicacao_no_063-23_sandro.pdf", "ementa": "\"Restaura\u00e7\u00e3o da Estrada da Saibreira, no bairro Palmeiras da Serra.\""}, {"id": "825", "ano": "2023", "numero": "64", "tipo__sigla": "IND", "tipo__descricao": "Indica\u00e7\u00e3o", "autoria": "ERNESTO LAR\u00c9 (Ernesto da CEDAE)", "texto_original": "http://sapl.engenheiropaulodefrontin.rj.leg.br/media/sapl/public/materialegislativa/2023/825/indicacao_064-23_ernesto.pdf", "ementa": "\"Limpeza urbana e providenciar novos lat\u00f5es de lixo na Rua Ol\u00edmpio Nunes, no bairro S\u00e3o Louren\u00e7o.\""}, {"id": "826", "ano": "2023", "numero": "71", "tipo__sigla": "IND", "tipo__descricao": "Indica\u00e7\u00e3o", "autoria": "ERNESTO LAR\u00c9 (Ernesto da CEDAE)", "texto_original": "http://sapl.engenheiropaulodefrontin.rj.leg.br/media/sapl/public/materialegislativa/2023/826/indicacao_071-23_ernesto.pdf", "ementa": "\"Restaura\u00e7\u00e3o das ruas das casas populares de Sacra Fam\u00edlia do Tingu\u00e1 - 2\u00ba Distrito.\""}, {"id": "827", "ano": "2023", "numero": "72", "tipo__sigla": "IND", "tipo__descricao": "Indica\u00e7\u00e3o", "autoria": "ERNESTO LAR\u00c9 (Ernesto da CEDAE)", "texto_original": "http://sapl.engenheiropaulodefrontin.rj.leg.br/media/sapl/public/materialegislativa/2023/827/indicacao_072-23_ernesto.pdf", "ementa": "\"Constru\u00e7\u00e3o de uma pra\u00e7a.\""}, {"id": "828", "ano": "2023", "numero": "73", "tipo__sigla": "IND", "tipo__descricao": "Indica\u00e7\u00e3o", "autoria": "ERNESTO LAR\u00c9 (Ernesto da CEDAE)", "texto_original": "http://sapl.engenheiropaulodefrontin.rj.leg.br/media/sapl/public/materialegislativa/2023/828/indicacao_073-23_ernesto.pdf", "ementa": "\"Retirada de entulho e ordenamento ao longo da Rua D\u00e1rio Batista Goulart, em Sacra Fam\u00edlia do Tingu\u00e1 - 2\u00ba Distrito.\""}, {"id": "834", "ano": "2023", "numero": "74", "tipo__sigla": "IND", "tipo__descricao": "Indica\u00e7\u00e3o", "autoria": "", "texto_original": "http://sapl.engenheiropaulodefrontin.rj.leg.br/media/", "ementa": "\"Limpeza do Rio  que corta pelo Centro e pelas casas populares de Morro Azul  do Tingu\u00e1 - 3\u00ba Distrito.\""}, {"id": "835", "ano": "2023", "numero": "75", "tipo__sigla": "IND", "tipo__descricao": "Indica\u00e7\u00e3o", "autoria": "ERNESTO LAR\u00c9 (Ernesto da CEDAE)", "texto_original": "http://sapl.engenheiropaulodefrontin.rj.leg.br/media/", "ementa": "\"Reforma do PSF do Centro, no bairro Arraial do Sapo.\""}, {"id": "836", "ano": "2023", "numero": "76", "tipo__sigla": "IND", "tipo__descricao": "Indica\u00e7\u00e3o", "autoria": "ERNESTO LAR\u00c9 (Ernesto da CEDAE)", "texto_original": "http://sapl.engenheiropaulodefrontin.rj.leg.br/media/", "ementa": "\"Que seja disponibilizado em car\u00e1ter de urg\u00eancia soro antiof\u00eddico na Cl\u00ednica Cidade Verde 24h, que fica em Morro Azul do Tingu\u00e1 - 3\u00ba Distrito.\""}, {"id": "837", "ano": "2023", "numero": "77", "tipo__sigla": "IND", "tipo__descricao": "Indica\u00e7\u00e3o", "autoria": "ERNESTO LAR\u00c9 (Ernesto da CEDAE)", "texto_original": "http://sapl.engenheiropaulodefrontin.rj.leg.br/media/sapl/public/materialegislativa/2023/837/indicacao_77-_ernesto_000008.pdf", "ementa": "\"Asfaltamento da Rua Cesar Lago, em Morro Azul do Tingu\u00e1 - 3\u00ba Distrito.\""}, {"id": "838", "ano": "2023", "numero": "78", "tipo__sigla": "IND", "tipo__descricao": "Indica\u00e7\u00e3o", "autoria": "ERNESTO LAR\u00c9 (Ernesto da CEDAE)", "texto_original": "http://sapl.engenheiropaulodefrontin.rj.leg.br/media/sapl/public/materialegislativa/2023/838/indicacao_78-_ernesto_000010.pdf", "ementa": "\"Recapeamento da Rua Messias Baptista Goulart, em Morro Azul do Tingu\u00e1 - 3\u00ba Distrito.\""}, {"id": "839", "ano": "2023", "numero": "79", "tipo__sigla": "IND", "tipo__descricao": "Indica\u00e7\u00e3o", "autoria": "MOISES ROCHA", "texto_original": "http://sapl.engenheiropaulodefrontin.rj.leg.br/media/sapl/public/materialegislativa/2023/839/indicacao_079-23_moises.pdf", "ementa": "\"Constru\u00e7\u00e3o de pontos de \u00f4nibus RJ 127, Bairro S\u00e3o Louren\u00e7o, ao lado da delegacia, digo, em frene ao n\u00ba 22.124.\""}, {"id": "840", "ano": "2023", "numero": "80", "tipo__sigla": "IND", "tipo__descricao": "Indica\u00e7\u00e3o", "autoria": "MOISES ROCHA", "texto_original": "http://sapl.engenheiropaulodefrontin.rj.leg.br/media/sapl/public/materialegislativa/2023/840/indicacao_080-23_moises.pdf", "ementa": "\"Constru\u00e7\u00e3o de uma pracinha RJ, no Bairro S\u00e3o Louren\u00e7o, pr\u00f3xima a Delegacia.\""}, {"id": "841", "ano": "2023", "numero": "81", "tipo__sigla": "IND", "tipo__descricao": "Indica\u00e7\u00e3o", "autoria": "MOISES ROCHA", "texto_original": "http://sapl.engenheiropaulodefrontin.rj.leg.br/media/sapl/public/materialegislativa/2023/841/indicacao_081-23_moises.pdf", "ementa": "\"Pintura de faixa de pedestre na RJ 127, no Bairro Ramalho.\""}, {"id": "842", "ano": "2023", "numero": "82", "tipo__sigla": "IND", "tipo__descricao": "Indica\u00e7\u00e3o", "autoria": "MOISES ROCHA", "texto_original": "http://sapl.engenheiropaulodefrontin.rj.leg.br/media/sapl/public/materialegislativa/2023/842/indicacao_082-23_moises.pdf", "ementa": "\"Pintura de faixa de pedestre no bairro Ramalho.\""}, {"id": "843", "ano": "2023", "numero": "83", "tipo__sigla": "IND", "tipo__descricao": "Indica\u00e7\u00e3o", "autoria": "MOISES ROCHA", "texto_original": "http://sapl.engenheiropaulodefrontin.rj.leg.br/media/sapl/public/materialegislativa/2023/843/indicacao_083-23_moises.pdf", "ementa": "\"Pintura de faixas de pedestres, no bairro S\u00e3o Louren\u00e7o.\""}, {"id": "844", "ano": "2023", "numero": "84", "tipo__sigla": "IND", "tipo__descricao": "Indica\u00e7\u00e3o", "autoria": "", "texto_original": "http://sapl.engenheiropaulodefrontin.rj.leg.br/media/", "ementa": "Instala\u00e7\u00e3o de poste, rede el\u00e9trica e luz"}]}