{"headers": {"id": "ID", "ano": "Ano", "numero": "N\u00famero", "tipo__sigla": "Tipo de Mat\u00e9ria Legislativa/Sigla", "tipo__descricao": "Tipo de Mat\u00e9ria Legislativa/Descri\u00e7\u00e3o", "autoria": "Autorias", "texto_original": "Texto Original", "ementa": "Ementa"}, "results": [{"id": "2351", "ano": "2025", "numero": "3", "tipo__sigla": "PDL", "tipo__descricao": "Projeto de Decreto Legislativo", "autoria": "JEFERSON ADRIANO GOMES MOREIRA", "texto_original": "http://sapl.engenheiropaulodefrontin.rj.leg.br/media/sapl/public/materialegislativa/2025/2351/pdl2025-03.pdf", "ementa": "Outorga a \"Medalha de M\u00e9rito Legislativo\" a Sra. Maria Ignez da Silva Alves"}, {"id": "2352", "ano": "2025", "numero": "4", "tipo__sigla": "PDL", "tipo__descricao": "Projeto de Decreto Legislativo", "autoria": "ROSANGELA PASSOS", "texto_original": "http://sapl.engenheiropaulodefrontin.rj.leg.br/media/sapl/public/materialegislativa/2025/2352/pdl2025-04.pdf", "ementa": "Outorga a \"Medalha de M\u00e9rito Legislativo\" a Sra. Maria Ignez da Silva Alves"}, {"id": "2353", "ano": "2025", "numero": "5", "tipo__sigla": "PDL", "tipo__descricao": "Projeto de Decreto Legislativo", "autoria": "KAIO BALTHAZAR", "texto_original": "http://sapl.engenheiropaulodefrontin.rj.leg.br/media/sapl/public/materialegislativa/2025/2353/pdl2025-05.pdf", "ementa": "Outorga a \"Medalha de M\u00e9rito Legislativo\" ao Sr. Rog\u00e9rio Baltar Cara Santa"}, {"id": "2354", "ano": "2025", "numero": "6", "tipo__sigla": "PDL", "tipo__descricao": "Projeto de Decreto Legislativo", "autoria": "JORGE VILELA", "texto_original": "http://sapl.engenheiropaulodefrontin.rj.leg.br/media/sapl/public/materialegislativa/2025/2354/pdl2025-06.pdf", "ementa": "Outorga a \"Medalha de M\u00e9rito Legislativo\" ao Sr. F\u00e1bio Augusto Bastos Cabral"}, {"id": "2355", "ano": "2025", "numero": "7", "tipo__sigla": "PDL", "tipo__descricao": "Projeto de Decreto Legislativo", "autoria": "GABRIEL LOUREN\u00c7O", "texto_original": "http://sapl.engenheiropaulodefrontin.rj.leg.br/media/sapl/public/materialegislativa/2025/2355/pdl2025-07.pdf", "ementa": "Outorga a \"Medalha de M\u00e9rito Legislativo\" a Sra. Karyn Aparecida da Silva Cerqueira"}, {"id": "2283", "ano": "2025", "numero": "8", "tipo__sigla": "PDL", "tipo__descricao": "Projeto de Decreto Legislativo", "autoria": "VINICIUS NORA", "texto_original": "http://sapl.engenheiropaulodefrontin.rj.leg.br/media/sapl/public/materialegislativa/2025/2283/decleg08-25.pdf", "ementa": "\"SUSTA O CONTRATO ADMINISTRATIVO N\u00b0 427/2025 FIRMADO ENTRE A PREFEITURA MUNICIPAL DE ENGENHEIRO PAULO DE FRONTIN/RJ E A EMPRESA CONECTA GEST\u00c3O EM SA\u00daDE (nova denomina\u00e7\u00e3o da empresa DOCTOR VIP).\""}, {"id": "2356", "ano": "2025", "numero": "9", "tipo__sigla": "PDL", "tipo__descricao": "Projeto de Decreto Legislativo", "autoria": "VINICIUS NORA", "texto_original": "http://sapl.engenheiropaulodefrontin.rj.leg.br/media/sapl/public/materialegislativa/2025/2356/pdl2025-09.pdf", "ementa": "Outorga a \"Medalha de M\u00e9rito Legislativo\" ao Hotel Fazenda Santa Barbara"}, {"id": "2357", "ano": "2025", "numero": "10", "tipo__sigla": "PDL", "tipo__descricao": "Projeto de Decreto Legislativo", "autoria": "Mesa Diretora", "texto_original": "http://sapl.engenheiropaulodefrontin.rj.leg.br/media/sapl/public/materialegislativa/2025/2357/pdl2025-010.pdf", "ementa": "Outorga a \"Medalha de M\u00e9rito Legislativo\" ao 2\u00b0Ten. P.M. Robert de Moura Moreira"}, {"id": "2358", "ano": "2025", "numero": "11", "tipo__sigla": "PDL", "tipo__descricao": "Projeto de Decreto Legislativo", "autoria": "SANDRO FERREIRA (Deca)", "texto_original": "http://sapl.engenheiropaulodefrontin.rj.leg.br/media/sapl/public/materialegislativa/2025/2358/pdl2025-011.pdf", "ementa": "Outorga a \"Medalha de M\u00e9rito Legislativo\" ao Sr. Jos\u00e9 Vitor Vieira Bissonho J\u00fanior"}, {"id": "2359", "ano": "2025", "numero": "12", "tipo__sigla": "PDL", "tipo__descricao": "Projeto de Decreto Legislativo", "autoria": "Mesa Diretora", "texto_original": "http://sapl.engenheiropaulodefrontin.rj.leg.br/media/sapl/public/materialegislativa/2025/2359/pdl2025-012.pdf", "ementa": "Outorga a \"Medalha de M\u00e9rito Legislativo\" a Sra. Elaine Laport da Silva"}, {"id": "2360", "ano": "2025", "numero": "13", "tipo__sigla": "PDL", "tipo__descricao": "Projeto de Decreto Legislativo", "autoria": "SANDRO FERREIRA (Deca)", "texto_original": "http://sapl.engenheiropaulodefrontin.rj.leg.br/media/sapl/public/materialegislativa/2025/2360/pdl2025-013.pdf", "ementa": "Outorga a \"Medalha de M\u00e9rito Legislativo\" a Sr. Pablo Henrique de Farias Granadeiro"}, {"id": "2361", "ano": "2025", "numero": "14", "tipo__sigla": "PDL", "tipo__descricao": "Projeto de Decreto Legislativo", "autoria": "SANDRA GIL", "texto_original": "http://sapl.engenheiropaulodefrontin.rj.leg.br/media/sapl/public/materialegislativa/2025/2361/pdl2025-014.pdf", "ementa": "Outorga a \"Medalha de M\u00e9rito Legislativo\" ao Sr. Marcos Paulo Veloso"}, {"id": "2362", "ano": "2025", "numero": "15", "tipo__sigla": "PDL", "tipo__descricao": "Projeto de Decreto Legislativo", "autoria": "JEFERSON ADRIANO GOMES MOREIRA", "texto_original": "http://sapl.engenheiropaulodefrontin.rj.leg.br/media/sapl/public/materialegislativa/2025/2362/pdl2025-015.pdf", "ementa": "Outorga a \"Placa de M\u00e9rito Legislativo\" a Sra. Michele Aparecida de Souza Costa Ribeiro."}, {"id": "2363", "ano": "2025", "numero": "16", "tipo__sigla": "PDL", "tipo__descricao": "Projeto de Decreto Legislativo", "autoria": "ROSANGELA PASSOS", "texto_original": "http://sapl.engenheiropaulodefrontin.rj.leg.br/media/sapl/public/materialegislativa/2025/2363/pdl2025-016.pdf", "ementa": "Outorga a \"Placa de M\u00e9rito Legislativo\" ao 10Ten. P.M. Ronaldo Martins Botelho."}, {"id": "2364", "ano": "2025", "numero": "17", "tipo__sigla": "PDL", "tipo__descricao": "Projeto de Decreto Legislativo", "autoria": "Mesa Diretora", "texto_original": "http://sapl.engenheiropaulodefrontin.rj.leg.br/media/sapl/public/materialegislativa/2025/2364/pdl2025-017.pdf", "ementa": "Outorga a \"Placa de M\u00e9rito Legislativo\" ao Sr. Jorge Henrique Costa de Oliveira"}, {"id": "2365", "ano": "2025", "numero": "18", "tipo__sigla": "PDL", "tipo__descricao": "Projeto de Decreto Legislativo", "autoria": "Mesa Diretora", "texto_original": "http://sapl.engenheiropaulodefrontin.rj.leg.br/media/sapl/public/materialegislativa/2025/2365/pdl2025-018.pdf", "ementa": "Outorga a \"Placa de M\u00e9rito Legislativo\" ao Sr. Danilo de Vasconcelos Soares."}, {"id": "2366", "ano": "2025", "numero": "19", "tipo__sigla": "PDL", "tipo__descricao": "Projeto de Decreto Legislativo", "autoria": "Mesa Diretora", "texto_original": "http://sapl.engenheiropaulodefrontin.rj.leg.br/media/sapl/public/materialegislativa/2025/2366/pdl2025-019.pdf", "ementa": "Outorga a \"Placa de M\u00e9rito Legislativo\" ao Excelent\u00edssimo Sr. Coronel F\u00e1bio Corr\u00eaa Ribeiro."}, {"id": "2367", "ano": "2025", "numero": "20", "tipo__sigla": "PDL", "tipo__descricao": "Projeto de Decreto Legislativo", "autoria": "Mesa Diretora", "texto_original": "http://sapl.engenheiropaulodefrontin.rj.leg.br/media/sapl/public/materialegislativa/2025/2367/pdl2025-020.pdf", "ementa": "Outorga a \"Placa de M\u00e9rito Legislativo\" ao Pr. Eziel Pimentel de Carvalho."}, {"id": "2368", "ano": "2025", "numero": "21", "tipo__sigla": "PDL", "tipo__descricao": "Projeto de Decreto Legislativo", "autoria": "KAIO BALTHAZAR", "texto_original": "http://sapl.engenheiropaulodefrontin.rj.leg.br/media/sapl/public/materialegislativa/2025/2368/pdl2025-021.pdf", "ementa": "Outorga a \"Placa de M\u00e9rito Legislativo\" ao Sr. Rafael Nigre da Silva"}, {"id": "2369", "ano": "2025", "numero": "22", "tipo__sigla": "PDL", "tipo__descricao": "Projeto de Decreto Legislativo", "autoria": "VINICIUS NORA", "texto_original": "http://sapl.engenheiropaulodefrontin.rj.leg.br/media/sapl/public/materialegislativa/2025/2369/pdl2025-022.pdf", "ementa": "Outorga a \"Placa de M\u00e9rito Legislativo\" a Sra. St\u00e9phanie Lima Gon\u00e7alves da Silva."}, {"id": "2370", "ano": "2025", "numero": "23", "tipo__sigla": "PDL", "tipo__descricao": "Projeto de Decreto Legislativo", "autoria": "JORGE VILELA", "texto_original": "http://sapl.engenheiropaulodefrontin.rj.leg.br/media/sapl/public/materialegislativa/2025/2370/pdl2025-023.pdf", "ementa": "Outorga a \"Placa de M\u00e9rito Legislativo\" a Sra. Ingrid de Aguiar Moreira."}, {"id": "2371", "ano": "2025", "numero": "24", "tipo__sigla": "PDL", "tipo__descricao": "Projeto de Decreto Legislativo", "autoria": "GABRIEL LOUREN\u00c7O", "texto_original": "http://sapl.engenheiropaulodefrontin.rj.leg.br/media/", "ementa": "Outorga a \"Placa de M\u00e9rito Legislativo\" ao Sr. Marcos Val\u00e9rio Oliveira Silva."}, {"id": "2373", "ano": "2025", "numero": "25", "tipo__sigla": "PDL", "tipo__descricao": "Projeto de Decreto Legislativo", "autoria": "SANDRO FERREIRA (Deca)", "texto_original": "http://sapl.engenheiropaulodefrontin.rj.leg.br/media/sapl/public/materialegislativa/2025/2373/pdl2025-25.pdf", "ementa": "Outorga a \"Placa de M\u00e9rito Legislativo\" ao Sr. Jorge Carvalho Barbosa."}, {"id": "2372", "ano": "2025", "numero": "26", "tipo__sigla": "PDL", "tipo__descricao": "Projeto de Decreto Legislativo", "autoria": "SANDRA GIL", "texto_original": "http://sapl.engenheiropaulodefrontin.rj.leg.br/media/sapl/public/materialegislativa/2025/2372/pdl2025-026.pdf", "ementa": "Outorga a \"Placa de M\u00e9rito Legislativo\" ao Sr. Luiz Carlos Castanheira"}, {"id": "2374", "ano": "2025", "numero": "27", "tipo__sigla": "PDL", "tipo__descricao": "Projeto de Decreto Legislativo", "autoria": "JEFERSON ADRIANO GOMES MOREIRA", "texto_original": "http://sapl.engenheiropaulodefrontin.rj.leg.br/media/sapl/public/materialegislativa/2025/2374/pdl2025-027.pdf", "ementa": "Outorga a \" T\u00edtulo de Cidadania Frontinense\" a Sra. Joana Maria da Costa Lima."}, {"id": "2375", "ano": "2025", "numero": "28", "tipo__sigla": "PDL", "tipo__descricao": "Projeto de Decreto Legislativo", "autoria": "ROSANGELA PASSOS", "texto_original": "http://sapl.engenheiropaulodefrontin.rj.leg.br/media/sapl/public/materialegislativa/2025/2375/pdl2025-028.pdf", "ementa": "Outorga a \"Titulo de Cidadania Frontinense\" a Sra. Rosilene Piveti Silva."}, {"id": "2376", "ano": "2025", "numero": "29", "tipo__sigla": "PDL", "tipo__descricao": "Projeto de Decreto Legislativo", "autoria": "KAIO BALTHAZAR", "texto_original": "http://sapl.engenheiropaulodefrontin.rj.leg.br/media/sapl/public/materialegislativa/2025/2376/pdl2025-029.pdf", "ementa": "Outorga a \" T\u00edtulo de Cidadania Frontinense \" a Sra. Isabel Gomes dos Santos."}, {"id": "2377", "ano": "2025", "numero": "30", "tipo__sigla": "PDL", "tipo__descricao": "Projeto de Decreto Legislativo", "autoria": "VINICIUS NORA", "texto_original": "http://sapl.engenheiropaulodefrontin.rj.leg.br/media/sapl/public/materialegislativa/2025/2377/pdl2025-030.pdf", "ementa": "Outorga a \" T\u00edtulo de Cidadania Frontinense \" ao Sr. Leonardo Vieira Mendes."}, {"id": "2378", "ano": "2025", "numero": "31", "tipo__sigla": "PDL", "tipo__descricao": "Projeto de Decreto Legislativo", "autoria": "JORGE VILELA", "texto_original": "http://sapl.engenheiropaulodefrontin.rj.leg.br/media/sapl/public/materialegislativa/2025/2378/pdl2025-031.pdf", "ementa": "Outorga a \" T\u00edtulo de Cidadania Frontinense \" ao Excelent\u00edssimo Sr. Dep. Federal Ricardo Martins David."}, {"id": "2379", "ano": "2025", "numero": "32", "tipo__sigla": "PDL", "tipo__descricao": "Projeto de Decreto Legislativo", "autoria": "GABRIEL LOUREN\u00c7O", "texto_original": "http://sapl.engenheiropaulodefrontin.rj.leg.br/media/sapl/public/materialegislativa/2025/2379/pdl2025-032.pdf", "ementa": "Outorga a \" T\u00edtulo de Cidadania Frontinense \" ao Excelent\u00edssimo Sr. Dep. Estadual Giovani Leite de Abreu."}, {"id": "2380", "ano": "2025", "numero": "33", "tipo__sigla": "PDL", "tipo__descricao": "Projeto de Decreto Legislativo", "autoria": "Mesa Diretora", "texto_original": "http://sapl.engenheiropaulodefrontin.rj.leg.br/media/sapl/public/materialegislativa/2025/2380/pdl2025-033.pdf", "ementa": "Outorga a \" T\u00edtulo de Cidadania Frontinense \" ao Excelent\u00edssimo Sr. Dep. Estadual Rafael Pereira Nobre."}, {"id": "2381", "ano": "2025", "numero": "34", "tipo__sigla": "PDL", "tipo__descricao": "Projeto de Decreto Legislativo", "autoria": "Mesa Diretora", "texto_original": "http://sapl.engenheiropaulodefrontin.rj.leg.br/media/sapl/public/materialegislativa/2025/2381/pdl2025-034.pdf", "ementa": "Outorga a \" T\u00edtulo de Cidadania Frontinense \" a Sra. Cristina Magalh\u00e3es."}, {"id": "2382", "ano": "2025", "numero": "35", "tipo__sigla": "PDL", "tipo__descricao": "Projeto de Decreto Legislativo", "autoria": "Mesa Diretora", "texto_original": "http://sapl.engenheiropaulodefrontin.rj.leg.br/media/sapl/public/materialegislativa/2025/2382/pdl2025-035.pdf", "ementa": "Outorga a \" T\u00edtulo de Cidadania Frontinense\" ao Excelent\u00edssimo Sr. Dep. Federal Pedro Paulo Carvalho Teixeira."}, {"id": "2383", "ano": "2025", "numero": "36", "tipo__sigla": "PDL", "tipo__descricao": "Projeto de Decreto Legislativo", "autoria": "SANDRO FERREIRA (Deca)", "texto_original": "http://sapl.engenheiropaulodefrontin.rj.leg.br/media/sapl/public/materialegislativa/2025/2383/pdl2025-036.pdf", "ementa": "Outorga a \" T\u00edtulo de Cidadania Frontinense\" ao Sr. Jos\u00e9 Vitor Vieira Bissonho J\u00fanior."}, {"id": "2384", "ano": "2025", "numero": "37", "tipo__sigla": "PDL", "tipo__descricao": "Projeto de Decreto Legislativo", "autoria": "Mesa Diretora", "texto_original": "http://sapl.engenheiropaulodefrontin.rj.leg.br/media/sapl/public/materialegislativa/2025/2384/pdl2025-037.pdf", "ementa": "Outorga a \" T\u00edtulo de Cidadania Frontinense \" ao Professor Dr. Rafael Barreto Almada."}, {"id": "2385", "ano": "2025", "numero": "38", "tipo__sigla": "PDL", "tipo__descricao": "Projeto de Decreto Legislativo", "autoria": "SANDRA GIL", "texto_original": "http://sapl.engenheiropaulodefrontin.rj.leg.br/media/sapl/public/materialegislativa/2025/2385/pdl2025-038.pdf", "ementa": "Outorga a \" T\u00edtulo de Cidadania Frontinense\" ao Sr. Dep. Estadual Anderson Luiz de Moraes."}, {"id": "2386", "ano": "2025", "numero": "39", "tipo__sigla": "PDL", "tipo__descricao": "Projeto de Decreto Legislativo", "autoria": "Mesa Diretora", "texto_original": "http://sapl.engenheiropaulodefrontin.rj.leg.br/media/sapl/public/materialegislativa/2025/2386/pdl2025-039.pdf", "ementa": "Outorga a \"Titulo de Cidadania Frontinense \" ao Excelent\u00edssimo Sr. Dep. Federal Carlos Roberto Rodrigues."}, {"id": "2387", "ano": "2025", "numero": "40", "tipo__sigla": "PDL", "tipo__descricao": "Projeto de Decreto Legislativo", "autoria": "SANDRA GIL", "texto_original": "http://sapl.engenheiropaulodefrontin.rj.leg.br/media/sapl/public/materialegislativa/2025/2387/pdl2025-040.pdf", "ementa": "Outorga a \"Medalha de M\u00e9rito Legislativo\" ao Sr. Leonardo Pereira dos Santos."}, {"id": "2388", "ano": "2025", "numero": "41", "tipo__sigla": "PDL", "tipo__descricao": "Projeto de Decreto Legislativo", "autoria": "Mesa Diretora", "texto_original": "http://sapl.engenheiropaulodefrontin.rj.leg.br/media/sapl/public/materialegislativa/2025/2388/pdl2025-041.pdf", "ementa": "Disp\u00f5e sobre a nomina\u00e7\u00e3o de LUIZ OCTAVIO GRAM\u00c1TICO a Medalha de M\u00e9rito Legislativo"}, {"id": "1724", "ano": "2025", "numero": "1", "tipo__sigla": "PLOEx", "tipo__descricao": "Projeto de Lei Ordin\u00e1ria do Executivo", "autoria": "Jose Emmanoel Rodrigues Artemenko", "texto_original": "http://sapl.engenheiropaulodefrontin.rj.leg.br/media/sapl/public/materialegislativa/2025/1724/ple2025-01.pdf", "ementa": "Autoriza a abertura de CR\u00c9DITO ESPECIAL por SUPFRAVIT de exerc\u00edcio anterior do FUNDO MUNICIPAL DE ASSIST\u00caNCIA SOCIAL e da outras provid\u00eancias, no valor de R$ 2.590.396,33 (Dois milh\u00f5es, quinhentos e noventa mil, trezentos e noventa e seis reais e trinta e tr\u00eas centavos)."}, {"id": "1725", "ano": "2025", "numero": "2", "tipo__sigla": "PLOEx", "tipo__descricao": "Projeto de Lei Ordin\u00e1ria do Executivo", "autoria": "Jose Emmanoel Rodrigues Artemenko", "texto_original": "http://sapl.engenheiropaulodefrontin.rj.leg.br/media/sapl/public/materialegislativa/2025/1725/ple2025-02.pdf", "ementa": "\"Autoriza a abertura de Cr\u00e9dito Adicional Suplementar ao Or\u00e7amento Vigente, no valor de R$ 777.857,23 (setecentos e setenta e sete mil, oitocentos e\r\ncinquenta e sete reais vinte e tr\u00eas centavos), para refor\u00e7o  das seguintes dota\u00e7\u00f5es."}, {"id": "1748", "ano": "2025", "numero": "3", "tipo__sigla": "PLOEx", "tipo__descricao": "Projeto de Lei Ordin\u00e1ria do Executivo", "autoria": "Jose Emmanoel Rodrigues Artemenko", "texto_original": "http://sapl.engenheiropaulodefrontin.rj.leg.br/media/sapl/public/materialegislativa/2025/1748/pl_003-25.pdf", "ementa": "\"Disp\u00f5e sobre a inclus\u00e3o das atividades que podem ser utilizados os recursos do Fundo Municipal dos Direitos da Inf\u00e2ncia e do Adolescente \u2014 FIA e altera Lei Municipal 1.173, de 15 de dezembro de 2015, Lei 1.558, de 28 de setembro de 2021 e Lei 1.640, de 27 de setembro de 2023\""}, {"id": "1749", "ano": "2025", "numero": "4", "tipo__sigla": "PLOEx", "tipo__descricao": "Projeto de Lei Ordin\u00e1ria do Executivo", "autoria": "Jose Emmanoel Rodrigues Artemenko", "texto_original": "http://sapl.engenheiropaulodefrontin.rj.leg.br/media/sapl/public/materialegislativa/2025/1749/ple004-25.pdf", "ementa": "\"Fica o Poder Executivo autorizado a abrir CR\u00c9DITO ADICIONAL ESPECIAL, no valor de R$ 595.113,71 (quinhentos e noventa e cinco mil, cento e treze reais, setenta e um centavos)\""}, {"id": "1871", "ano": "2025", "numero": "5", "tipo__sigla": "PLOEx", "tipo__descricao": "Projeto de Lei Ordin\u00e1ria do Executivo", "autoria": "Jose Emmanoel Rodrigues Artemenko", "texto_original": "http://sapl.engenheiropaulodefrontin.rj.leg.br/media/sapl/public/materialegislativa/2025/1871/pl05-25_executivo.pdf", "ementa": "\"Cria o Conselho Municipal das Cidades de Engenheiro Paulo de Frontin e d\u00e1 outras provid\u00eancias.\""}, {"id": "2051", "ano": "2025", "numero": "6", "tipo__sigla": "PLOEx", "tipo__descricao": "Projeto de Lei Ordin\u00e1ria do Executivo", "autoria": "Jose Emmanoel Rodrigues Artemenko", "texto_original": "http://sapl.engenheiropaulodefrontin.rj.leg.br/media/sapl/public/materialegislativa/2025/2051/ple2025-06.pdf", "ementa": "INSTTTUI O CONSELHO MUNICIPAL DE POL\u00cdTICAS P\u00daBLICAS SOBRE DROGAS - CMPOPD, E D\u00c1 OUTRAS PROVID\u00caNCIAS."}, {"id": "2052", "ano": "2025", "numero": "7", "tipo__sigla": "PLOEx", "tipo__descricao": "Projeto de Lei Ordin\u00e1ria do Executivo", "autoria": "Jose Emmanoel Rodrigues Artemenko", "texto_original": "http://sapl.engenheiropaulodefrontin.rj.leg.br/media/sapl/public/materialegislativa/2025/2052/ple2025-07_-_ldo_2026_-_atualizado.pdf", "ementa": "Lei das Diretrizes Or\u00e7ament\u00e1rias (LDO) 2026 - Atualizado"}, {"id": "2053", "ano": "2025", "numero": "8", "tipo__sigla": "PLOEx", "tipo__descricao": "Projeto de Lei Ordin\u00e1ria do Executivo", "autoria": "Jose Emmanoel Rodrigues Artemenko", "texto_original": "http://sapl.engenheiropaulodefrontin.rj.leg.br/media/sapl/public/materialegislativa/2025/2053/ple2025-08.pdf", "ementa": "Abertura de cr\u00e9dito adicional especial, no valor de R$ 2.181.368,84"}, {"id": "2054", "ano": "2025", "numero": "9", "tipo__sigla": "PLOEx", "tipo__descricao": "Projeto de Lei Ordin\u00e1ria do Executivo", "autoria": "Jose Emmanoel Rodrigues Artemenko", "texto_original": "http://sapl.engenheiropaulodefrontin.rj.leg.br/media/sapl/public/materialegislativa/2025/2054/ple2025-09.pdf", "ementa": "Abertura de cr\u00e9dito adicional especial, no valor de R$ 728.139,48"}, {"id": "2087", "ano": "2025", "numero": "10", "tipo__sigla": "PLOEx", "tipo__descricao": "Projeto de Lei Ordin\u00e1ria do Executivo", "autoria": "Jose Emmanoel Rodrigues Artemenko", "texto_original": "http://sapl.engenheiropaulodefrontin.rj.leg.br/media/sapl/public/materialegislativa/2025/2087/pl_010-25_executivo.pdf", "ementa": "Autoriza a abertura de Cr\u00e9dito Adicional Especial ao Or\u00e7amento Vigente, no valor de R$ 892.428,07 (oitocentos e noventa e dois mil, quatrocentos e vinte e oito reais e sete centavos)"}, {"id": "2088", "ano": "2025", "numero": "11", "tipo__sigla": "PLOEx", "tipo__descricao": "Projeto de Lei Ordin\u00e1ria do Executivo", "autoria": "Jose Emmanoel Rodrigues Artemenko", "texto_original": "http://sapl.engenheiropaulodefrontin.rj.leg.br/media/sapl/public/materialegislativa/2025/2088/pl_011-25_executivo.pdf", "ementa": "Autoriza a abertura de Cr\u00e9dito Adicional Especial ao Or\u00e7amento Vigente, no valor de R$ 1.042.870 (hum milh\u00e3o, quarenta e dois mil, oitocentos e setenta\r\nreais)"}, {"id": "2193", "ano": "2025", "numero": "12", "tipo__sigla": "PLOEx", "tipo__descricao": "Projeto de Lei Ordin\u00e1ria do Executivo", "autoria": "Jose Emmanoel Rodrigues Artemenko", "texto_original": "http://sapl.engenheiropaulodefrontin.rj.leg.br/media/sapl/public/materialegislativa/2025/2193/ple2025-012_-_plano_diretor.pdf", "ementa": "Plano Diretor Participativo do Munic\u00edpio de Engenheiro Paulo de Frontin e institui o Conselho Municipal de Desenvolvimento Urbano Sustent\u00e1vel (CMDUS) e o Fundo Municipal de Desenvolvimento Urbano Sustent\u00e1vel (FMDUS)."}, {"id": "2205", "ano": "2025", "numero": "13", "tipo__sigla": "PLOEx", "tipo__descricao": "Projeto de Lei Ordin\u00e1ria do Executivo", "autoria": "Jose Emmanoel Rodrigues Artemenko", "texto_original": "http://sapl.engenheiropaulodefrontin.rj.leg.br/media/sapl/public/materialegislativa/2025/2205/ple2025-013.pdf", "ementa": "Disp\u00f5e sobre o acr\u00e9scimo e cria\u00e7\u00e3o de vagas para o quadro de pessoal da Administra\u00e7\u00e3o P\u00fablica Municipal e d\u00e1 outras provid\u00eancias."}, {"id": "2184", "ano": "2025", "numero": "14", "tipo__sigla": "PLOEx", "tipo__descricao": "Projeto de Lei Ordin\u00e1ria do Executivo", "autoria": "Jose Emmanoel Rodrigues Artemenko", "texto_original": "http://sapl.engenheiropaulodefrontin.rj.leg.br/media/sapl/public/materialegislativa/2025/2184/pl2025-14.pdf", "ementa": "Autoriza a abertura de Cr\u00e9dito Adicional Especial ao Or\u00e7amento Vigente no valor de R$ 744.936,48 (setecentos e quarenta e quatro mil, novecentos e trinta e seis reais, quarenta e oito centavos) referente ao CFEM (Compensa\u00e7\u00e3o Financeira pela Explora\u00e7\u00e3o de Recursos Minerais)."}, {"id": "2252", "ano": "2025", "numero": "15", "tipo__sigla": "PLOEx", "tipo__descricao": "Projeto de Lei Ordin\u00e1ria do Executivo", "autoria": "Jose Emmanoel Rodrigues Artemenko", "texto_original": "http://sapl.engenheiropaulodefrontin.rj.leg.br/media/sapl/public/materialegislativa/2025/2252/ple2025-015.pdf", "ementa": "Autoriza a abertura de Cr\u00e9dito Adicional Especial ao Or\u00e7amento Vigente no valor de R$ 174.853,00 (Cento e setenta e quatro mil oitocentos e cinquenta e tr\u00eas reais)"}, {"id": "2253", "ano": "2025", "numero": "16", "tipo__sigla": "PLOEx", "tipo__descricao": "Projeto de Lei Ordin\u00e1ria do Executivo", "autoria": "Jose Emmanoel Rodrigues Artemenko", "texto_original": "http://sapl.engenheiropaulodefrontin.rj.leg.br/media/sapl/public/materialegislativa/2025/2253/ple2025-016.pdf", "ementa": "Autoriza o Poder Executivo a contratar, em car\u00e1ter tempor\u00e1rio e emergencial, m\u00e9dicos, enfermeiros e fisioterapeutas, a efetuar pagamento direto e imediato das remunera\u00e7\u00f5es, inclusive dos valores em atraso, no Munic\u00edpio de Engenheiro Paulo de Frontin, e d\u00e1 outras providencias."}, {"id": "2409", "ano": "2025", "numero": "17", "tipo__sigla": "PLOEx", "tipo__descricao": "Projeto de Lei Ordin\u00e1ria do Executivo", "autoria": "Jose Emmanoel Rodrigues Artemenko", "texto_original": "http://sapl.engenheiropaulodefrontin.rj.leg.br/media/sapl/public/materialegislativa/2025/2409/ple2025-017-loa.pdf", "ementa": "ESTIMA A RECEITA E FIXA A DESPESA PARA O EXERC\u00cdCIO FINANCEIRO DE 2026."}, {"id": "2410", "ano": "2025", "numero": "18", "tipo__sigla": "PLOEx", "tipo__descricao": "Projeto de Lei Ordin\u00e1ria do Executivo", "autoria": "Jose Emmanoel Rodrigues Artemenko", "texto_original": "http://sapl.engenheiropaulodefrontin.rj.leg.br/media/sapl/public/materialegislativa/2025/2410/ple2025-018-ppa.pdf", "ementa": "DISP\u00d5E SOBRE O PLANO PLURIANUAL PARA O MUNIC\u00cdPIO DE ENGENHEIRO PAULO DE FRONTIN, PARA O QUADRI\u00caNIO DE 2026/2029 E D\u00c1 OUTRAS PROVID\u00caNCIAS."}, {"id": "2274", "ano": "2025", "numero": "19", "tipo__sigla": "PLOEx", "tipo__descricao": "Projeto de Lei Ordin\u00e1ria do Executivo", "autoria": "Jose Emmanoel Rodrigues Artemenko", "texto_original": "http://sapl.engenheiropaulodefrontin.rj.leg.br/media/sapl/public/materialegislativa/2025/2274/ple2025-019.pdf", "ementa": "Disp\u00f5e sobre o acr\u00e9scimo e cria\u00e7\u00e3o de vagas para o quadro de pessoal da Administra\u00e7\u00e3o P\u00fablica Municipal e da outras provid\u00eancias."}, {"id": "2275", "ano": "2025", "numero": "20", "tipo__sigla": "PLOEx", "tipo__descricao": "Projeto de Lei Ordin\u00e1ria do Executivo", "autoria": "Jose Emmanoel Rodrigues Artemenko", "texto_original": "http://sapl.engenheiropaulodefrontin.rj.leg.br/media/sapl/public/materialegislativa/2025/2275/ple2025-020.pdf", "ementa": "Altera os artigos 6\u00b0 e 8\u00b0 da Lei Municipal 692 de 30 de dezembro de 2003."}, {"id": "2287", "ano": "2025", "numero": "21", "tipo__sigla": "PLOEx", "tipo__descricao": "Projeto de Lei Ordin\u00e1ria do Executivo", "autoria": "Jose Emmanoel Rodrigues Artemenko", "texto_original": "http://sapl.engenheiropaulodefrontin.rj.leg.br/media/sapl/public/materialegislativa/2025/2287/ple2025-021.pdf", "ementa": "Autoriza a abertura de Cr\u00e9dito Adicional Especial ao Or\u00e7amento Vigente, no valor de R$ 1.000.000,00"}, {"id": "2302", "ano": "2025", "numero": "22", "tipo__sigla": "PLOEx", "tipo__descricao": "Projeto de Lei Ordin\u00e1ria do Executivo", "autoria": "Jose Emmanoel Rodrigues Artemenko", "texto_original": "http://sapl.engenheiropaulodefrontin.rj.leg.br/media/sapl/public/materialegislativa/2025/2302/ple2025-22.pdf", "ementa": "Autoriza a abertura de Cr\u00e9dito Adicional Especial ao Or\u00e7amento Vigente no valor de R$ 1.500.000,00 (Um milh\u00e3o e quinhentos mil reais)."}, {"id": "2303", "ano": "2025", "numero": "23", "tipo__sigla": "PLOEx", "tipo__descricao": "Projeto de Lei Ordin\u00e1ria do Executivo", "autoria": "Jose Emmanoel Rodrigues Artemenko", "texto_original": "http://sapl.engenheiropaulodefrontin.rj.leg.br/media/sapl/public/materialegislativa/2025/2303/ple2025-23.pdf", "ementa": "Autoriza a abertura de Cr\u00e9dito Adicional Especial ao Or\u00e7amento Vigente no valor de R$ 265.000,00 (duzentos e sessenta e cinco mil reais)"}, {"id": "2304", "ano": "2025", "numero": "24", "tipo__sigla": "PLOEx", "tipo__descricao": "Projeto de Lei Ordin\u00e1ria do Executivo", "autoria": "Jose Emmanoel Rodrigues Artemenko", "texto_original": "http://sapl.engenheiropaulodefrontin.rj.leg.br/media/sapl/public/materialegislativa/2025/2304/ple2025-24.pdf", "ementa": "Autoriza a abertura de Cr\u00e9dito Adicional Especial ao Or\u00e7amento Vigente R$ 35.083,13 (trinta e cinco mil e oitenta e tr\u00eas reais e treze centavos)"}, {"id": "2305", "ano": "2025", "numero": "25", "tipo__sigla": "PLOEx", "tipo__descricao": "Projeto de Lei Ordin\u00e1ria do Executivo", "autoria": "Jose Emmanoel Rodrigues Artemenko", "texto_original": "http://sapl.engenheiropaulodefrontin.rj.leg.br/media/sapl/public/materialegislativa/2025/2305/ple2025-25.pdf", "ementa": "Autoriza a abertura de Cr\u00e9dito Adicional Especial ao Or\u00e7amento Vigente no valor R$ 1.371.417,96 (Hum milh\u00e3o, trezentos e setenta e um mil, quatrocentos e dezessete reais e noventa e seis centavos)"}, {"id": "2309", "ano": "2025", "numero": "26", "tipo__sigla": "PLOEx", "tipo__descricao": "Projeto de Lei Ordin\u00e1ria do Executivo", "autoria": "Jose Emmanoel Rodrigues Artemenko", "texto_original": "http://sapl.engenheiropaulodefrontin.rj.leg.br/media/sapl/public/materialegislativa/2025/2309/ple2025-26.pdf", "ementa": "Denomina de \"ANT\u00d4NIO GERALDO FRANCISQUINI\" a Farm\u00e1cia Municipal, no Centro no munic\u00edpio de Engenheiro Paulo de Frontin-RJ"}, {"id": "2333", "ano": "2025", "numero": "27", "tipo__sigla": "PLOEx", "tipo__descricao": "Projeto de Lei Ordin\u00e1ria do Executivo", "autoria": "Jose Emmanoel Rodrigues Artemenko", "texto_original": "http://sapl.engenheiropaulodefrontin.rj.leg.br/media/sapl/public/materialegislativa/2025/2333/ple2025-027.pdf", "ementa": "Autoriza a abertura de Credito Adicional Especial ao Or\u00e7amento Vigente no valor de R$ 304.829,26 (trezentos e quatro mil, oitocentos e vinte e nove reais e vinte e seis centavos)"}, {"id": "2334", "ano": "2025", "numero": "28", "tipo__sigla": "PLOEx", "tipo__descricao": "Projeto de Lei Ordin\u00e1ria do Executivo", "autoria": "Jose Emmanoel Rodrigues Artemenko", "texto_original": "http://sapl.engenheiropaulodefrontin.rj.leg.br/media/sapl/public/materialegislativa/2025/2334/ple2025-028.pdf", "ementa": "Autoriza a abertura de credito especial advindo da Secretaria do Tesouro Nacional(STN)no valor de R.$ 4.000.000,00 (Quatro Milh\u00f5es de Reais), ATEN\u00c7\u00c3O \u00c0 SA\u00daDE DA POPULA\u00c7\u00c3O PARA PROCEDIMENTO NO MAC para cumprimento das metas nacionais, de acordo com a Lei Federal n\u00ba 4.320/64."}, {"id": "2335", "ano": "2025", "numero": "29", "tipo__sigla": "PLOEx", "tipo__descricao": "Projeto de Lei Ordin\u00e1ria do Executivo", "autoria": "Jose Emmanoel Rodrigues Artemenko", "texto_original": "http://sapl.engenheiropaulodefrontin.rj.leg.br/media/sapl/public/materialegislativa/2025/2335/ple2025-029.pdf", "ementa": "Disp\u00f5e sobre altera\u00e7\u00e3o do artigo 3\u00b0 e 4\u00ba da lei 1423/2020 que cria o Conselho Municipal de Cultura."}, {"id": "2339", "ano": "2025", "numero": "30", "tipo__sigla": "PLOEx", "tipo__descricao": "Projeto de Lei Ordin\u00e1ria do Executivo", "autoria": "Jose Emmanoel Rodrigues Artemenko", "texto_original": "http://sapl.engenheiropaulodefrontin.rj.leg.br/media/sapl/public/materialegislativa/2025/2339/ple2025-030.pdf", "ementa": "Autoriza a abertura de Cr\u00e9dito Adicional Suplementar ao Or\u00e7amento Vigente no valor de R$ 898.238,09 (oitocentos e noventa e oito mil, duzentos e trinta e oito reais e nove centavos)"}, {"id": "2340", "ano": "2025", "numero": "31", "tipo__sigla": "PLOEx", "tipo__descricao": "Projeto de Lei Ordin\u00e1ria do Executivo", "autoria": "Jose Emmanoel Rodrigues Artemenko", "texto_original": "http://sapl.engenheiropaulodefrontin.rj.leg.br/media/sapl/public/materialegislativa/2025/2340/ple2025-031.pdf", "ementa": "Autoriza a abertura de Cr\u00e9dito Adicional Suplementar ao Or\u00e7amento Vigente no valor de R$ 1.991.497,66 (hum milh\u00e3o, novecentos e noventa e um mil, quatrocentos e noventa e sete reais, sessenta e seis centavos)"}, {"id": "2341", "ano": "2025", "numero": "32", "tipo__sigla": "PLOEx", "tipo__descricao": "Projeto de Lei Ordin\u00e1ria do Executivo", "autoria": "Jose Emmanoel Rodrigues Artemenko", "texto_original": "http://sapl.engenheiropaulodefrontin.rj.leg.br/media/sapl/public/materialegislativa/2025/2341/ple2025-032.pdf", "ementa": "Autoriza a abertura de Cr\u00e9dito Adicional Suplementar ao Or\u00e7amento Vigente no valor de R$ 1.336.136,28 (hum milh\u00e3o, trezentos e trinta e seis mil, cento e trinta e seis reais vinte e centavos)"}, {"id": "2342", "ano": "2025", "numero": "33", "tipo__sigla": "PLOEx", "tipo__descricao": "Projeto de Lei Ordin\u00e1ria do Executivo", "autoria": "Jose Emmanoel Rodrigues Artemenko", "texto_original": "http://sapl.engenheiropaulodefrontin.rj.leg.br/media/sapl/public/materialegislativa/2025/2342/ple2025-033.pdf", "ementa": "Autoriza a abertura de Cr\u00e9dito Adicional Especial ao Or\u00e7amento Vigente no valor de  R$ 2.875.239,00 (dois milh\u00e3o, oitocentos e setenta e cinco mil, duzentos e trinta e nove reais)"}, {"id": "2343", "ano": "2025", "numero": "34", "tipo__sigla": "PLOEx", "tipo__descricao": "Projeto de Lei Ordin\u00e1ria do Executivo", "autoria": "Jose Emmanoel Rodrigues Artemenko", "texto_original": "http://sapl.engenheiropaulodefrontin.rj.leg.br/media/sapl/public/materialegislativa/2025/2343/ple2025-034.pdf", "ementa": "Autoriza a abertura de Cr\u00e9dito Adicional Especial ao Or\u00e7amento Vigente no valor de R$ 914.306,50 (novecentos e catorze mil, trezentos e seis reais, cinquenta centavos)"}, {"id": "2402", "ano": "2025", "numero": "35", "tipo__sigla": "PLOEx", "tipo__descricao": "Projeto de Lei Ordin\u00e1ria do Executivo", "autoria": "Jose Emmanoel Rodrigues Artemenko", "texto_original": "http://sapl.engenheiropaulodefrontin.rj.leg.br/media/sapl/public/materialegislativa/2025/2402/ple2025-35.pdf", "ementa": "Desafeta parcialmente bem p\u00fablico a \u00e1rea que menciona na Pra\u00e7a Roger Malhardes"}, {"id": "2403", "ano": "2025", "numero": "36", "tipo__sigla": "PLOEx", "tipo__descricao": "Projeto de Lei Ordin\u00e1ria do Executivo", "autoria": "Jose Emmanoel Rodrigues Artemenko", "texto_original": "http://sapl.engenheiropaulodefrontin.rj.leg.br/media/sapl/public/materialegislativa/2025/2403/ple2025-36.pdf", "ementa": "Prorroga a vig\u00eancia do Plano Municipal de Educa\u00e7\u00e3o (PME) aprovado pela Lei Municipal n\u00b0 1178, de 29 de junho de 2015, e da outras provid\u00eancias."}, {"id": "2421", "ano": "2025", "numero": "37", "tipo__sigla": "PLOEx", "tipo__descricao": "Projeto de Lei Ordin\u00e1ria do Executivo", "autoria": "Jose Emmanoel Rodrigues Artemenko", "texto_original": "http://sapl.engenheiropaulodefrontin.rj.leg.br/media/sapl/public/materialegislativa/2025/2421/ple2025-037.pdf", "ementa": "Disp\u00f5e sobre a cria\u00e7\u00e3o do Incentivo de Qualidade na Aten\u00e7\u00e3o Prim\u00e1ria em Sa\u00fade (APS) e d\u00e1 outras provid\u00eancias."}, {"id": "2422", "ano": "2025", "numero": "38", "tipo__sigla": "PLOEx", "tipo__descricao": "Projeto de Lei Ordin\u00e1ria do Executivo", "autoria": "Jose Emmanoel Rodrigues Artemenko", "texto_original": "http://sapl.engenheiropaulodefrontin.rj.leg.br/media/sapl/public/materialegislativa/2025/2422/ple2025-038.pdf", "ementa": "Modifica a nomenclatura da Secretaria Municipal de Promo\u00e7\u00e3o Social para Secretaria Municipal de Assist\u00eancia Social, e d\u00e1 outras provid\u00eancias."}, {"id": "1142", "ano": "2025", "numero": "1", "tipo__sigla": "PLOLG", "tipo__descricao": "Projeto de Lei Ordin\u00e1ria do Legislativo", "autoria": "GABRIEL LOUREN\u00c7O", "texto_original": "http://sapl.engenheiropaulodefrontin.rj.leg.br/media/sapl/public/materialegislativa/2025/1142/pl001-25_000193.pdf", "ementa": "\"Disp\u00f5e sobre fornecimento gratuito de \u00e1gua pot\u00e1vel em eventos p\u00fablicos e privados de grande porte, bem como a veda\u00e7\u00e3o \u00e0 proibi\u00e7\u00e3o do porte de garrafas pr\u00f3prias e individuais de Agua em eventos que ocorram no Munic\u00edpio de Engenheiro Paulo de Frontin.\""}, {"id": "1143", "ano": "2025", "numero": "2", "tipo__sigla": "PLOLG", "tipo__descricao": "Projeto de Lei Ordin\u00e1ria do Legislativo", "autoria": "GABRIEL LOUREN\u00c7O", "texto_original": "http://sapl.engenheiropaulodefrontin.rj.leg.br/media/sapl/public/materialegislativa/2025/1143/pl002-25_000192.pdf", "ementa": "\"INSTITUI O DIA MUNICIPAL DA CAPOEIRA E DO CAPOEIRISTA E O DIA DO MESTRE DE CAPOEIRA.\""}, {"id": "1157", "ano": "2025", "numero": "3", "tipo__sigla": "PLOLG", "tipo__descricao": "Projeto de Lei Ordin\u00e1ria do Legislativo", "autoria": "GABRIEL LOUREN\u00c7O", "texto_original": "http://sapl.engenheiropaulodefrontin.rj.leg.br/media/sapl/public/materialegislativa/2025/1157/pl003-35_000360.pdf", "ementa": "\"INSTITUI OS JOGOS ESCOLARES DO MUNIC\u00cdPIO DE ENGENHEIRO PAULO DE FRONTIN E DA OUTRAS PROVID\u00caNCIAS.\""}, {"id": "1195", "ano": "2025", "numero": "4", "tipo__sigla": "PLOLG", "tipo__descricao": "Projeto de Lei Ordin\u00e1ria do Legislativo", "autoria": "KAIO BALTHAZAR", "texto_original": "http://sapl.engenheiropaulodefrontin.rj.leg.br/media/sapl/public/materialegislativa/2025/1195/pl004-25.pdf", "ementa": "\"INSTITUI O \"PROGRAMA EDUCA\u00c7\u00c3O ANTIDROGAS\" NAS ESCOLAS DA REDE P\u00daBLICA DE ENSINO MUNICIPAL E CRIA O SELO \"ESCOLA SEM DROGAS' E D\u00c1 OUTRAS PROVID\u00caNCIAS.\""}, {"id": "1196", "ano": "2025", "numero": "5", "tipo__sigla": "PLOLG", "tipo__descricao": "Projeto de Lei Ordin\u00e1ria do Legislativo", "autoria": "KAIO BALTHAZAR", "texto_original": "http://sapl.engenheiropaulodefrontin.rj.leg.br/media/sapl/public/materialegislativa/2025/1196/pl005-25.pdf", "ementa": "\"DETERMINA A CRIA\u00c7\u00c3O DO PROGRAMA VIS\u00c3O ADEQUADA E DISTRIBUI\u00c7\u00c3O DE \u00d3CULOS AOS ESTUDANTES DE ESCOLAS MUNICIPAIS DE ENGENHEIRO PAULO DE FRONTIN.\""}, {"id": "1419", "ano": "2025", "numero": "6", "tipo__sigla": "PLOLG", "tipo__descricao": "Projeto de Lei Ordin\u00e1ria do Legislativo", "autoria": "GABRIEL LOUREN\u00c7O", "texto_original": "http://sapl.engenheiropaulodefrontin.rj.leg.br/media/sapl/public/materialegislativa/2025/1419/pl2025-06.pdf", "ementa": "\"INSTITUI 0 DIA MUNICIPAL DOS BARBEIROS E CABELEIREIROS E 0 PROGRAMA DE CORTE VOLUNT\u00c1RIO NAS ESCOLAS, DENOMINADO \"NA R\u00c9GUA.\""}, {"id": "1766", "ano": "2025", "numero": "7", "tipo__sigla": "PLOLG", "tipo__descricao": "Projeto de Lei Ordin\u00e1ria do Legislativo", "autoria": "GABRIEL LOUREN\u00c7O", "texto_original": "http://sapl.engenheiropaulodefrontin.rj.leg.br/media/sapl/public/materialegislativa/2025/1766/pl2025-07.pdf", "ementa": "\"Disp\u00f5e sobre a obrigatoriedade de avalia\u00e7\u00e3o m\u00e9dica e psicol\u00f3gica de alunos no primeiro ano do ensino fundamental nas escolas da rede municipal de ensino, e d\u00e1 outras provid\u00eancias.\""}, {"id": "1702", "ano": "2025", "numero": "8", "tipo__sigla": "PLOLG", "tipo__descricao": "Projeto de Lei Ordin\u00e1ria do Legislativo", "autoria": "VINICIUS NORA", "texto_original": "http://sapl.engenheiropaulodefrontin.rj.leg.br/media/sapl/public/materialegislativa/2025/1702/pl08-25_vinicius.pdf", "ementa": "\"Disp\u00f5e sobre a Denomina\u00e7\u00e3o de Logradouro P\u00fablico\" e d\u00e1 outras\r\nprovid\u00eancias.\""}, {"id": "1677", "ano": "2025", "numero": "9", "tipo__sigla": "PLOLG", "tipo__descricao": "Projeto de Lei Ordin\u00e1ria do Legislativo", "autoria": "GABRIEL LOUREN\u00c7O", "texto_original": "http://sapl.engenheiropaulodefrontin.rj.leg.br/media/sapl/public/materialegislativa/2025/1677/pl2025-09_0.pdf", "ementa": "\"CRIA O PROGRAMA 'FIM DE SEMANA NA ESCOLA' E DA OUTRAS PROVIDENCIAS.\""}, {"id": "1678", "ano": "2025", "numero": "10", "tipo__sigla": "PLOLG", "tipo__descricao": "Projeto de Lei Ordin\u00e1ria do Legislativo", "autoria": "GABRIEL LOUREN\u00c7O", "texto_original": "http://sapl.engenheiropaulodefrontin.rj.leg.br/media/sapl/public/materialegislativa/2025/1678/pl2025-10.pdf", "ementa": "\"AUTORIZA CRIA\u00c7\u00c3O NO AMBITO DA SECRETARIA MUNICIPAL DE EDUCA\u00c7\u00c3O, O CURSO PR\u00c9-VESTIBULAR E PREPARAT\u00d3RIO PARA INGRESSO NO ENSINO SUPERIOR SUPERIOR E CONCURSOS P\u00daBLICOS E D\u00c1 OUTRAS PROVIDENCIAS\"."}, {"id": "1680", "ano": "2025", "numero": "11", "tipo__sigla": "PLOLG", "tipo__descricao": "Projeto de Lei Ordin\u00e1ria do Legislativo", "autoria": "VINICIUS NORA", "texto_original": "http://sapl.engenheiropaulodefrontin.rj.leg.br/media/sapl/public/materialegislativa/2025/1680/pl011-25_vinicius.pdf", "ementa": "\"INSTITUI O CALEND\u00c1RIO MUNICIPAL DE COLETA DE RES\u00cdDUOS VOLUMOSOS NO MUNIC\u00cdPIO DE ENGENHEIRO PAULO DE FRONTIN, E DA OUTRAS PROVIDENCIAS\""}, {"id": "1792", "ano": "2025", "numero": "12", "tipo__sigla": "PLOLG", "tipo__descricao": "Projeto de Lei Ordin\u00e1ria do Legislativo", "autoria": "GABRIEL LOUREN\u00c7O", "texto_original": "http://sapl.engenheiropaulodefrontin.rj.leg.br/media/sapl/public/materialegislativa/2025/1792/pl2025-012.pdf", "ementa": "\"CRIA A PREMIA\u00c7\u00c3O 'MELHORES DO ANO' NA CIDADE DE ENGENHEIRO PAULO DE FRONTIN\""}, {"id": "1793", "ano": "2025", "numero": "13", "tipo__sigla": "PLOLG", "tipo__descricao": "Projeto de Lei Ordin\u00e1ria do Legislativo", "autoria": "GABRIEL LOUREN\u00c7O", "texto_original": "http://sapl.engenheiropaulodefrontin.rj.leg.br/media/sapl/public/materialegislativa/2025/1793/pl2025-013.pdf", "ementa": "\"Disp\u00f5e sobre a distribui\u00e7\u00e3o de protetores solares contra radia\u00e7\u00e3o UV aos servidores p\u00fablicos e aos terceirizados que desempenhem fun\u00e7\u00f5es ao ar livre expostos ao sol no \u00e2mbito da Prefeitura de Engenheiro Paulo de Frontin.\""}, {"id": "1767", "ano": "2025", "numero": "14", "tipo__sigla": "PLOLG", "tipo__descricao": "Projeto de Lei Ordin\u00e1ria do Legislativo", "autoria": "GABRIEL LOUREN\u00c7O", "texto_original": "http://sapl.engenheiropaulodefrontin.rj.leg.br/media/sapl/public/materialegislativa/2025/1767/pl2025-14.pdf", "ementa": "\"DISP\u00d5E SOBRE A PROIBI\u00c7\u00c3O DE URINAR EM VIAS P\u00daBLICAS NO MUNIC\u00cdPIO DE ENGENHEIRO PAULO DE FRONTIN E DA OUTRAS PROVID\u00caNCIAS.\""}, {"id": "1768", "ano": "2025", "numero": "15", "tipo__sigla": "PLOLG", "tipo__descricao": "Projeto de Lei Ordin\u00e1ria do Legislativo", "autoria": "GABRIEL LOUREN\u00c7O, JEFERSON ADRIANO GOMES MOREIRA", "texto_original": "http://sapl.engenheiropaulodefrontin.rj.leg.br/media/sapl/public/materialegislativa/2025/1768/pl2025-15.pdf", "ementa": "\"Institui o reconhecimento do car\u00e1ter educacional e formativo da capoeira em suas manifesta\u00e7\u00f5es culturais e esportivas e permite a celebra\u00e7\u00e3o de parcerias para o seu ensino nos estabelecimentos de educa\u00e7\u00e3o.\""}, {"id": "1987", "ano": "2025", "numero": "16", "tipo__sigla": "PLOLG", "tipo__descricao": "Projeto de Lei Ordin\u00e1ria do Legislativo", "autoria": "GABRIEL LOUREN\u00c7O, KAIO BALTHAZAR, VINICIUS NORA", "texto_original": "http://sapl.engenheiropaulodefrontin.rj.leg.br/media/sapl/public/materialegislativa/2025/1987/pll2025-016.pdf", "ementa": "\"Disp\u00f5e sobre a veda\u00e7\u00e3o da contrata\u00e7\u00e3o de artistas que promovam apologia ao crime, \u00e0 viol\u00eancia ou \u00e0 explora\u00e7\u00e3o sexual infantil pelo Poder P\u00fablico Municipal e d\u00e1 outras provid\u00eancias.\""}, {"id": "1988", "ano": "2025", "numero": "17", "tipo__sigla": "PLOLG", "tipo__descricao": "Projeto de Lei Ordin\u00e1ria do Legislativo", "autoria": "KAIO BALTHAZAR", "texto_original": "http://sapl.engenheiropaulodefrontin.rj.leg.br/media/sapl/public/materialegislativa/2025/1988/pll2025-0175_02.pdf", "ementa": "\"Disp\u00f5e sobre a concess\u00e3o de Auxilio-Maternidade \u00e0s servidoras municipais da Prefeitura de Engenheiro Paulo de Frontin pelo per\u00edodo de 180 dias e d\u00e1 outras provid\u00eancias.\""}, {"id": "1989", "ano": "2025", "numero": "18", "tipo__sigla": "PLOLG", "tipo__descricao": "Projeto de Lei Ordin\u00e1ria do Legislativo", "autoria": "GABRIEL LOUREN\u00c7O", "texto_original": "http://sapl.engenheiropaulodefrontin.rj.leg.br/media/sapl/public/materialegislativa/2025/1989/pll2025-018.pdf", "ementa": "\"DISP\u00d5E SOBRE A DISTANCIA M\u00cdNIMA ENTRE RESID\u00caNCIAS E ESTABELECIMENTOS DE CRIA\u00c7\u00c3O INTENSIVA DE ANIMAIS (GRANJAS) NO MUNIC\u00cdPIO ENGENHEIRO PAULO DE FRONTIN E DA OUTRAS PROVID\u00caNCIAS.\""}, {"id": "1990", "ano": "2025", "numero": "19", "tipo__sigla": "PLOLG", "tipo__descricao": "Projeto de Lei Ordin\u00e1ria do Legislativo", "autoria": "KAIO BALTHAZAR", "texto_original": "http://sapl.engenheiropaulodefrontin.rj.leg.br/media/sapl/public/materialegislativa/2025/1990/pll2025-019.pdf", "ementa": "\"DISP\u00d5E SOBRE A REGULAMENTA\u00c7\u00c3O DA DIVULGA\u00c7\u00c3O DE MEDICAMENTOS DISPONIBILIZADOS NAS FARM\u00c1CIAS MUNICIPAIS DE ENGENHEIRO PAULO DE FRONTIN E DA OUTRAS PROVID\u00caNCIAS.\""}, {"id": "1991", "ano": "2025", "numero": "20", "tipo__sigla": "PLOLG", "tipo__descricao": "Projeto de Lei Ordin\u00e1ria do Legislativo", "autoria": "ROSANGELA PASSOS, SANDRA GIL", "texto_original": "http://sapl.engenheiropaulodefrontin.rj.leg.br/media/sapl/public/materialegislativa/2025/1991/pl_no_020-25_rosangela_e_sandra.pdf", "ementa": "\"Autoriza o Chefe do Poder Executivo de Eng. Paulo de Frontin, a instituir, o projeto 'Casa da Mulher' com o objetivo de acolher as mulheres que sofrem diariamente com problemas de sa\u00fade, discrimina\u00e7\u00f5es sociais e viol\u00eancia dom\u00e9stica.\""}, {"id": "1994", "ano": "2025", "numero": "21", "tipo__sigla": "PLOLG", "tipo__descricao": "Projeto de Lei Ordin\u00e1ria do Legislativo", "autoria": "VINICIUS NORA", "texto_original": "http://sapl.engenheiropaulodefrontin.rj.leg.br/media/sapl/public/materialegislativa/2025/1994/pl2025-21.pdf", "ementa": "\"Disp\u00f5e sobre a publicidade das vistorias do Corpo de Bombeiros em escolas municipais e creches no site institucional da Prefeitura e nas redes sociais oficiais do Munic\u00edpio de Engenheiro Paulo de Frontin.\""}, {"id": "2015", "ano": "2025", "numero": "22", "tipo__sigla": "PLOLG", "tipo__descricao": "Projeto de Lei Ordin\u00e1ria do Legislativo", "autoria": "VINICIUS NORA", "texto_original": "http://sapl.engenheiropaulodefrontin.rj.leg.br/media/sapl/public/materialegislativa/2025/2015/pl2025-022.pdf", "ementa": "\"Disp\u00f5e sobre o fornecimento da certid\u00e3o de antecedentes criminais dos professores e servidores da rede municipal de ensino, bem como a sua atualiza\u00e7\u00e3o"}, {"id": "2016", "ano": "2025", "numero": "23", "tipo__sigla": "PLOLG", "tipo__descricao": "Projeto de Lei Ordin\u00e1ria do Legislativo", "autoria": "VINICIUS NORA", "texto_original": "http://sapl.engenheiropaulodefrontin.rj.leg.br/media/sapl/public/materialegislativa/2025/2016/pl2025-023.pdf", "ementa": "Disp\u00f5e sobre a destina\u00e7\u00e3o de 30% das unidades habitacionais de programas de habita\u00e7\u00e3o popular para fam\u00edlias que tenham perdido\r\nseu im\u00f3vel na trag\u00e9dia das fortes chuvas de fevereiro de 2024 e 10%\r\ndas unidades habitacionais de programas de habita\u00e7\u00e3o popular para\r\nmulheres vitimas de viol\u00eancia dom\u00e9stica no munic\u00edpio de Engenheiro Paulo de Frontin."}, {"id": "2017", "ano": "2025", "numero": "24", "tipo__sigla": "PLOLG", "tipo__descricao": "Projeto de Lei Ordin\u00e1ria do Legislativo", "autoria": "VINICIUS NORA", "texto_original": "http://sapl.engenheiropaulodefrontin.rj.leg.br/media/sapl/public/materialegislativa/2025/2017/pl2025-024.pdf", "ementa": "Disp\u00f5e sobre a cria\u00e7\u00e3o do Cadastro Municipal de Pessoas Condenadas por Crimes de Pedofilia e d\u00e1 outras provid\u00eancias"}, {"id": "2029", "ano": "2025", "numero": "25", "tipo__sigla": "PLOLG", "tipo__descricao": "Projeto de Lei Ordin\u00e1ria do Legislativo", "autoria": "KAIO BALTHAZAR", "texto_original": "http://sapl.engenheiropaulodefrontin.rj.leg.br/media/sapl/public/materialegislativa/2025/2029/pl_025-2025_kaio.pdf", "ementa": "\"INSTITUI 0 PROGRAMA \"PATA AMIGA NAS ESCOLAS MUNICIPAIS\",PROGRAMA DE CONSCIENTIZACAO E BEM-ESTAR ANIMAL, E DA OUTRAS PROVIDENCIAS.\""}, {"id": "2030", "ano": "2025", "numero": "26", "tipo__sigla": "PLOLG", "tipo__descricao": "Projeto de Lei Ordin\u00e1ria do Legislativo", "autoria": "KAIO BALTHAZAR", "texto_original": "http://sapl.engenheiropaulodefrontin.rj.leg.br/media/sapl/public/materialegislativa/2025/2030/pl_026-2025_kaio.pdf", "ementa": "\"DISP\u00d5E SOBRE A OBRIGATORIEDADE DA FIXA\u00c7\u00c3O DA FRASE \"DESRESPEITAR, NEGLIGENCIAR OU PREJUDICAR IDOSOS \u00e9 CRIME\" NOS \u00d4NIBUS, REPARTI\u00c7\u00d5ES P\u00daBLICAS MUNICIPAIS, POSTOS DE SA\u00daDE, HOSPITAIS E AG\u00caNCIAS BANCARIAS DA CIDADE DE ENGENHEIRO PAULO DE FRONTIN E DA OUTRAS PROVID\u00caNCIAS.\""}, {"id": "2031", "ano": "2025", "numero": "27", "tipo__sigla": "PLOLG", "tipo__descricao": "Projeto de Lei Ordin\u00e1ria do Legislativo", "autoria": "KAIO BALTHAZAR", "texto_original": "http://sapl.engenheiropaulodefrontin.rj.leg.br/media/sapl/public/materialegislativa/2025/2031/pl_027-2025_kaio.pdf", "ementa": "\"DISP\u00d5E SOBRE A PROIBI\u00c7\u00c3O DA NOMEA\u00c7\u00c3O PARA CARGOS COMISSIONADOS E CONTRATA\u00c7\u00c3O POR PROCESSO SELETIVO TEMPOR\u00c1RIO DE PESSOAS CONDENADAS POR CRIMES DE VIOL\u00caNCIA SEXUAL E PELO CRIME DE PEDOFILIA NO MUNIC\u00cdPIO DE ENGENHEIRO PAULO DE FRONTIN, E DA OUTRAS PROVIDENCIAS.\""}, {"id": "2032", "ano": "2025", "numero": "28", "tipo__sigla": "PLOLG", "tipo__descricao": "Projeto de Lei Ordin\u00e1ria do Legislativo", "autoria": "KAIO BALTHAZAR", "texto_original": "http://sapl.engenheiropaulodefrontin.rj.leg.br/media/sapl/public/materialegislativa/2025/2032/pl_028-2025_kaio.pdf", "ementa": "\"DISP\u00d5E SOBRE A PROIBI\u00c7\u00c3O DA NOMEA\u00c7\u00c3O PARA CARGOS  COMISSIONADOS E CONTRATA\u00c7\u00c3O POR PROCESSO SELETIVO TEMPOR\u00c1RIO DE PESSOAS CONDENADAS POR CRIMES DE DISCRIMINA\u00c7\u00c3O E PRECONCEITO NO MUNIC\u00cdPIO DE ENGENHEIRO PAULO DE FRONTIN, E DA OUTRAS PROVIDENCIAS.\""}, {"id": "2033", "ano": "2025", "numero": "29", "tipo__sigla": "PLOLG", "tipo__descricao": "Projeto de Lei Ordin\u00e1ria do Legislativo", "autoria": "KAIO BALTHAZAR", "texto_original": "http://sapl.engenheiropaulodefrontin.rj.leg.br/media/sapl/public/materialegislativa/2025/2033/pl_029-2025_kaio.pdf", "ementa": "\"AUTORIZA A REALIZA\u00c7\u00c3O DE EXAMES NA REDE P\u00daBLICA MUNICIPAL DE SA\u00daDE MEDIANTE SOLICITA\u00c7\u00c3O DE M\u00c9DICOS DA REDE PRIVADA E DISP\u00d5E SOBRE A LIBERA\u00c7\u00c3O DE VE\u00cdCULOS DA SECRETARIA MUNICIPAL DE SA\u00daDE PARA 0 TRANSPORTE DE PACIENTES QUE REALIZAREM EXAMES, CIRURGIAS E\r\nTRATAMENTOS M\u00c9DICOS PARTICULARES, E DA OUTRAS PROVIDENCIAS.\""}, {"id": "2034", "ano": "2025", "numero": "30", "tipo__sigla": "PLOLG", "tipo__descricao": "Projeto de Lei Ordin\u00e1ria do Legislativo", "autoria": "KAIO BALTHAZAR", "texto_original": "http://sapl.engenheiropaulodefrontin.rj.leg.br/media/sapl/public/materialegislativa/2025/2034/pl_030-2025_kaio.pdf", "ementa": "\"AUTORIZA O PODER EXECUTIVO A INSTITUIR 0 PROGRAMA DE AGENDAMENTOONLINEDE CONSULTAS E EXAMES NA REDE P\u00daBLICA MUNICIPAL DE SA\u00daDE E DA OUTRAS PROVIDENCIAS.\""}, {"id": "2035", "ano": "2025", "numero": "31", "tipo__sigla": "PLOLG", "tipo__descricao": "Projeto de Lei Ordin\u00e1ria do Legislativo", "autoria": "KAIO BALTHAZAR", "texto_original": "http://sapl.engenheiropaulodefrontin.rj.leg.br/media/", "ementa": "\"INSTITUI INCENTIVOS PARA 0 FOMENTO DO COM\u00c9RCIO LOCAL NO MUNIC\u00cdPIO DE ENGENHEIRO PAULO DE FRONTIN, COM 0 OBJETIVO DE ESTIMULAR 0 DESENVOLVIMENTO ECON\u00d4MICO, GERAR EMPREGOS E MOVIMENTAR A ECONOMIA LOCAL, E DA OUTRAS PROVID\u00caNCIAS.\""}, {"id": "2036", "ano": "2025", "numero": "32", "tipo__sigla": "PLOLG", "tipo__descricao": "Projeto de Lei Ordin\u00e1ria do Legislativo", "autoria": "KAIO BALTHAZAR", "texto_original": "http://sapl.engenheiropaulodefrontin.rj.leg.br/media/sapl/public/materialegislativa/2025/2036/pl_032-2025_kaio.pdf", "ementa": "\"INSTITUI INCENTIVOS PARA 0 FOMENTO DO SETOR HOTELEIRO NO MUNICIPIO DE ENGENHEIRO PAULO DE FRONTIN, COM 0 OBJETIVO DE ESTIMULAR 0 TURISMO, GERAR EMPREGOS, MOVIMENTAR A ECONOMIA LOCAL E CONCEDER BENEFICIOS FISCAIS AOS ESTABELECIMENTOS QUE INVESTIREM EM\r\nMODERNIZA\u00c7\u00c3O, AMPLIA\u00c7\u00c3O E/OU AUMENTO DO N\u00daMERO DE FUNCIONARIOS.\""}, {"id": "2037", "ano": "2025", "numero": "33", "tipo__sigla": "PLOLG", "tipo__descricao": "Projeto de Lei Ordin\u00e1ria do Legislativo", "autoria": "KAIO BALTHAZAR", "texto_original": "http://sapl.engenheiropaulodefrontin.rj.leg.br/media/sapl/public/materialegislativa/2025/2037/pl_033-2025_kaio.pdf", "ementa": "\"DISP\u00d5E SOBRE A OBRIGATORIEDADE DE INCLUS\u00c3O, NOS EDITAIS DE LICITA\u00c7\u00c3O E DISPENSA DE LICITA\u00c7\u00c3O, DE CRIT\u00c9RIOS QUE PRIVILEGIEM EMPRESAS QUE CONTRATEM M\u00c3O DE OBRA LOCAL, INCLUINDO JOVENS APRENDIZES E OPORTUNIDADES DE PRIMEIRO EMPREGO PARA MORADORES DO MUNIC\u00cdPIO DE ENGENHEIRO PAULO DE FRONTIN.\""}, {"id": "2038", "ano": "2025", "numero": "34", "tipo__sigla": "PLOLG", "tipo__descricao": "Projeto de Lei Ordin\u00e1ria do Legislativo", "autoria": "KAIO BALTHAZAR", "texto_original": "http://sapl.engenheiropaulodefrontin.rj.leg.br/media/sapl/public/materialegislativa/2025/2038/pl_034-2025_kaio.pdf", "ementa": "\"DISP\u00d5E SOBRE A CRIA\u00c7\u00c3O DO 'M\u00caS DE CONSCIENTIZACAO SOBRE 0 TRANSTORNO DO ESPECTRO AUTISTA(TEA)'NO MUNIC\u00cdPIO DE ENGENHEIRO PAULO DE FRONTIN E DA OUTRAS  PROVIDENCIAS.\""}, {"id": "2049", "ano": "2025", "numero": "35", "tipo__sigla": "PLOLG", "tipo__descricao": "Projeto de Lei Ordin\u00e1ria do Legislativo", "autoria": "GABRIEL LOUREN\u00c7O", "texto_original": "http://sapl.engenheiropaulodefrontin.rj.leg.br/media/sapl/public/materialegislativa/2025/2049/pl2025-035.pdf", "ementa": "\"DISP\u00d5E SOBRE 0 ABONO DE FALTAS PARA SERVIDORES P\u00daBLICOS MUNICIPAIS, ALUNOS DA REDE MUNICIPAL DE ENSINO E PAIS DE ALUNOS SERVIDORES P\u00daBLICOS, QUANDO DA PARTICIPA\u00c7\u00c3O EM COMPETI\u00c7\u00d5ES ESPORTIVAS E PARADESPORTIVAS, NO \u00c2MBITO DO MUNIC\u00cdPIO DE ENGENHEIRO PAULO DE FRONTIN-RJ"}, {"id": "2050", "ano": "2025", "numero": "36", "tipo__sigla": "PLOLG", "tipo__descricao": "Projeto de Lei Ordin\u00e1ria do Legislativo", "autoria": "GABRIEL LOUREN\u00c7O", "texto_original": "http://sapl.engenheiropaulodefrontin.rj.leg.br/media/sapl/public/materialegislativa/2025/2050/pl2025-036.pdf", "ementa": "DISP\u00d5E SOBRE A OBRIGATORIEDADE DA DISPONIBILIZA\u00c7\u00c3O DE PAGAMENTO DA TARIFA DE TRANSPORTE P\u00daBLICO POR MEIO DE PIX, NO \u00c2MBITO DO MUNIC\u00cdPIO DE ENGENHEIRO PAULO DE FRONTIN, E DA OUTRAS PROVID\u00caNCIAS"}, {"id": "2069", "ano": "2025", "numero": "37", "tipo__sigla": "PLOLG", "tipo__descricao": "Projeto de Lei Ordin\u00e1ria do Legislativo", "autoria": "GABRIEL LOUREN\u00c7O", "texto_original": "http://sapl.engenheiropaulodefrontin.rj.leg.br/media/sapl/public/materialegislativa/2025/2069/pl2025-37.pdf", "ementa": "\"DISP\u00d5E SOBRE A INSTITUI\u00c7\u00c3O DE ELEI\u00c7\u00d5ES DIRETAS PARA A ESCOLHA DE DIRETORES DAS UNIDADES ESCOLARES DA REDE P\u00daBLICA MUNICIPAL DE ENSINO DE ENGENHEIRO PAULO DE FRONTIN-RJ, E DA OUTRAS PROVID\u00caNCIAS.\""}, {"id": "2070", "ano": "2025", "numero": "38", "tipo__sigla": "PLOLG", "tipo__descricao": "Projeto de Lei Ordin\u00e1ria do Legislativo", "autoria": "GABRIEL LOUREN\u00c7O", "texto_original": "http://sapl.engenheiropaulodefrontin.rj.leg.br/media/sapl/public/materialegislativa/2025/2070/pl2025_038.pdf", "ementa": "\"AUTORIZA 0 PODER EXECUTIVO A CONTRAPRESTA\u00c7\u00c3O DOS VIDROS\r\nTRASEIROS DOS TAXISTAS QUE ADERIREM AO PROGRAMA DE\r\nDIVULGA\u00c7\u00c3O DE A\u00c7\u00d5ES E CAMPANHAS INSTITUCIONAIS DO MUNIC\u00cdPIO\r\nDE ENGENHEIRO PAULO DE FRONTIN-RJ, POR MEIO DE PUBLICIDADE.\""}, {"id": "2071", "ano": "2025", "numero": "39", "tipo__sigla": "PLOLG", "tipo__descricao": "Projeto de Lei Ordin\u00e1ria do Legislativo", "autoria": "GABRIEL LOUREN\u00c7O", "texto_original": "http://sapl.engenheiropaulodefrontin.rj.leg.br/media/sapl/public/materialegislativa/2025/2071/pl2025-39.pdf", "ementa": "\"AUTORIZA O PODER EXECUTIVO A CONTRATAR ESTUDANTES, PARA ATUAREM COMO ESTAGI\u00c1RIOS NAS SECRETARIAS MUNICIPAIS, PROMOVENDO OPORTUNIDADES DE PRIMEIRO EMPREGO PARA JOVENS DO ENSINO M\u00c9DIO E SUPERIOR, E D\u00c1 OUTRAS PROVID\u00caNCIAS.\""}, {"id": "2072", "ano": "2025", "numero": "40", "tipo__sigla": "PLOLG", "tipo__descricao": "Projeto de Lei Ordin\u00e1ria do Legislativo", "autoria": "GABRIEL LOUREN\u00c7O", "texto_original": "http://sapl.engenheiropaulodefrontin.rj.leg.br/media/sapl/public/materialegislativa/2025/2072/pl2025-40.pdf", "ementa": "\"DECLARA COMO PATRIM\u00d4NIO CULTURAL IMATERIAL DO MUNIC\u00cdPIO DE ENGENHEIRO PAULO DE FRONTIN-RJ A QUADRILHA JUNINA 'N\u00d3S TRUPICA, MAS N\u00c3O CAI' E D\u00c1 OUTRAS PROVID\u00caNCIAS.\""}, {"id": "2073", "ano": "2025", "numero": "41", "tipo__sigla": "PLOLG", "tipo__descricao": "Projeto de Lei Ordin\u00e1ria do Legislativo", "autoria": "GABRIEL LOUREN\u00c7O", "texto_original": "http://sapl.engenheiropaulodefrontin.rj.leg.br/media/sapl/public/materialegislativa/2025/2073/pl2025-41.pdf", "ementa": "\"DISP\u00d5E SOBRE A PROIBI\u00c7\u00c3O DO USO E PORTE DE ARTEFATOS EXPLOSIVOS, FOGOS DE ARTIF\u00cdCIO, BOMBAS E SIMILARES EM QUADRAS ESPORTIVAS, GIN\u00c1SIOS, CAMPOS DE FUTEBOL E PRA\u00c7AS P\u00daBLICAS NO MUNIC\u00cdPIO DE ENGENHEIRO PAULO DE FRONTIN-RJ, E D\u00c1 OUTRAS PROVID\u00caNCIAS.\""}, {"id": "2074", "ano": "2025", "numero": "42", "tipo__sigla": "PLOLG", "tipo__descricao": "Projeto de Lei Ordin\u00e1ria do Legislativo", "autoria": "GABRIEL LOUREN\u00c7O", "texto_original": "http://sapl.engenheiropaulodefrontin.rj.leg.br/media/sapl/public/materialegislativa/2025/2074/pl2025-42.pdf", "ementa": "\"RECONHECE A PR\u00c1TICA DO \"GRAU\" COMO MODALIDADE ESPORTIVA NO MUNIC\u00cdPIO DE ENGENHEIRO PAULO DE FRONTIN-RJ E D\u00c1 OUTRAS PROVID\u00caNCIAS.\""}, {"id": "2075", "ano": "2025", "numero": "43", "tipo__sigla": "PLOLG", "tipo__descricao": "Projeto de Lei Ordin\u00e1ria do Legislativo", "autoria": "GABRIEL LOUREN\u00c7O, VINICIUS NORA", "texto_original": "http://sapl.engenheiropaulodefrontin.rj.leg.br/media/sapl/public/materialegislativa/2025/2075/pl43-25.pdf", "ementa": "\"DISP\u00d5E SOBRE A APLICA\u00c7\u00c3O DE MULTA ADMINISTRATIVA PARA QUEM FOR FLAGRADO CONSUMINDO SUBST\u00c2NCIAS ENTORPECENTES OU DROGAS IL\u00cdCITAS EM ESPA\u00c7OS P\u00daBLICOS NO MUNIC\u00cdPIO DE ENGENHEIRO PAULO DE FRONTIN-RJ, E D\u00c1 OUTRAS PROVID\u00caNCIAS.\""}, {"id": "2076", "ano": "2025", "numero": "44", "tipo__sigla": "PLOLG", "tipo__descricao": "Projeto de Lei Ordin\u00e1ria do Legislativo", "autoria": "GABRIEL LOUREN\u00c7O", "texto_original": "http://sapl.engenheiropaulodefrontin.rj.leg.br/media/sapl/public/materialegislativa/2025/2076/pl2025-44.pdf", "ementa": "\"DISP\u00d5E SOBRE A VEDA\u00c7\u00c3O DE CONTRATA\u00c7\u00c3O, NO \u00c2MBITO DA ADMINISTRA\u00c7\u00c3O P\u00daBLICA MUNICIPAL DIRETA E INDIRETA, DE PESSOAS QUE TENHAM SIDO IDENTIFICADAS ABANDONANDO ANIMAIS OU CONDENADAS POR MAUS-TRATOS CONTRA ANIMAIS, E D\u00c1 OUTRAS PROVID\u00caNCIAS.\""}, {"id": "2077", "ano": "2025", "numero": "45", "tipo__sigla": "PLOLG", "tipo__descricao": "Projeto de Lei Ordin\u00e1ria do Legislativo", "autoria": "GABRIEL LOUREN\u00c7O", "texto_original": "http://sapl.engenheiropaulodefrontin.rj.leg.br/media/", "ementa": "\"DISP\u00d5E SOBRE A OBRIGATORIEDADE DO PODER EXECUTIVO MUNICIPAL RESPONDER FORMALMENTE AS INDICA\u00c7\u00d5ES FEITAS PELOS VEREADORES DA C\u00c2MARA MUNICIPAL DE ENGENHEIRO PAULO DE FRONTIN-RJ.\""}, {"id": "2089", "ano": "2025", "numero": "46", "tipo__sigla": "PLOLG", "tipo__descricao": "Projeto de Lei Ordin\u00e1ria do Legislativo", "autoria": "GABRIEL LOUREN\u00c7O", "texto_original": "http://sapl.engenheiropaulodefrontin.rj.leg.br/media/sapl/public/materialegislativa/2025/2089/pl2025-46.pdf", "ementa": "\"INSTITUI O DIA MUNICIPAL DO TAEKWONDO NO MUNIC\u00cdPIO DE ENGENHEIRO PAULO DE FRONTIN-RJ, E DA OUTRAS PROVIDENCIAS.\""}, {"id": "2090", "ano": "2025", "numero": "47", "tipo__sigla": "PLOLG", "tipo__descricao": "Projeto de Lei Ordin\u00e1ria do Legislativo", "autoria": "GABRIEL LOUREN\u00c7O", "texto_original": "http://sapl.engenheiropaulodefrontin.rj.leg.br/media/sapl/public/materialegislativa/2025/2090/pl2025-047.pdf", "ementa": "\"INSTITUI O DIA MUNICIPAL DO PROFISSIONAL DE EST\u00c9TICA AUTOMOTIVA (LAVADOR DE CARRO) NO \u00c2MBITO DO MUNIC\u00cdPIO DE ENGENHEIRO PAULO DE FRONTIN-RJ.\""}, {"id": "2091", "ano": "2025", "numero": "48", "tipo__sigla": "PLOLG", "tipo__descricao": "Projeto de Lei Ordin\u00e1ria do Legislativo", "autoria": "GABRIEL LOUREN\u00c7O", "texto_original": "http://sapl.engenheiropaulodefrontin.rj.leg.br/media/sapl/public/materialegislativa/2025/2091/pl48-25_gabriel.pdf", "ementa": "\"INSTITUI 0 DIA MUNICIPAL DO JIUJITEIRO NO MUNIC\u00cdPIO DE ENGENHEIRO PAULO DE FRONTIN-RJ, E DA OUTRAS PROVID\u00caNCIAS.\""}, {"id": "2092", "ano": "2025", "numero": "49", "tipo__sigla": "PLOLG", "tipo__descricao": "Projeto de Lei Ordin\u00e1ria do Legislativo", "autoria": "GABRIEL LOUREN\u00c7O", "texto_original": "http://sapl.engenheiropaulodefrontin.rj.leg.br/media/sapl/public/materialegislativa/2025/2092/pl49-25_gabriel.pdf", "ementa": "\"INSTITUI 0 PROGRAMA `DIA DO ESPORTE NA ESCOLA' NO \u00c2MBITO DAS INSTITUI\u00c7\u00d5ES DE ENSINO DA REDE POBLICA MUNICIPAL DE ENGENHEIRO PAULO DE FRONTIN-RJ E DA OUTRAS PROVIDENCIAS.\""}, {"id": "2093", "ano": "2025", "numero": "50", "tipo__sigla": "PLOLG", "tipo__descricao": "Projeto de Lei Ordin\u00e1ria do Legislativo", "autoria": "GABRIEL LOUREN\u00c7O", "texto_original": "http://sapl.engenheiropaulodefrontin.rj.leg.br/media/sapl/public/materialegislativa/2025/2093/pl50-25_gabriel.pdf", "ementa": "\"DISP\u00d5E SOBRE A OBRIGATORIEDADE DE ACADEMIAS DE GINASTICA, MUSCULA\u00c7\u00c3O, CENTROS DE TREINAMENTO E ESTABELECIMENTOS SIMILARES FIXAREM INFORMATIVOS SOBRE OS RISCOS DO USO DE ANABOLIZANTES E DA OUTRAS PROVID\u00caNCIAS.\""}, {"id": "2094", "ano": "2025", "numero": "51", "tipo__sigla": "PLOLG", "tipo__descricao": "Projeto de Lei Ordin\u00e1ria do Legislativo", "autoria": "GABRIEL LOUREN\u00c7O", "texto_original": "http://sapl.engenheiropaulodefrontin.rj.leg.br/media/", "ementa": "ALTERA A NOMENCLATURA DE CARGOS NAS SECRETARIAS MUNICIPAIS DE ESPORTES E DE EDUCA\u00c7\u00c3O PARA PROFESSOR/INSTRUTOR DE CAPOEIRA E DA OUTRAS PROVIDENCIAS.\""}, {"id": "2095", "ano": "2025", "numero": "52", "tipo__sigla": "PLOLG", "tipo__descricao": "Projeto de Lei Ordin\u00e1ria do Legislativo", "autoria": "GABRIEL LOUREN\u00c7O", "texto_original": "http://sapl.engenheiropaulodefrontin.rj.leg.br/media/", "ementa": "\"ALTERA A NOMENCLATURA DE CARGO NA ESTRUTURA DA SECRETARIA MUNICIPAL DE ESPORTES PARA PROFESSOR DE Jiu-jitsu E DA OUTRAS PROVIDENCIAS.\""}, {"id": "2096", "ano": "2025", "numero": "53", "tipo__sigla": "PLOLG", "tipo__descricao": "Projeto de Lei Ordin\u00e1ria do Legislativo", "autoria": "GABRIEL LOUREN\u00c7O", "texto_original": "http://sapl.engenheiropaulodefrontin.rj.leg.br/media/", "ementa": "\"Transforma a Secretaria Municipal de Esportes em Secretaria Municipal de Esportes e Juventude, incorpora a estrutura da Coordenadoria de Juventude e cria o cargo de Subsecret\u00e1rio de Juventude no Munic\u00edpio de Engenheiro Paulo de Frontin-RJ, e d\u00e1 outras provid\u00eancias.\""}, {"id": "2114", "ano": "2025", "numero": "54", "tipo__sigla": "PLOLG", "tipo__descricao": "Projeto de Lei Ordin\u00e1ria do Legislativo", "autoria": "VINICIUS NORA", "texto_original": "http://sapl.engenheiropaulodefrontin.rj.leg.br/media/sapl/public/materialegislativa/2025/2114/pl2025-054.pdf", "ementa": "\"INSTITUI OS MEIOS DE PAGAMENTOS DOS TRIBUTOS MUNICIPAIS ATRAV\u00c9S DO PIX, CARTA() DE CR\u00c9DITO E D\u00c9BITO NO \u00c2MBITO DA ADMINISTRA\u00c7\u00c3O P\u00daBLICA DE ENGENHEIRO PAULO DE FRONTIN/RJ.\""}, {"id": "2168", "ano": "2025", "numero": "55", "tipo__sigla": "PLOLG", "tipo__descricao": "Projeto de Lei Ordin\u00e1ria do Legislativo", "autoria": "SANDRO FERREIRA (Deca)", "texto_original": "http://sapl.engenheiropaulodefrontin.rj.leg.br/media/sapl/public/materialegislativa/2025/2168/pl2025-55.pdf", "ementa": "\"DISP\u00d5E SOBRE A APLICA\u00c7\u00c3O DE PENALIDADE ADMINISTRATIVA \u00c0QUELES QUE, POR NEGLIGENCIA, PERMITIREM A FORMA\u00c7\u00c3O DE FOCOS DO MOSQUITO AEDES AEGYPTI POR MEIO DO AC\u00daMULO DE AGUA POT\u00c1VEL E DA OUTRAS PROVIDENCIAS.\""}, {"id": "2169", "ano": "2025", "numero": "56", "tipo__sigla": "PLOLG", "tipo__descricao": "Projeto de Lei Ordin\u00e1ria do Legislativo", "autoria": "SANDRO FERREIRA (Deca)", "texto_original": "http://sapl.engenheiropaulodefrontin.rj.leg.br/media/sapl/public/materialegislativa/2025/2169/pl2025-56.pdf", "ementa": "\"DISPONIBILIZA\u00c7\u00c3O DE SORO ANTIONDICO E DEMAIS IMUNOBIOL\u00d3GICOS NECESS\u00c1RIOS AO SOCORRO DAS VITIMAS DE MORDEDURAS DE ANIMAIS PE\u00c7ONHENTOS EM TODAS AS UNIDADES DE SA\u00daDE P\u00daBLICAS MUNICIPAIS.\""}, {"id": "2156", "ano": "2025", "numero": "57", "tipo__sigla": "PLOLG", "tipo__descricao": "Projeto de Lei Ordin\u00e1ria do Legislativo", "autoria": "SANDRA GIL, SANDRO FERREIRA (Deca)", "texto_original": "http://sapl.engenheiropaulodefrontin.rj.leg.br/media/sapl/public/materialegislativa/2025/2156/pl2025-57.pdf", "ementa": "DISP\u00d5E SOBRE 0 SISTEMA DE CONSCIENTIZACAO E CONTROLE DA DIABETES TIPO 1 EM CRIAN\u00c7AS E ADOLESCENTES MATRICULADOS NOS ESTABELECIMENTOS DE ENSINO DO MUNIC\u00cdPIO DE ENGENHEIRO PAULO DE FRONTIN/RJ"}, {"id": "2157", "ano": "2025", "numero": "58", "tipo__sigla": "PLOLG", "tipo__descricao": "Projeto de Lei Ordin\u00e1ria do Legislativo", "autoria": "SANDRA GIL, SANDRO FERREIRA (Deca)", "texto_original": "http://sapl.engenheiropaulodefrontin.rj.leg.br/media/sapl/public/materialegislativa/2025/2157/pl2025-58.pdf", "ementa": "DISP\u00d5E SOBRE A POL\u00cdTICA DE PREVEN\u00c7\u00c3O E COMBATE AS AMPUTA\u00c7\u00d5ES EM PACIENTES DIAB\u00c9TICOS NO MUNIC\u00cdPIO DE ENGENHEIRO PAULO DE FRONTIN E DA OUTRAS PROVIDENCIAS"}, {"id": "2158", "ano": "2025", "numero": "59", "tipo__sigla": "PLOLG", "tipo__descricao": "Projeto de Lei Ordin\u00e1ria do Legislativo", "autoria": "GABRIEL LOUREN\u00c7O", "texto_original": "http://sapl.engenheiropaulodefrontin.rj.leg.br/media/sapl/public/materialegislativa/2025/2158/pl2025-059.pdf", "ementa": "DISP\u00d5E SOBRE A PROIBI\u00c7\u00c3O DE NOMEA\u00c7\u00c3O, PARA CARGOS P\u00daBLICOS NO \u00c2MBITO DA ADMINISTRA\u00c7\u00c3O P\u00daBLICA MUNICIPAL DIRETA E INDIRETA, DE PESSOAS QUE TENHAM PRATICADO ATOS DE DEPREDA\u00c7\u00c3O DE PATRIM\u00d4NIO P\u00daBLICO, BEM COMO ESTABELECE SAN\u00c7\u00d5ES PECUNI\u00c1RIAS, E D\u00c1 OUTRAS\r\nPROVIDENCIAS.\""}, {"id": "2159", "ano": "2025", "numero": "60", "tipo__sigla": "PLOLG", "tipo__descricao": "Projeto de Lei Ordin\u00e1ria do Legislativo", "autoria": "VINICIUS NORA", "texto_original": "http://sapl.engenheiropaulodefrontin.rj.leg.br/media/sapl/public/materialegislativa/2025/2159/pl2025-60_0.pdf", "ementa": "Disp\u00f5e sobre a obrigatoriedade de identifica\u00e7\u00e3o das maquinas e ve\u00edculos automotores oficiais, locados, a servi\u00e7o e cedidos, do Munic\u00edpio de Engenheiro Paulo de Frontin e d\u00e1 outras provid\u00eancias.\""}, {"id": "2160", "ano": "2025", "numero": "61", "tipo__sigla": "PLOLG", "tipo__descricao": "Projeto de Lei Ordin\u00e1ria do Legislativo", "autoria": "GABRIEL LOUREN\u00c7O", "texto_original": "http://sapl.engenheiropaulodefrontin.rj.leg.br/media/sapl/public/materialegislativa/2025/2160/pl2025-61.pdf", "ementa": "INSTITUI A POL\u00cdTICA MUNICIPAL DE INCENTIVO AO CICLOTURISMO NO MUNIC\u00cdPIO DE ENGENHEIRO PAULO DE FRONTIN E DA OUTRAS PROVID\u00caNCIAS"}, {"id": "2161", "ano": "2025", "numero": "62", "tipo__sigla": "PLOLG", "tipo__descricao": "Projeto de Lei Ordin\u00e1ria do Legislativo", "autoria": "ROSANGELA PASSOS, SANDRA GIL", "texto_original": "http://sapl.engenheiropaulodefrontin.rj.leg.br/media/sapl/public/materialegislativa/2025/2161/pl2025-62.pdf", "ementa": "INSTITUI, NO \u00c2MBITO DO MUNIC\u00cdPIO DE ENGENHEIRO PAULO DE FRONTIN, A POL\u00cdTICA PUBLICA DE CRIA\u00c7\u00c3O E IMPLEMENTA\u00c7\u00c3O DO ESPA\u00c7O MULTIDISCIPLINAR DE ATENDIMENTO A CRIAN\u00c7AS E ADOLESCENTES EM SITUA\u00c7\u00c3O DE VULNERABILIDADE, E DA OUTRAS PROVIDENCIAS"}, {"id": "2286", "ano": "2025", "numero": "63", "tipo__sigla": "PLOLG", "tipo__descricao": "Projeto de Lei Ordin\u00e1ria do Legislativo", "autoria": "SANDRO FERREIRA (Deca)", "texto_original": "http://sapl.engenheiropaulodefrontin.rj.leg.br/media/sapl/public/materialegislativa/2025/2286/pl2025-63.pdf", "ementa": "DISP\u00d5E SOBRE A INSTITUI\u00c7\u00c3O DO PROGRAMA DE REGISTRO CIVIL, IDENTIDADE, CPF E OUTROS DOCUMENTOS NO HOSPITAUMATERNIDADE DO MUNIC\u00cdPIO DE ENGENHEIRO PAULO DE FRONTIN E DA OUTRAS PROVID\u00caNCIAS"}, {"id": "2170", "ano": "2025", "numero": "64", "tipo__sigla": "PLOLG", "tipo__descricao": "Projeto de Lei Ordin\u00e1ria do Legislativo", "autoria": "SANDRO FERREIRA (Deca)", "texto_original": "http://sapl.engenheiropaulodefrontin.rj.leg.br/media/sapl/public/materialegislativa/2025/2170/pl2025-64.pdf", "ementa": "\"INSTITUI O PROGRAMA MUNICIPAL DE PREVEN\u00c7\u00c3O \u00c0 S\u00cdNDROME E DA OUTRAS PROVID\u00caNCIAS.\""}, {"id": "2171", "ano": "2025", "numero": "65", "tipo__sigla": "PLOLG", "tipo__descricao": "Projeto de Lei Ordin\u00e1ria do Legislativo", "autoria": "SANDRO FERREIRA (Deca)", "texto_original": "http://sapl.engenheiropaulodefrontin.rj.leg.br/media/sapl/public/materialegislativa/2025/2171/pl2025-65.pdf", "ementa": "\"DISP\u00d5E SOBRE A REALIZA\u00c7\u00c3O DE TREINAMENTO DE COMBATE A PRINC\u00cdPIOS DE INC\u00caNDIO PARA OS SERVIDORES P\u00daBLICOS DO MUNIC\u00cdPIO DE ENGENHEIRO PAULO DE FRONTIN E DA OUTRAS PROVID\u00caNCIAS.\""}, {"id": "2172", "ano": "2025", "numero": "66", "tipo__sigla": "PLOLG", "tipo__descricao": "Projeto de Lei Ordin\u00e1ria do Legislativo", "autoria": "SANDRO FERREIRA (Deca)", "texto_original": "http://sapl.engenheiropaulodefrontin.rj.leg.br/media/sapl/public/materialegislativa/2025/2172/pl2025-66.pdf", "ementa": "\"DISP\u00d5E SOBRE A INSTALA\u00c7\u00c3O DE SISTEMA DE MONITORAMENTO POR CAMERAS DE SEGURAN\u00c7A EM VIAS P\u00daBLICAS E LOGRADOUROS DO MUNICIPIO DE ENGENHEIRO PAULO DE FRONTIN, E DA OUTRAS PROVID\u00caNCIAS.\""}, {"id": "2189", "ano": "2025", "numero": "67", "tipo__sigla": "PLOLG", "tipo__descricao": "Projeto de Lei Ordin\u00e1ria do Legislativo", "autoria": "GABRIEL LOUREN\u00c7O", "texto_original": "http://sapl.engenheiropaulodefrontin.rj.leg.br/media/sapl/public/materialegislativa/2025/2189/pl2025-67.pdf", "ementa": "AUTORIZA 0 PODER EXECUTIVO A DISPONIBILIZAR PROFISSIONAIS DAAREADE ENFERMAGEM DURANTE OS VEL\u00d3RIOS REALIZADOS NO MUNIC\u00cdPIO DE ENGENHEIRO PAULO DE FRONTIN, E DA OUTRAS PROVIDENCIAS."}, {"id": "2203", "ano": "2025", "numero": "68", "tipo__sigla": "PLOLG", "tipo__descricao": "Projeto de Lei Ordin\u00e1ria do Legislativo", "autoria": "GABRIEL LOUREN\u00c7O", "texto_original": "http://sapl.engenheiropaulodefrontin.rj.leg.br/media/sapl/public/materialegislativa/2025/2203/pl_068-2025.pdf", "ementa": "DISP\u00d5E SOBRE A OBRIGATORIEDADE DA ELEI\u00c7\u00c3O DE REPRESENTANTES DE TURMA, DA CRIA\u00c7\u00c3O DE GR\u00caMIOS ESTUDANTIS NAS ESCOLAS PUBLICAS DO MUNIC\u00cdPIO, E DA PARTICIPA\u00c7\u00c3O NO PROJETO C\u00c2MARA MIRIM, E DA OUTRAS PROVID\u00caNCIAS"}, {"id": "2249", "ano": "2025", "numero": "69", "tipo__sigla": "PLOLG", "tipo__descricao": "Projeto de Lei Ordin\u00e1ria do Legislativo", "autoria": "GABRIEL LOUREN\u00c7O", "texto_original": "http://sapl.engenheiropaulodefrontin.rj.leg.br/media/sapl/public/materialegislativa/2025/2249/pl2025-69.pdf", "ementa": "INSTITUI O DIA MUNICIPAL DO HINO NAS ESCOLAS NO MUNIC\u00cdPIO DE ENGENHEIRO PAULO DE FRONTIN-RJ E DA OUTRASPROVID\u00caNCIAS"}, {"id": "2272", "ano": "2025", "numero": "70", "tipo__sigla": "PLOLG", "tipo__descricao": "Projeto de Lei Ordin\u00e1ria do Legislativo", "autoria": "GABRIEL LOUREN\u00c7O, JEFERSON ADRIANO GOMES MOREIRA", "texto_original": "http://sapl.engenheiropaulodefrontin.rj.leg.br/media/sapl/public/materialegislativa/2025/2272/pl2025-70.pdf", "ementa": "\"INSTITUI O DIA MUNICIPAL DO ESTUDANTE NO MUNIC\u00cdPIO DE ENGENHEIRO PAULO DE FRONTIN-RJ E DA OUTRAS PROVID\u00caNCIAS.\""}, {"id": "2250", "ano": "2025", "numero": "71", "tipo__sigla": "PLOLG", "tipo__descricao": "Projeto de Lei Ordin\u00e1ria do Legislativo", "autoria": "GABRIEL LOUREN\u00c7O", "texto_original": "http://sapl.engenheiropaulodefrontin.rj.leg.br/media/sapl/public/materialegislativa/2025/2250/pl2025-71.pdf", "ementa": "RECONHECE 0 GRUPO OS MULTIPLICATORES COMO PATRIM\u00d4NIO CULTURAL E IMATERIAL DO MUNIC\u00cdPIO DE ENGENHEIRO PAULO DE FRONTIN E DA OUTRAS PROVIDENCIAS"}, {"id": "2251", "ano": "2025", "numero": "72", "tipo__sigla": "PLOLG", "tipo__descricao": "Projeto de Lei Ordin\u00e1ria do Legislativo", "autoria": "GABRIEL LOUREN\u00c7O", "texto_original": "http://sapl.engenheiropaulodefrontin.rj.leg.br/media/sapl/public/materialegislativa/2025/2251/pl2025-72.pdf", "ementa": "RECONHECE A \"CARAVANA DOS SANTOS REIS\" DO DISTRITO DE MORRO AZUL, MUNIC\u00cdPIO DE ENGENHEIRO PAULO DE FRONTIN, COMO PATRIM\u00d4NIO CULTURAL E !MATERIAL DO MUNIC\u00cdPIO E ESTABELECE DIRETRIZES PARA SUA PRESERVA\u00c7\u00c3O E APOIO"}, {"id": "2278", "ano": "2025", "numero": "73", "tipo__sigla": "PLOLG", "tipo__descricao": "Projeto de Lei Ordin\u00e1ria do Legislativo", "autoria": "GABRIEL LOUREN\u00c7O", "texto_original": "http://sapl.engenheiropaulodefrontin.rj.leg.br/media/sapl/public/materialegislativa/2025/2278/pl2025-073.pdf", "ementa": "DECLARA COMO PATRIM\u00d4NIO CULTURAL IMATERIAL DO MUNIC\u00cdPIO DE ENGENHEIRO PAULO DE FRONTIN A SOCIEDADE ESPORTIVA FERROVI\u00c1RIA E D\u00c1 OUTRAS PROVID\u00caNCIAS"}, {"id": "2271", "ano": "2025", "numero": "74", "tipo__sigla": "PLOLG", "tipo__descricao": "Projeto de Lei Ordin\u00e1ria do Legislativo", "autoria": "KAIO BALTHAZAR", "texto_original": "http://sapl.engenheiropaulodefrontin.rj.leg.br/media/sapl/public/materialegislativa/2025/2271/pl_074-2025_kaio.pdf", "ementa": "\"DISPOE SOBRE A DISTRIBUI\u00c7\u00c3O GRATUITA DE MATERIAL\r\nESCOLAR ADEQUADO AOS ALUNOS COM DEFICI\u00caNCIA\r\nMATRICULADOS NA REDE P\u00daBLICA MUNICIPAL DE ENSINO DE\r\nENGENHEIRO PAULO DE FRONTIN E DA OUTRAS PROVID\u00caNCIAS.\""}, {"id": "2284", "ano": "2025", "numero": "75", "tipo__sigla": "PLOLG", "tipo__descricao": "Projeto de Lei Ordin\u00e1ria do Legislativo", "autoria": "JEFERSON ADRIANO GOMES MOREIRA, ROSANGELA PASSOS, SANDRA GIL", "texto_original": "http://sapl.engenheiropaulodefrontin.rj.leg.br/media/sapl/public/materialegislativa/2025/2284/pl2025-75.pdf", "ementa": "\"INSTITUI A OBRIGATORIEDADE DE CAPACITA\u00c7\u00c3O EM NO\u00c7\u00d5ES B\u00c1SICAS DE PRIMEIROS SOCORROS PARA PROFESSORES E FUNCION\u00c1RIOS DA EDUCA\u00c7\u00c3O B\u00c1SICA NO MUNIC\u00cdPIO DE ENGENHEIRO PAULO DE FRONTIN, CONFORME DISP\u00d5E A LEI FEDERAL N\u00b0 13.722/2018 (LEI LUCAS).\""}, {"id": "2279", "ano": "2025", "numero": "76", "tipo__sigla": "PLOLG", "tipo__descricao": "Projeto de Lei Ordin\u00e1ria do Legislativo", "autoria": "KAIO BALTHAZAR", "texto_original": "http://sapl.engenheiropaulodefrontin.rj.leg.br/media/sapl/public/materialegislativa/2025/2279/pl2025-076.pdf", "ementa": "\"DISP\u00d5E SOBRE A OBRIGATORIEDADE DE CONTRATA\u00c7\u00c3O DE SEGURAN\u00c7A PRIVADA NA REALIZA\u00c7\u00c3O DE CAMPEONATOS DE FUTSAL NO MUNICIPIO DE ENGENHEIRO PAULO DE FRONTIN, E DA OUTRAS PROVIDENCIAS.\""}, {"id": "2273", "ano": "2025", "numero": "77", "tipo__sigla": "PLOLG", "tipo__descricao": "Projeto de Lei Ordin\u00e1ria do Legislativo", "autoria": "VINICIUS NORA", "texto_original": "http://sapl.engenheiropaulodefrontin.rj.leg.br/media/sapl/public/materialegislativa/2025/2273/pl2025-77.pdf", "ementa": "DISP\u00d5E SOBRE A AUTORIZA\u00c7\u00c3O PARA A DISPENSA\u00c7\u00c3O DE MEDICAMENTOS NO \u00c2MBITO DO SISTEMA \u00daNICO DE SA\u00daDE (SUS) MUNICIPAL A USU\u00c1RIOS  INSCRITOS NO CADASTRO \u00daNICO (Cad\u00danico), MEDIANTE A APRESENTA\u00c7\u00c3O DE PRESCRI\u00c7\u00d5ES EMITIDAS POR PROFISSIONAIS DE SA\u00daDE AO INTEGRANTES DA REDE PUBLICA, E DA OUTRAS PROVID\u00caNCIAS"}, {"id": "2280", "ano": "2025", "numero": "78", "tipo__sigla": "PLOLG", "tipo__descricao": "Projeto de Lei Ordin\u00e1ria do Legislativo", "autoria": "VINICIUS NORA", "texto_original": "http://sapl.engenheiropaulodefrontin.rj.leg.br/media/sapl/public/materialegislativa/2025/2280/pl2025-078.pdf", "ementa": "\"DISP\u00d5E SOBRE 0 PROCESSO LEGISLATIVO DE DECLARA\u00c7\u00c3O DE UTILIDADE PUBLICA MUNICIPAL DAS ENTIDADES QUE MENCIONA, DISCIPLINA O PROCESSO ADMINISTRATIVO DE REGISTRO DAS MESMAS, SEU CANCELAMENTO E DA OUTRAS PROVID\u00caNCIAS.\""}, {"id": "2301", "ano": "2025", "numero": "79", "tipo__sigla": "PLOLG", "tipo__descricao": "Projeto de Lei Ordin\u00e1ria do Legislativo", "autoria": "GABRIEL LOUREN\u00c7O, JEFERSON ADRIANO GOMES MOREIRA, MOISES ROCHA, SANDRO FERREIRA (Deca)", "texto_original": "http://sapl.engenheiropaulodefrontin.rj.leg.br/media/sapl/public/materialegislativa/2025/2301/pl2025-79.pdf", "ementa": "RECONHECE O ADRIANINO ATL\u00c9TICO CLUBE COMO PATRIM\u00d4NIO MATERIAL E CULTURAL DA CIDADE DE ENGENHEIRO PAULO DE FRONTIN E DA OUTRAS PROVID\u00caNCIAS"}, {"id": "2293", "ano": "2025", "numero": "80", "tipo__sigla": "PLOLG", "tipo__descricao": "Projeto de Lei Ordin\u00e1ria do Legislativo", "autoria": "VINICIUS NORA", "texto_original": "http://sapl.engenheiropaulodefrontin.rj.leg.br/media/sapl/public/materialegislativa/2025/2293/pl_080-2025.pdf", "ementa": "Disp\u00f5e sobre a isen\u00e7\u00e3o da Contribui\u00e7\u00e3o para Custeio do Servi\u00e7o de Ilumina\u00e7\u00e3o P\u00fablica (CIP) nos casos em que a via p\u00fablica permanecer sem ilumina\u00e7\u00e3o por per\u00edodo igual ou superior a 30 (trinta) dias consecutivos, e d\u00e1 outras provid\u00eancias"}, {"id": "2296", "ano": "2025", "numero": "81", "tipo__sigla": "PLOLG", "tipo__descricao": "Projeto de Lei Ordin\u00e1ria do Legislativo", "autoria": "GABRIEL LOUREN\u00c7O", "texto_original": "http://sapl.engenheiropaulodefrontin.rj.leg.br/media/sapl/public/materialegislativa/2025/2296/pl2025-81.pdf", "ementa": "RECONHECE A ASPROARTE (ASSOCIA\u00c7\u00c3O DOS PRODUTORES DE ARTESANATO DE ENGENHEIRO PAULO DE FRONTIN \u2014 RJ) COMO PATRIM\u00d4NIO CULTURAL E IMATERIAL DO MUNIC\u00cdPIO DE ENGENHEIRO PAULO DE FRONTIN, E DA OUTRAS PROVID\u00caNCIAS"}, {"id": "2312", "ano": "2025", "numero": "82", "tipo__sigla": "PLOLG", "tipo__descricao": "Projeto de Lei Ordin\u00e1ria do Legislativo", "autoria": "JORGE VILELA", "texto_original": "http://sapl.engenheiropaulodefrontin.rj.leg.br/media/sapl/public/materialegislativa/2025/2312/pl2025-82.pdf", "ementa": "DENOMINA DE \"ANT\u00d4NIO GERALDO FRANCISQUINI\" A FARM\u00c1CIA MUNICIPAL, NO CENTRO NO MUNIC\u00cdPIO DE ENGENHEIRO PAULO DE FRONTIN-RJ"}, {"id": "2399", "ano": "2025", "numero": "83", "tipo__sigla": "PLOLG", "tipo__descricao": "Projeto de Lei Ordin\u00e1ria do Legislativo", "autoria": "GABRIEL LOUREN\u00c7O", "texto_original": "http://sapl.engenheiropaulodefrontin.rj.leg.br/media/sapl/public/materialegislativa/2025/2399/pl2025-83.pdf", "ementa": "DISP\u00d5E SOBRE A PRIORIDADE DE MATR\u00cdCULA DE CRIAN\u00c7AS E ADOLESCENTES COM DEFICI\u00caNCIA, INCLUINDO DEFICI\u00caNCIAS F\u00cdSICAS, INTELECTUAIS, SENSORIAIS, TRANSTORNO DO ESPECTRO AUTISTA E DEMAIS IMPEDIMENTOS DE LONGO PRAZO NA REDE MUNICIPAL DE ENSINO, GARANTINDO O ACESSO \u00c0S ESCOLAS P\u00daBLICAS MAIS PR\u00d3XIMAS DE SUAS RESID\u00caNCIAS, NO \u00c2MBITO DO MUNIC\u00cdPIO DE ENGENHEIRO PAULO DE FRONTIN, E DA OUTRAS PROVID\u00caNCIAS"}, {"id": "2400", "ano": "2025", "numero": "84", "tipo__sigla": "PLOLG", "tipo__descricao": "Projeto de Lei Ordin\u00e1ria do Legislativo", "autoria": "VINICIUS NORA", "texto_original": "http://sapl.engenheiropaulodefrontin.rj.leg.br/media/sapl/public/materialegislativa/2025/2400/pl2025-84.pdf", "ementa": "DISP\u00d5E SOBRE DIRETRIZES PARA A ELABORA\u00c7\u00c3O DA \"POL\u00cdTICA MUNICIPAL DE ADAPTA\u00c7\u00c3O CLIM\u00c1TICA NA REDE MUNICIPAL DE ENSINO DO MUNIC\u00cdPIO\" DE ENGENHEIRO PAULO DE FRONTIN E DA OUTRAS PROVIDENCIAS"}, {"id": "2423", "ano": "2025", "numero": "85", "tipo__sigla": "PLOLG", "tipo__descricao": "Projeto de Lei Ordin\u00e1ria do Legislativo", "autoria": "VINICIUS NORA", "texto_original": "http://sapl.engenheiropaulodefrontin.rj.leg.br/media/sapl/public/materialegislativa/2025/2423/pl2025-85.pdf", "ementa": "DISP\u00d5E SOBRE A OBRIGATORIEDADE DA DISTRIBUI\u00c7\u00c3O ANUAL DE UNIFORMES ESCOLARES AOS ALUNOS DA REDE P\u00daBLICA MUNICIPAL DE ENSINO DE ENGENHEIRO PAULO DE FRONTIN E DA OUTRAS PROVID\u00caNCIAS"}, {"id": "2427", "ano": "2025", "numero": "86", "tipo__sigla": "PLOLG", "tipo__descricao": "Projeto de Lei Ordin\u00e1ria do Legislativo", "autoria": "Mesa Diretora", "texto_original": "http://sapl.engenheiropaulodefrontin.rj.leg.br/media/sapl/public/materialegislativa/2025/2427/pl2025-86.pdf", "ementa": "DISP\u00d5E SOBRE A REVIS\u00c3O ANUAL DOS VENCIMENTOS DOS SERVIDORES EM 4,68% DA C\u00c2MARA MUNICIPAL DE ENGENHEIRO PAULO DE FRONTIN/RJ"}, {"id": "2428", "ano": "2025", "numero": "87", "tipo__sigla": "PLOLG", "tipo__descricao": "Projeto de Lei Ordin\u00e1ria do Legislativo", "autoria": "Mesa Diretora", "texto_original": "http://sapl.engenheiropaulodefrontin.rj.leg.br/media/sapl/public/materialegislativa/2025/2428/pl2025-87.pdf", "ementa": "DISP\u00d5E SOBRE REAJUSTE LINEAR, A T\u00cdTULO DE REVIS\u00c3O GERAL ANUAL, DOS SUBSIDIOS DOS VEREADORES DA C\u00c2MARA MUNICIPAL DE ENGENHEIRO PAULO DE FRONTIN/RJ"}, {"id": "1194", "ano": "2025", "numero": "1", "tipo__sigla": "PRESO", "tipo__descricao": "Projeto de Resolu\u00e7\u00e3o", "autoria": "VINICIUS NORA", "texto_original": "http://sapl.engenheiropaulodefrontin.rj.leg.br/media/sapl/public/materialegislativa/2025/1194/pr01-25.pdf", "ementa": "\"Cria a Comiss\u00e3o Especial para Acompanhar os Servi\u00e7os Prestados pela LIGHT SERVI\u00c7OS DE ELETRICIDADE S/A no Munic\u00edpio de Engenheiro Paulo de Frontin.\""}, {"id": "1992", "ano": "2025", "numero": "3", "tipo__sigla": "PRESO", "tipo__descricao": "Projeto de Resolu\u00e7\u00e3o", "autoria": "GABRIEL LOUREN\u00c7O, JEFERSON ADRIANO GOMES MOREIRA, JORGE VILELA, KAIO BALTHAZAR, MOISES ROCHA, ROSANGELA PASSOS, SANDRA GIL, SANDRO FERREIRA (Deca), VINICIUS NORA", "texto_original": "http://sapl.engenheiropaulodefrontin.rj.leg.br/media/sapl/public/materialegislativa/2025/1992/pr2025-03_0.pdf", "ementa": "\"Disp\u00f5e sobre a cria\u00e7\u00e3o da C\u00e2mara Mirim no \u00e2mbito do Munic\u00edpio de Engenheiro Paulo de Frontin-RJ.\""}, {"id": "2105", "ano": "2025", "numero": "4", "tipo__sigla": "PRESO", "tipo__descricao": "Projeto de Resolu\u00e7\u00e3o", "autoria": "KAIO BALTHAZAR", "texto_original": "http://sapl.engenheiropaulodefrontin.rj.leg.br/media/sapl/public/materialegislativa/2025/2105/pr2025-04.pdf", "ementa": "\"Cria a Comiss\u00e3o de Defesa do Consumidor no \u00e2mbito da C\u00e2mara Municipal de Engenheiro Paulo de Frontin e d\u00e1 outras provid\u00eancias.\""}, {"id": "2085", "ano": "2025", "numero": "5", "tipo__sigla": "PRESO", "tipo__descricao": "Projeto de Resolu\u00e7\u00e3o", "autoria": "GABRIEL LOUREN\u00c7O", "texto_original": "http://sapl.engenheiropaulodefrontin.rj.leg.br/media/sapl/public/materialegislativa/2025/2085/pr2025-05.pdf", "ementa": "\"Disp\u00f5e sobre a cria\u00e7\u00e3o de Comiss\u00e3o Especial para tratar dos impactos causados pelas granjas existentes no munic\u00edpio de Engenheiro Paulo de Frontin -RJ.\""}, {"id": "2086", "ano": "2025", "numero": "6", "tipo__sigla": "PRESO", "tipo__descricao": "Projeto de Resolu\u00e7\u00e3o", "autoria": "GABRIEL LOUREN\u00c7O", "texto_original": "http://sapl.engenheiropaulodefrontin.rj.leg.br/media/sapl/public/materialegislativa/2025/2086/pr06-25_gabriel.pdf", "ementa": "\"Institui o Programa Jovem Aprendiz no \u00e2mbito da Camara Municipal de Engenheiro Paulo de Frontin-RJ e da outras provid\u00eancias.\""}, {"id": "2127", "ano": "2025", "numero": "7", "tipo__sigla": "PRESO", "tipo__descricao": "Projeto de Resolu\u00e7\u00e3o", "autoria": "GABRIEL LOUREN\u00c7O, JORGE VILELA, KAIO BALTHAZAR, VINICIUS NORA", "texto_original": "http://sapl.engenheiropaulodefrontin.rj.leg.br/media/sapl/public/materialegislativa/2025/2127/pr2025-07.pdf", "ementa": "\"Disp\u00f5e sobre a obrigatoriedade do Poder Executivo Municipal responder formalmente As indica\u00e7\u00f5es feitas pelos Vereadores da C\u00e2mara Municipal de Engenheiro Paulo de Frontin-RJ.\""}, {"id": "2231", "ano": "2025", "numero": "8", "tipo__sigla": "PRESO", "tipo__descricao": "Projeto de Resolu\u00e7\u00e3o", "autoria": "VINICIUS NORA", "texto_original": "http://sapl.engenheiropaulodefrontin.rj.leg.br/media/sapl/public/materialegislativa/2025/2231/pr2025-08.pdf", "ementa": "\"Suprime os incisos III, IV e V doArt.216 e altera a reda\u00e7\u00e3o doArt.222 do Regimento Interno.\""}, {"id": "2175", "ano": "2025", "numero": "9", "tipo__sigla": "PRESO", "tipo__descricao": "Projeto de Resolu\u00e7\u00e3o", "autoria": "Mesa Diretora", "texto_original": "http://sapl.engenheiropaulodefrontin.rj.leg.br/media/sapl/public/materialegislativa/2025/2175/pr2025-09.pdf", "ementa": "Disp\u00f5e sobre a cria\u00e7\u00e3o de Comiss\u00e3o Especial de Apura\u00e7\u00e3o para averiguar os impactos e as condi\u00e7\u00f5es dos servi\u00e7os prestados pela empresa Rica Alimentos no munic\u00edpio de Engenheiro Paulo de Frontin"}, {"id": "2232", "ano": "2025", "numero": "10", "tipo__sigla": "PRESO", "tipo__descricao": "Projeto de Resolu\u00e7\u00e3o", "autoria": "Mesa Diretora", "texto_original": "http://sapl.engenheiropaulodefrontin.rj.leg.br/media/sapl/public/materialegislativa/2025/2232/pr2025-010.pdf", "ementa": "\"ALTERA 0 ARTIGO 53 E INCLUI 0 ARTIGO 69-A NA RESOLU\u00c7\u00c3O N\u00b01, DE 10 DE NOVEMBRO DE 2022, QUE DISP\u00d5E SOBRE O REGIMENTO INTERNO DA C\u00c2MARA MUNICIPAL DE ENGENHEIRO PAULO DE FRONTIN, PARA INSERIR O ITEM IX E INSTITUIR A COMISS\u00c3O PERMANENTE EM PROTE\u00c7\u00c3O E DEFESA DOS ANIMAIS\""}, {"id": "2282", "ano": "2025", "numero": "11", "tipo__sigla": "PRESO", "tipo__descricao": "Projeto de Resolu\u00e7\u00e3o", "autoria": "VINICIUS NORA", "texto_original": "http://sapl.engenheiropaulodefrontin.rj.leg.br/media/", "ementa": "\"DISP\u00d5E SOBRE A LIMITA\u00c7\u00c3O DO TEMPO DE FALA DOS VEREADORES NAS SESS\u00d5ES ORDIN\u00c1RIAS DA C\u00c2MARA MUNICIPAL E D\u00c1 OUTRAS PROVIDENCIAS.\""}, {"id": "2447", "ano": "2025", "numero": "12", "tipo__sigla": "PRESO", "tipo__descricao": "Projeto de Resolu\u00e7\u00e3o", "autoria": "Mesa Diretora", "texto_original": "http://sapl.engenheiropaulodefrontin.rj.leg.br/media/sapl/public/materialegislativa/2025/2447/pr2025-012.pdf", "ementa": "DISP\u00d5E SOBRE A CRIA\u00c7\u00c3O DE CARGOS DE PROVIMENTO EFETIVO POR CONCURSO P\u00daBLICO, EXTINGUE 5 (CINCO) CARGOS DE ASSESSOR LEGISLATIVO NA ESTRUTURA ORGANIZACIONAL DA C\u00c2MARA MUNICIPAL DE ENG\u00b0 PAULO DE FRONTIN E DA OUTRAS PROVID\u00caNCIAS"}, {"id": "2430", "ano": "2025", "numero": "13", "tipo__sigla": "PRESO", "tipo__descricao": "Projeto de Resolu\u00e7\u00e3o", "autoria": "Mesa Diretora", "texto_original": "http://sapl.engenheiropaulodefrontin.rj.leg.br/media/sapl/public/materialegislativa/2025/2430/pr2025-013.pdf", "ementa": "Altera o Art. 2\u00b0 da Resolu\u00e7\u00e3o n\u00b0 002/2024, de 23 de dezembro de 2024, disp\u00f5e sobre as viagens oficiais e a concess\u00e3o de di\u00e1rias a vereadores e servidores do poder legislativo de Engenheiro Paulo de Frontin \u2014 RJ"}, {"id": "2429", "ano": "2025", "numero": "14", "tipo__sigla": "PRESO", "tipo__descricao": "Projeto de Resolu\u00e7\u00e3o", "autoria": "Mesa Diretora", "texto_original": "http://sapl.engenheiropaulodefrontin.rj.leg.br/media/sapl/public/materialegislativa/2025/2429/pr2025-014.pdf", "ementa": "ALTERA 0 ART.1\u00b0 DA RESOLU\u00c7\u00c3O N\u00b0 003/2024, DE 23 DE DEZEMBRO DE 2024, QUE DISP\u00d5E SOBRE A CONCESS\u00c3O DE VERBA INDENIZAT\u00d3RIA AOS VEREADORES DA C\u00c2MARA MUNICIPAL DE ENGENHEIRO PAULO DE FRONTINIRJ"}, {"id": "2216", "ano": "2025", "numero": "1", "tipo__sigla": "PELOM", "tipo__descricao": "Proposta do Legislativo de Emenda \u00e0 Lei Org\u00e2nica", "autoria": "GABRIEL LOUREN\u00c7O, JEFERSON ADRIANO GOMES MOREIRA, JORGE VILELA, MOISES ROCHA, ROSANGELA PASSOS, SANDRA GIL, SANDRO FERREIRA (Deca), VINICIUS NORA", "texto_original": "http://sapl.engenheiropaulodefrontin.rj.leg.br/media/sapl/public/materialegislativa/2025/2216/pem_2025-02.pdf", "ementa": "ALTERA 0 \u00a7 9\u00ba DO ART.112 DA LEI ORG\u00c2NICA MUNICIPAL QUE DISP\u00d5E SOBRE AS EMENDAS IMPOSITIVAS"}, {"id": "2150", "ano": "2025", "numero": "1", "tipo__sigla": "RCH", "tipo__descricao": "Registro de Chapa", "autoria": "", "texto_original": "http://sapl.engenheiropaulodefrontin.rj.leg.br/media/sapl/public/materialegislativa/2025/2150/chapa_1.pdf", "ementa": "Os Vereadores abaixo subscritos, eleitos para o mandato na legislatura 2027/2028, dirigem-se a vossa excel\u00eancia, em atendimento as disposi\u00e7\u00f5es expressas no Regimento Interno da C\u00e2mara e na Lei Org\u00e2nica Municipal, referente as Elei\u00e7\u00f5es para composi\u00e7\u00e3o da Mesa Diretora da C\u00e2mara Municipal de Engenheiro Paulo de Frontin, Estado de Rio de Janeiro, para requerer PROTOCOLO, REGISTRO e INSCRI\u00c7\u00c3O da chapa para o Bi\u00eanio 2027/2028. Nesta forma feita, apresentamos a composi\u00e7\u00e3o da chapa que satisfaz as condi\u00e7\u00f5es de elegibilidade.\r\nCHAPA 1: \r\nPresidente Nome: JEFERSON ADRIANO GOMES MOREIRA Partido: UNI\u00c3O\r\nVice Presidente Nome: ROS\u00c2NGELA DE CARVALHO PASSOS GODA Partido: DC\r\nPrimeiro Secret\u00e1rio Nome: MOISES DOS SANTOS ROCHA Partido: MOBILIZA\r\nSegundo Secret\u00e1rio Nome: SANDRA REGINA GIL Partido: UNI\u00c3O \r\n_____\r\nAprovado por 7 votos - Gabriel Louren\u00e7o, Vinicius Nora e Sandro Ferreira Pinto"}, {"id": "1189", "ano": "2025", "numero": "2", "tipo__sigla": "REQ", "tipo__descricao": "Requerimento", "autoria": "VINICIUS NORA", "texto_original": "http://sapl.engenheiropaulodefrontin.rj.leg.br/media/sapl/public/materialegislativa/2025/1189/req02-25.pdf", "ementa": "\"Requer informa\u00e7\u00f5es sobre o Quadro de Detalhamento de Despesas 2025. \""}, {"id": "1190", "ano": "2025", "numero": "3", "tipo__sigla": "REQ", "tipo__descricao": "Requerimento", "autoria": "KAIO BALTHAZAR", "texto_original": "http://sapl.engenheiropaulodefrontin.rj.leg.br/media/sapl/public/materialegislativa/2025/1190/req03-25.pdf", "ementa": "\"Passagem de \u00f4nibus das via\u00e7\u00f5es Progresso e Barra do Pirai diariamente, com todos hor\u00e1rios dispon\u00edveis.\""}, {"id": "1191", "ano": "2025", "numero": "4", "tipo__sigla": "REQ", "tipo__descricao": "Requerimento", "autoria": "KAIO BALTHAZAR", "texto_original": "http://sapl.engenheiropaulodefrontin.rj.leg.br/media/sapl/public/materialegislativa/2025/1191/req04-25.pdf", "ementa": "\"Informa\u00e7\u00f5es a rela\u00e7\u00e3o de todas as cirurgias (datas, tipos e procedimentos), realizadas no Hospital Nelson Salles de 2024 at\u00e9 o presente momento."}, {"id": "1192", "ano": "2025", "numero": "5", "tipo__sigla": "REQ", "tipo__descricao": "Requerimento", "autoria": "KAIO BALTHAZAR", "texto_original": "http://sapl.engenheiropaulodefrontin.rj.leg.br/media/sapl/public/materialegislativa/2025/1192/req05-25.pdf", "ementa": "\"Informa\u00e7\u00f5es de c\u00f3pia integral de todos os processos de reforma das escolas municipais no ano de 2024 e no ano de 2025.\""}, {"id": "1193", "ano": "2025", "numero": "6", "tipo__sigla": "REQ", "tipo__descricao": "Requerimento", "autoria": "KAIO BALTHAZAR", "texto_original": "http://sapl.engenheiropaulodefrontin.rj.leg.br/media/sapl/public/materialegislativa/2025/1193/req06-25.pdf", "ementa": "\"Informa\u00e7\u00f5es de c\u00f3pia integral de todos os processos de pagamentos no ano de 2024 e. no ano de 2025 da empresa que realiza a coleta de lixo em nosso munic\u00edpio.\""}, {"id": "1360", "ano": "2025", "numero": "7", "tipo__sigla": "REQ", "tipo__descricao": "Requerimento", "autoria": "GABRIEL LOUREN\u00c7O, KAIO BALTHAZAR, VINICIUS NORA", "texto_original": "http://sapl.engenheiropaulodefrontin.rj.leg.br/media/sapl/public/materialegislativa/2025/1360/req07-25.pdf", "ementa": "\"Cria\u00e7\u00e3o do Bloco Partid\u00e1rio PSD/SOLIDARIEDADE/PL, para todas os assuntos relativos aos trabalhos da casa.\""}, {"id": "1361", "ano": "2025", "numero": "8", "tipo__sigla": "REQ", "tipo__descricao": "Requerimento", "autoria": "GABRIEL LOUREN\u00c7O", "texto_original": "http://sapl.engenheiropaulodefrontin.rj.leg.br/media/sapl/public/materialegislativa/2025/1361/req08-25.pdf", "ementa": "\"Todas as informa\u00e7\u00f5es detalhadas do formato adotado para a compra dos uniformes escolares, assim como a previs\u00e3o de entrega dos informes aos alunos.\""}, {"id": "1362", "ano": "2025", "numero": "9", "tipo__sigla": "REQ", "tipo__descricao": "Requerimento", "autoria": "GABRIEL LOUREN\u00c7O", "texto_original": "http://sapl.engenheiropaulodefrontin.rj.leg.br/media/sapl/public/materialegislativa/2025/1362/req09-25.pdf", "ementa": "\"Informa\u00e7\u00f5es detalhadas sobre todo o procedimento de compra de lat\u00f5es de lixo, e principalmente sobre uma previs\u00e3o de entrega dos lat\u00f5es, caso tenham sido de fato comprados.\""}, {"id": "1363", "ano": "2025", "numero": "10", "tipo__sigla": "REQ", "tipo__descricao": "Requerimento", "autoria": "GABRIEL LOUREN\u00c7O", "texto_original": "http://sapl.engenheiropaulodefrontin.rj.leg.br/media/sapl/public/materialegislativa/2025/1363/req10-25.pdf", "ementa": "\"Todas as informa\u00e7\u00f5es detalhadas do formato adotado para a compra das CESTAS B\u00c1SICAS, assim como a previs\u00e3o de retornarem com os atendimentos aos usu\u00e1rios.\""}, {"id": "1498", "ano": "2025", "numero": "11", "tipo__sigla": "REQ", "tipo__descricao": "Requerimento", "autoria": "GABRIEL LOUREN\u00c7O", "texto_original": "http://sapl.engenheiropaulodefrontin.rj.leg.br/media/sapl/public/materialegislativa/2025/1498/req011-25.pdf", "ementa": "\"Solicito provid\u00eancias sobre o cumprimento da Lei 1658/2024, no que se refere \u00e0 concess\u00e3o de auxilio alimenta\u00e7\u00e3o dos servidores da Prefeitura Municipal de Engenheiro Paulo de Frontin.\""}, {"id": "1589", "ano": "2025", "numero": "12", "tipo__sigla": "REQ", "tipo__descricao": "Requerimento", "autoria": "VINICIUS NORA", "texto_original": "http://sapl.engenheiropaulodefrontin.rj.leg.br/media/sapl/public/materialegislativa/2025/1589/req12-25_vinicius.pdf", "ementa": "\"Requer informa\u00e7\u00f5es sobre o valor recebido pela prefeitura do total de recursos financeiros repassados pelo FNDE, no \u00e2mbito do PNAE em 2024 e qual a previs\u00e3o de repasse para o corrente ano de 2025.\""}, {"id": "1590", "ano": "2025", "numero": "13", "tipo__sigla": "REQ", "tipo__descricao": "Requerimento", "autoria": "VINICIUS NORA", "texto_original": "http://sapl.engenheiropaulodefrontin.rj.leg.br/media/sapl/public/materialegislativa/2025/1590/req13-25_vinicius.pdf", "ementa": "\"Requer informa\u00e7\u00f5es sobre o valor gasto com tambores de lixo no exerc\u00edcio de 2024 e suas respectivas distribui\u00e7\u00f5es pela cidade.\""}, {"id": "1605", "ano": "2025", "numero": "14", "tipo__sigla": "REQ", "tipo__descricao": "Requerimento", "autoria": "VINICIUS NORA", "texto_original": "http://sapl.engenheiropaulodefrontin.rj.leg.br/media/sapl/public/materialegislativa/2025/1605/req014-25.pdf", "ementa": "\"Requer informa\u00e7\u00f5es sobre a utiliza\u00e7\u00e3o do antigo Campo de Sacra para descarte de lixos e queimadas.\""}, {"id": "1633", "ano": "2025", "numero": "15", "tipo__sigla": "REQ", "tipo__descricao": "Requerimento", "autoria": "GABRIEL LOUREN\u00c7O", "texto_original": "http://sapl.engenheiropaulodefrontin.rj.leg.br/media/sapl/public/materialegislativa/2025/1633/req2025-15_0.pdf", "ementa": "\"Solicita medidas para garantir o cumprimento da Lei Federal n\u00b0 14.434 de 04/08/2022.\""}, {"id": "1634", "ano": "2025", "numero": "16", "tipo__sigla": "REQ", "tipo__descricao": "Requerimento", "autoria": "GABRIEL LOUREN\u00c7O", "texto_original": "http://sapl.engenheiropaulodefrontin.rj.leg.br/media/sapl/public/materialegislativa/2025/1634/req2025-16.pdf", "ementa": "\"Solicita medidas para garantir o cumprimento da aloca\u00e7\u00e3o dos candidatos aprovados no processo seletivo para a secretaria de educa\u00e7\u00e3o no munic\u00edpio.\""}, {"id": "1635", "ano": "2025", "numero": "17", "tipo__sigla": "REQ", "tipo__descricao": "Requerimento", "autoria": "GABRIEL LOUREN\u00c7O", "texto_original": "http://sapl.engenheiropaulodefrontin.rj.leg.br/media/sapl/public/materialegislativa/2025/1635/req2025-17.pdf", "ementa": "\"Solicita provid\u00eancias para garantir que a Via\u00e7\u00e3o Barra do Pirai cumpra os hor\u00e1rios estabelecidos para os servi\u00e7os de transporte no munic\u00edpio.\""}, {"id": "1669", "ano": "2025", "numero": "18", "tipo__sigla": "REQ", "tipo__descricao": "Requerimento", "autoria": "VINICIUS NORA", "texto_original": "http://sapl.engenheiropaulodefrontin.rj.leg.br/media/sapl/public/materialegislativa/2025/1669/req18-25_vinicius.pdf", "ementa": "\"Requer solu\u00e7\u00f5es junto a passarela sobre a linha f\u00e9rrea no bairro Jardim Novo Rodeio.\""}, {"id": "1670", "ano": "2025", "numero": "19", "tipo__sigla": "REQ", "tipo__descricao": "Requerimento", "autoria": "VINICIUS NORA", "texto_original": "http://sapl.engenheiropaulodefrontin.rj.leg.br/media/sapl/public/materialegislativa/2025/1670/req19-25_vinicius.pdf", "ementa": "\"Requer Informa\u00e7\u00f5es da Secretaria Municipal de Sa\u00fade bem como da coordena\u00e7\u00e3o de Odontologia sobre falta de materiais no posto de Morro Azul do Tingu\u00e1 - 3\u00ba Distrito\""}, {"id": "1692", "ano": "2025", "numero": "20", "tipo__sigla": "REQ", "tipo__descricao": "Requerimento", "autoria": "GABRIEL LOUREN\u00c7O, KAIO BALTHAZAR", "texto_original": "http://sapl.engenheiropaulodefrontin.rj.leg.br/media/", "ementa": "Dispensa das aulas escolares devido ao calor. CANCELADA!"}, {"id": "1686", "ano": "2025", "numero": "21", "tipo__sigla": "REQ", "tipo__descricao": "Requerimento", "autoria": "GABRIEL LOUREN\u00c7O, KAIO BALTHAZAR", "texto_original": "http://sapl.engenheiropaulodefrontin.rj.leg.br/media/sapl/public/materialegislativa/2025/1686/req2025-21.pdf", "ementa": "\"Requer que o ponto final dos \u00f4nibus da Via\u00e7\u00e3o Barra do Pirai e Via\u00e7\u00e3o Progresso seja alterado para o Posto BR, localizado no Bairro Ramalho.\""}, {"id": "1687", "ano": "2025", "numero": "22", "tipo__sigla": "REQ", "tipo__descricao": "Requerimento", "autoria": "GABRIEL LOUREN\u00c7O", "texto_original": "http://sapl.engenheiropaulodefrontin.rj.leg.br/media/sapl/public/materialegislativa/2025/1687/req2025-22.pdf", "ementa": "\"Requer a necessidade de desratiza\u00e7\u00e3o e dedetiza\u00e7\u00e3o no Bairro Jardim Novo Rodeio, que est\u00e1 sofrendo com uma grande prolifera\u00e7\u00e3o de ratos e insetos.\""}, {"id": "1688", "ano": "2025", "numero": "23", "tipo__sigla": "REQ", "tipo__descricao": "Requerimento", "autoria": "JORGE VILELA", "texto_original": "http://sapl.engenheiropaulodefrontin.rj.leg.br/media/sapl/public/materialegislativa/2025/1688/req23-25_vilela.pdf", "ementa": "\"Requer Informa\u00e7\u00f5es sobre a torre de telefonia m\u00f3vel.\""}, {"id": "1689", "ano": "2025", "numero": "24", "tipo__sigla": "REQ", "tipo__descricao": "Requerimento", "autoria": "JORGE VILELA", "texto_original": "http://sapl.engenheiropaulodefrontin.rj.leg.br/media/sapl/public/materialegislativa/2025/1689/req24-25_vilela.pdf", "ementa": "\"Requer Informa\u00e7\u00f5es sobre o preg\u00e3o presencial N\u00b0:027/2024 processo Administrativo N\u00b0: 406/2024.\""}, {"id": "1691", "ano": "2025", "numero": "25", "tipo__sigla": "REQ", "tipo__descricao": "Requerimento", "autoria": "GABRIEL LOUREN\u00c7O, KAIO BALTHAZAR", "texto_original": "http://sapl.engenheiropaulodefrontin.rj.leg.br/media/sapl/public/materialegislativa/2025/1691/req.025-25.pdf", "ementa": "\"Dispensa de presen\u00e7a obrigat\u00f3ria nas aulas da tarde devido ao calor\""}, {"id": "1750", "ano": "2025", "numero": "26", "tipo__sigla": "REQ", "tipo__descricao": "Requerimento", "autoria": "VINICIUS NORA", "texto_original": "http://sapl.engenheiropaulodefrontin.rj.leg.br/media/sapl/public/materialegislativa/2025/1750/req2025-026.pdf", "ementa": "\"Solicito \u00e0 Secretaria de Assist\u00eancia Social a rela\u00e7\u00e3o das pessoas que perderam o beneficio do aluguel social e as que ainda o possuem.\""}, {"id": "1751", "ano": "2025", "numero": "27", "tipo__sigla": "REQ", "tipo__descricao": "Requerimento", "autoria": "GABRIEL LOUREN\u00c7O", "texto_original": "http://sapl.engenheiropaulodefrontin.rj.leg.br/media/sapl/public/materialegislativa/2025/1751/req2025-027.pdf", "ementa": "\"Remo\u00e7\u00e3o de um curral clandestino que se encontra na Avenida Nossa Senhora de F\u00e1tima, no bairro da Borracha.\""}, {"id": "1752", "ano": "2025", "numero": "28", "tipo__sigla": "REQ", "tipo__descricao": "Requerimento", "autoria": "GABRIEL LOUREN\u00c7O", "texto_original": "http://sapl.engenheiropaulodefrontin.rj.leg.br/media/sapl/public/materialegislativa/2025/1752/req2025-028_0.pdf", "ementa": "\"Falta de medicamentos, em geral, na Farm\u00e1cia Municipal de Engenheiro Paulo de Frontin.\""}, {"id": "1753", "ano": "2025", "numero": "29", "tipo__sigla": "REQ", "tipo__descricao": "Requerimento", "autoria": "GABRIEL LOUREN\u00c7O", "texto_original": "http://sapl.engenheiropaulodefrontin.rj.leg.br/media/sapl/public/materialegislativa/2025/1753/req2025-029.pdf", "ementa": "\"Compra de Uniformes dos Agentes de Sa\u00fade do Munic\u00edpio de Engenheiro Paulo de Frontin.\""}, {"id": "1754", "ano": "2025", "numero": "30", "tipo__sigla": "REQ", "tipo__descricao": "Requerimento", "autoria": "GABRIEL LOUREN\u00c7O", "texto_original": "http://sapl.engenheiropaulodefrontin.rj.leg.br/media/", "ementa": "CANCELADO"}, {"id": "1755", "ano": "2025", "numero": "31", "tipo__sigla": "REQ", "tipo__descricao": "Requerimento", "autoria": "GABRIEL LOUREN\u00c7O", "texto_original": "http://sapl.engenheiropaulodefrontin.rj.leg.br/media/sapl/public/materialegislativa/2025/1755/req_031-25.pdf", "ementa": "\"Cumprimento da Lei Federal 14.737/23 sobre acompanhamento hospitalar das mulheres, no Munic\u00edpio de Engenheiro Paulo de Frontin.\""}, {"id": "1756", "ano": "2025", "numero": "32", "tipo__sigla": "REQ", "tipo__descricao": "Requerimento", "autoria": "KAIO BALTHAZAR", "texto_original": "http://sapl.engenheiropaulodefrontin.rj.leg.br/media/sapl/public/materialegislativa/2025/1756/req_032-25.pdf", "ementa": "\"Solicita Informa\u00e7\u00f5es da Secretaria Municipal de Fazenda.\""}, {"id": "1757", "ano": "2025", "numero": "33", "tipo__sigla": "REQ", "tipo__descricao": "Requerimento", "autoria": "KAIO BALTHAZAR", "texto_original": "http://sapl.engenheiropaulodefrontin.rj.leg.br/media/sapl/public/materialegislativa/2025/1757/req033-2025.pdf", "ementa": "\"Solicita Informa\u00e7\u00f5es da Secretaria Municipal de Meio Ambiente.\""}, {"id": "1758", "ano": "2025", "numero": "34", "tipo__sigla": "REQ", "tipo__descricao": "Requerimento", "autoria": "KAIO BALTHAZAR", "texto_original": "http://sapl.engenheiropaulodefrontin.rj.leg.br/media/sapl/public/materialegislativa/2025/1758/req.034-25.pdf", "ementa": "\"Solicita Informa\u00e7\u00f5es referentes as obras da Estrada Imperial, no bairro da Graminha.\""}, {"id": "1769", "ano": "2025", "numero": "35", "tipo__sigla": "REQ", "tipo__descricao": "Requerimento", "autoria": "GABRIEL LOUREN\u00c7O", "texto_original": "http://sapl.engenheiropaulodefrontin.rj.leg.br/media/", "ementa": "CANCELADO"}, {"id": "1761", "ano": "2025", "numero": "36", "tipo__sigla": "REQ", "tipo__descricao": "Requerimento", "autoria": "GABRIEL LOUREN\u00c7O", "texto_original": "http://sapl.engenheiropaulodefrontin.rj.leg.br/media/sapl/public/materialegislativa/2025/1761/req2025-036.pdf", "ementa": "\"Contrata\u00e7\u00e3o de mediadores na Rede de educa\u00e7\u00e3o de Engenheiro Paulo de Frontin, em especial na\r\nCreche Municipal Ant\u00f4nio Mauricio.\""}, {"id": "1760", "ano": "2025", "numero": "37", "tipo__sigla": "REQ", "tipo__descricao": "Requerimento", "autoria": "GABRIEL LOUREN\u00c7O", "texto_original": "http://sapl.engenheiropaulodefrontin.rj.leg.br/media/sapl/public/materialegislativa/2025/1760/req2025-037.pdf", "ementa": "\"Contrata\u00e7\u00e3o de mais funcion\u00e1rios na \u00c1rea de Fonoaudiologia na Rede de Sa\u00fade de\r\nEngenheiro Paulo de Frontin.\""}, {"id": "1762", "ano": "2025", "numero": "38", "tipo__sigla": "REQ", "tipo__descricao": "Requerimento", "autoria": "KAIO BALTHAZAR", "texto_original": "http://sapl.engenheiropaulodefrontin.rj.leg.br/media/sapl/public/materialegislativa/2025/1762/req2025-038_0.pdf", "ementa": "\"Solicita\u00e7\u00e3o de Informa\u00e7\u00e3o.\""}, {"id": "1763", "ano": "2025", "numero": "39", "tipo__sigla": "REQ", "tipo__descricao": "Requerimento", "autoria": "KAIO BALTHAZAR", "texto_original": "http://sapl.engenheiropaulodefrontin.rj.leg.br/media/sapl/public/materialegislativa/2025/1763/req2025-039.pdf", "ementa": "\"Solicita\u00e7\u00e3o de Informa\u00e7\u00e3o.\""}, {"id": "1764", "ano": "2025", "numero": "40", "tipo__sigla": "REQ", "tipo__descricao": "Requerimento", "autoria": "GABRIEL LOUREN\u00c7O, JEFERSON ADRIANO GOMES MOREIRA", "texto_original": "http://sapl.engenheiropaulodefrontin.rj.leg.br/media/sapl/public/materialegislativa/2025/1764/req2025-040.pdf", "ementa": "\"Instala\u00e7\u00e3o de um agrupamento do Corpo de Bombeiros na cidade de Engenheiro Paulo de Frontin.\""}, {"id": "1765", "ano": "2025", "numero": "41", "tipo__sigla": "REQ", "tipo__descricao": "Requerimento", "autoria": "KAIO BALTHAZAR", "texto_original": "http://sapl.engenheiropaulodefrontin.rj.leg.br/media/sapl/public/materialegislativa/2025/1765/req2025-041.pdf", "ementa": "\"Solicita\u00e7\u00e3o de Informa\u00e7\u00e3o.\""}, {"id": "1770", "ano": "2025", "numero": "42", "tipo__sigla": "REQ", "tipo__descricao": "Requerimento", "autoria": "GABRIEL LOUREN\u00c7O", "texto_original": "http://sapl.engenheiropaulodefrontin.rj.leg.br/media/sapl/public/materialegislativa/2025/1770/req2025-042.pdf", "ementa": "\"Solicitar informa\u00e7\u00f5es detalhadas sobre os gastos realizados com o Carnaval de\r\n2025 no munic\u00edpio.\""}, {"id": "1771", "ano": "2025", "numero": "43", "tipo__sigla": "REQ", "tipo__descricao": "Requerimento", "autoria": "GABRIEL LOUREN\u00c7O", "texto_original": "http://sapl.engenheiropaulodefrontin.rj.leg.br/media/sapl/public/materialegislativa/2025/1771/req2025-043.pdf", "ementa": "\"Motivo da suspens\u00e3o da coleta de sangue no munic\u00edpio de Engenheiro Paulo de Frontin,\r\nservi\u00e7o disponibilizado pela empresa lbanc Laborat\u00f3rio."}, {"id": "1788", "ano": "2025", "numero": "44", "tipo__sigla": "REQ", "tipo__descricao": "Requerimento", "autoria": "GABRIEL LOUREN\u00c7O, VINICIUS NORA", "texto_original": "http://sapl.engenheiropaulodefrontin.rj.leg.br/media/sapl/public/materialegislativa/2025/1788/req2025-044.pdf", "ementa": "\"Solicitar explica\u00e7\u00f5es sobre a falta de pagamento \u00e0 empresa Capital Ambiental, respons\u00e1vel  pela coleta de lixo no munic\u00edpio, e o repasse para os\r\nfuncion\u00e1rios da coleta de lixo.\""}, {"id": "1789", "ano": "2025", "numero": "45", "tipo__sigla": "REQ", "tipo__descricao": "Requerimento", "autoria": "GABRIEL LOUREN\u00c7O, VINICIUS NORA", "texto_original": "http://sapl.engenheiropaulodefrontin.rj.leg.br/media/sapl/public/materialegislativa/2025/1789/req2025-045.pdf", "ementa": "\"Solicitar explica\u00e7\u00f5es sobre a falta de pagamento da equipe da limpeza urbana e a falta de repasse para a empresa Evolux Multi Servi\u00e7os.\""}, {"id": "1790", "ano": "2025", "numero": "46", "tipo__sigla": "REQ", "tipo__descricao": "Requerimento", "autoria": "GABRIEL LOUREN\u00c7O", "texto_original": "http://sapl.engenheiropaulodefrontin.rj.leg.br/media/sapl/public/materialegislativa/2025/1790/req2025-046.pdf", "ementa": "\"Solicitar explica\u00e7\u00f5es sobre a falta de resposta aos requerimentos enviados para a Prefeitura Municipal.\""}, {"id": "1986", "ano": "2025", "numero": "47", "tipo__sigla": "REQ", "tipo__descricao": "Requerimento", "autoria": "ROSANGELA PASSOS", "texto_original": "http://sapl.engenheiropaulodefrontin.rj.leg.br/media/sapl/public/materialegislativa/2025/1986/req2025-047.pdf", "ementa": "\"Solicito Mo\u00e7\u00e3o de Aplausos.\""}, {"id": "1791", "ano": "2025", "numero": "48", "tipo__sigla": "REQ", "tipo__descricao": "Requerimento", "autoria": "VINICIUS NORA", "texto_original": "http://sapl.engenheiropaulodefrontin.rj.leg.br/media/sapl/public/materialegislativa/2025/1791/req2025-048.pdf", "ementa": "\"Requer informa\u00e7\u00f5es sobre o n\u00famero de unidades de sa\u00fade do munic\u00edpio que armazenam vacinas dentro de coolers.\""}, {"id": "1794", "ano": "2025", "numero": "49", "tipo__sigla": "REQ", "tipo__descricao": "Requerimento", "autoria": "GABRIEL LOUREN\u00c7O", "texto_original": "http://sapl.engenheiropaulodefrontin.rj.leg.br/media/sapl/public/materialegislativa/2025/1794/req2025-049.pdf", "ementa": "\"Requer que a obra de reforma e revitaliza\u00e7\u00e3o realizada pelo governo do estado do campo de futebol de Morro Azul do Tingu\u00e1, localizado em Engenheiro Paulo de Frontin, RJ, seja executada com grama natural ao inv\u00e9s de grama sint\u00e9tica.\""}, {"id": "2006", "ano": "2025", "numero": "50", "tipo__sigla": "REQ", "tipo__descricao": "Requerimento", "autoria": "GABRIEL LOUREN\u00c7O", "texto_original": "http://sapl.engenheiropaulodefrontin.rj.leg.br/media/sapl/public/materialegislativa/2025/2006/req2025-050.pdf", "ementa": "\"Solicitar explica\u00e7\u00f5es sobre a falta de pagamento e a falta de garantia dos direitos trabalhistas dos funcion\u00e1rios do Instituto Elisa de Castro.\""}, {"id": "2003", "ano": "2025", "numero": "51", "tipo__sigla": "REQ", "tipo__descricao": "Requerimento", "autoria": "KAIO BALTHAZAR", "texto_original": "http://sapl.engenheiropaulodefrontin.rj.leg.br/media/sapl/public/materialegislativa/2025/2003/req2025-051_0.pdf", "ementa": "\"Esclarecimentos sobre a n\u00e3o realiza\u00e7\u00e3o dos repasses do programa Previne Brasil aos profissionais da Aten\u00e7\u00e3o Prim\u00e1ria 5 Sa\u00fade deste munic\u00edpio.\""}, {"id": "2004", "ano": "2025", "numero": "52", "tipo__sigla": "REQ", "tipo__descricao": "Requerimento", "autoria": "VINICIUS NORA", "texto_original": "http://sapl.engenheiropaulodefrontin.rj.leg.br/media/sapl/public/materialegislativa/2025/2004/req2025-052.pdf", "ementa": "\"Requer informa\u00e7\u00f5es sobre a\u00e7\u00f5es realizadas sobre a prolifera\u00e7\u00e3o de moscas em nosso munic\u00edpio.\""}, {"id": "2005", "ano": "2025", "numero": "53", "tipo__sigla": "REQ", "tipo__descricao": "Requerimento", "autoria": "VINICIUS NORA", "texto_original": "http://sapl.engenheiropaulodefrontin.rj.leg.br/media/sapl/public/materialegislativa/2025/2005/req2025-053.pdf", "ementa": "\"Requer informa\u00e7\u00f5es sobre omiss\u00e3o da publica\u00e7\u00e3o no di\u00e1rio oficial do munic\u00edpio sobre o aditamento do contrato do lixo em nosso munic\u00edpio.\""}, {"id": "2008", "ano": "2025", "numero": "55", "tipo__sigla": "REQ", "tipo__descricao": "Requerimento", "autoria": "GABRIEL LOUREN\u00c7O", "texto_original": "http://sapl.engenheiropaulodefrontin.rj.leg.br/media/sapl/public/materialegislativa/2025/2008/req2025-055.pdf", "ementa": "\"Solicitar explica\u00e7\u00f5es da empresa MRS para que sejam tomadas as medidas necess\u00e1rias para a imediata limpeza e desinfe\u00e7\u00e3o da caixa d'\u00e1gua localizada no Bairro Palmeira da Serra"}, {"id": "2009", "ano": "2025", "numero": "56", "tipo__sigla": "REQ", "tipo__descricao": "Requerimento", "autoria": "GABRIEL LOUREN\u00c7O", "texto_original": "http://sapl.engenheiropaulodefrontin.rj.leg.br/media/sapl/public/materialegislativa/2025/2009/req2025-056.pdf", "ementa": "Solicita o retorno do transporte p\u00fablico, atrav\u00e9s da Via\u00e7\u00e3o Pedro Ant\u00f4nio, ao Bairro do Gondin."}, {"id": "2010", "ano": "2025", "numero": "57", "tipo__sigla": "REQ", "tipo__descricao": "Requerimento", "autoria": "VINICIUS NORA", "texto_original": "http://sapl.engenheiropaulodefrontin.rj.leg.br/media/sapl/public/materialegislativa/2025/2010/req2025-057.pdf", "ementa": "Requer informa\u00e7\u00f5es sobre a escala de trabalho do Dr. Jos\u00e9 Carlos Vaz Neto no Munic\u00edpio de Engenheiro Paulo de Frontin e quem era o pediatra de plant\u00e3o no munic\u00edpio no dia 03 de abril de 2025"}, {"id": "2018", "ano": "2025", "numero": "58", "tipo__sigla": "REQ", "tipo__descricao": "Requerimento", "autoria": "KAIO BALTHAZAR", "texto_original": "http://sapl.engenheiropaulodefrontin.rj.leg.br/media/sapl/public/materialegislativa/2025/2018/req2025-058_kaio.pdf", "ementa": "\"Solicita\u00e7\u00e3o de c\u00f3pia do projeto e demais informa\u00e7\u00f5es sobre o Contrato n\u00b0 071/2024.\""}, {"id": "2019", "ano": "2025", "numero": "59", "tipo__sigla": "REQ", "tipo__descricao": "Requerimento", "autoria": "KAIO BALTHAZAR", "texto_original": "http://sapl.engenheiropaulodefrontin.rj.leg.br/media/sapl/public/materialegislativa/2025/2019/req2025-059_kaio.pdf", "ementa": "\"Solicita\u00e7\u00e3o de Informa\u00e7\u00f5es sobre Materiais Relacionados \u00e0 Nota Fiscal n\u00b0 3.547.\""}, {"id": "2020", "ano": "2025", "numero": "60", "tipo__sigla": "REQ", "tipo__descricao": "Requerimento", "autoria": "KAIO BALTHAZAR", "texto_original": "http://sapl.engenheiropaulodefrontin.rj.leg.br/media/sapl/public/materialegislativa/2025/2020/req2025-060_kaio.pdf", "ementa": "\"Solicita\u00e7\u00e3o de Informa\u00e7\u00f5es sobre a Ades\u00e3o Externa n\u00b0004/2024 \u2014 Processo 3116/2024.\""}, {"id": "2021", "ano": "2025", "numero": "61", "tipo__sigla": "REQ", "tipo__descricao": "Requerimento", "autoria": "KAIO BALTHAZAR", "texto_original": "http://sapl.engenheiropaulodefrontin.rj.leg.br/media/sapl/public/materialegislativa/2025/2021/req2025-061_kaio.pdf", "ementa": "\"Solicita\u00e7\u00e3o de Informa\u00e7\u00f5es sobre a Reinaugura\u00e7\u00e3o do Centro Cir\u00fargico do Hospital Nelson Salles.\""}, {"id": "2022", "ano": "2025", "numero": "62", "tipo__sigla": "REQ", "tipo__descricao": "Requerimento", "autoria": "KAIO BALTHAZAR", "texto_original": "http://sapl.engenheiropaulodefrontin.rj.leg.br/media/sapl/public/materialegislativa/2025/2022/req2025-062_kaio.pdf", "ementa": "\"Solicita\u00e7\u00e3o de Informa\u00e7\u00f5es sobre o Contrato n\u00b0 066/2024.\""}, {"id": "2023", "ano": "2025", "numero": "63", "tipo__sigla": "REQ", "tipo__descricao": "Requerimento", "autoria": "KAIO BALTHAZAR", "texto_original": "http://sapl.engenheiropaulodefrontin.rj.leg.br/media/sapl/public/materialegislativa/2025/2023/req2025-063_kaio.pdf", "ementa": "\"Solicita\u00e7\u00e3o de informa\u00e7\u00f5es detalhadas sobre a Ades\u00e3o Externa n\u00b0 005/2024.\""}, {"id": "2024", "ano": "2025", "numero": "64", "tipo__sigla": "REQ", "tipo__descricao": "Requerimento", "autoria": "KAIO BALTHAZAR", "texto_original": "http://sapl.engenheiropaulodefrontin.rj.leg.br/media/sapl/public/materialegislativa/2025/2024/req2025-064_kaio.pdf", "ementa": "\"Solicita\u00e7\u00e3o de informa\u00e7\u00f5es relativas \u00e0 Ades\u00e3o Externa n\u00b0 006/2024 \u2014 Processo n\u00b0 3693/2024.\""}, {"id": "2025", "ano": "2025", "numero": "65", "tipo__sigla": "REQ", "tipo__descricao": "Requerimento", "autoria": "KAIO BALTHAZAR", "texto_original": "http://sapl.engenheiropaulodefrontin.rj.leg.br/media/sapl/public/materialegislativa/2025/2025/req2025-065_kaio.pdf", "ementa": "\"Solicita\u00e7\u00e3o de Informa\u00e7\u00f5es sobre o Segundo Termo Aditivo ao Contrato n\u00b0 034/2022.\""}, {"id": "2026", "ano": "2025", "numero": "66", "tipo__sigla": "REQ", "tipo__descricao": "Requerimento", "autoria": "KAIO BALTHAZAR", "texto_original": "http://sapl.engenheiropaulodefrontin.rj.leg.br/media/sapl/public/materialegislativa/2025/2026/req2025-066_kaio.pdf", "ementa": "\"Solicita\u00e7\u00e3o de Informa\u00e7\u00f5es relacionadas ao Programa Previne Brasil.\""}, {"id": "2027", "ano": "2025", "numero": "67", "tipo__sigla": "REQ", "tipo__descricao": "Requerimento", "autoria": "KAIO BALTHAZAR", "texto_original": "http://sapl.engenheiropaulodefrontin.rj.leg.br/media/sapl/public/materialegislativa/2025/2027/req2025-067_kaio.pdf", "ementa": "\"Requer Informa\u00e7\u00f5es sobre a Contrata\u00e7\u00e3o da Empresa Instituto Elisa de Castro (CNPJ: 05.624.609/0001-55) pelo munic\u00edpio de Engenheiro Paulo de Frontin.\""}, {"id": "2028", "ano": "2025", "numero": "68", "tipo__sigla": "REQ", "tipo__descricao": "Requerimento", "autoria": "KAIO BALTHAZAR", "texto_original": "http://sapl.engenheiropaulodefrontin.rj.leg.br/media/sapl/public/materialegislativa/2025/2028/req2025-068.pdf", "ementa": "\"Solicita\u00e7\u00e3o, EM REGIME DE URG\u00caNCIA, de Equipamentos Odontol\u00f3gicos pelo Programa Brasil Sorridente.\""}, {"id": "2111", "ano": "2025", "numero": "69", "tipo__sigla": "REQ", "tipo__descricao": "Requerimento", "autoria": "KAIO BALTHAZAR", "texto_original": "http://sapl.engenheiropaulodefrontin.rj.leg.br/media/sapl/public/materialegislativa/2025/2111/req2025-69.pdf", "ementa": "\"Solicita\u00e7\u00e3o de Informa\u00e7\u00e3o.\""}, {"id": "2112", "ano": "2025", "numero": "70", "tipo__sigla": "REQ", "tipo__descricao": "Requerimento", "autoria": "KAIO BALTHAZAR", "texto_original": "http://sapl.engenheiropaulodefrontin.rj.leg.br/media/sapl/public/materialegislativa/2025/2112/req2025-70.pdf", "ementa": "\"Solicita\u00e7\u00e3o de Informa\u00e7\u00e3o referentes ao Empenho n\u00b0 44/2024, emitido em favor da empresa Colti Distribuidora, Com\u00e9rcio e Servi\u00e7o Ltda.\""}, {"id": "2057", "ano": "2025", "numero": "71", "tipo__sigla": "REQ", "tipo__descricao": "Requerimento", "autoria": "GABRIEL LOUREN\u00c7O", "texto_original": "http://sapl.engenheiropaulodefrontin.rj.leg.br/media/sapl/public/materialegislativa/2025/2057/req_no_071-25_gabriel.pdf", "ementa": "\"Solicita informa\u00e7\u00f5es sobre a paralisa\u00e7\u00e3o e conclus\u00e3o das obras das quadras poliesportivas nos bairros Santo Ant\u00f4nio, Jardim Novo Rodeio e Sacra Fam\u00edlia do Tingu\u00e1.\""}, {"id": "2058", "ano": "2025", "numero": "72", "tipo__sigla": "REQ", "tipo__descricao": "Requerimento", "autoria": "GABRIEL LOUREN\u00c7O", "texto_original": "http://sapl.engenheiropaulodefrontin.rj.leg.br/media/sapl/public/materialegislativa/2025/2058/req_no_072-25.pdf", "ementa": "\"Solicita informa\u00e7\u00f5es sobre o quantitativo de estudantes p\u00fablico-alvo da Educa\u00e7\u00e3o Especial na Rede Municipal de Ensino.\""}, {"id": "2059", "ano": "2025", "numero": "73", "tipo__sigla": "REQ", "tipo__descricao": "Requerimento", "autoria": "GABRIEL LOUREN\u00c7O", "texto_original": "http://sapl.engenheiropaulodefrontin.rj.leg.br/media/sapl/public/materialegislativa/2025/2059/req_no_073-25.pdf", "ementa": "\"Solicita informa\u00e7\u00f5es sobre o n\u00famero de pessoas diagnosticadas com transtornos mentais no munic\u00edpio nos \u00faltimos dois anos.\""}, {"id": "2060", "ano": "2025", "numero": "74", "tipo__sigla": "REQ", "tipo__descricao": "Requerimento", "autoria": "GABRIEL LOUREN\u00c7O", "texto_original": "http://sapl.engenheiropaulodefrontin.rj.leg.br/media/sapl/public/materialegislativa/2025/2060/req_no_074-25.pdf", "ementa": "\"Solicita informa\u00e7\u00f5es sobre a frequ\u00eancia dos servidores lotados na Creche Municipal Ant\u00f4nio Mauricio.\""}, {"id": "2061", "ano": "2025", "numero": "75", "tipo__sigla": "REQ", "tipo__descricao": "Requerimento", "autoria": "GABRIEL LOUREN\u00c7O", "texto_original": "http://sapl.engenheiropaulodefrontin.rj.leg.br/media/sapl/public/materialegislativa/2025/2061/req2025-075.pdf", "ementa": "\"Solicita informa\u00e7\u00f5es sobre a paralisa\u00e7\u00e3o das aulas de teatro e m\u00fasica promovidas pela Secretaria Municipal de Cultura.\""}, {"id": "2062", "ano": "2025", "numero": "76", "tipo__sigla": "REQ", "tipo__descricao": "Requerimento", "autoria": "GABRIEL LOUREN\u00c7O", "texto_original": "http://sapl.engenheiropaulodefrontin.rj.leg.br/media/sapl/public/materialegislativa/2025/2062/req2025-076.pdf", "ementa": "\"Solicita informa\u00e7\u00f5es sobre os gastos e fontes de financiamento relacionados \u00e0 participa\u00e7\u00e3o da equipe de futsal do munic\u00edpio na Copa TV Rio Sul de Futsal 2025.\""}, {"id": "2063", "ano": "2025", "numero": "77", "tipo__sigla": "REQ", "tipo__descricao": "Requerimento", "autoria": "GABRIEL LOUREN\u00c7O", "texto_original": "http://sapl.engenheiropaulodefrontin.rj.leg.br/media/sapl/public/materialegislativa/2025/2063/req2025-077.pdf", "ementa": "\"Solicita informa\u00e7\u00f5es \u00e0 Secretaria Municipal de Meio Ambiente sobre as a\u00e7\u00f5es adotadas no combate \u00e0 infesta\u00e7\u00e3o de moscas e na fiscaliza\u00e7\u00e3o da granja localizada no bairro da Aguada.\""}, {"id": "2064", "ano": "2025", "numero": "78", "tipo__sigla": "REQ", "tipo__descricao": "Requerimento", "autoria": "GABRIEL LOUREN\u00c7O", "texto_original": "http://sapl.engenheiropaulodefrontin.rj.leg.br/media/sapl/public/materialegislativa/2025/2064/req2025-078.pdf", "ementa": "\"Solicita \u00e0 Secretaria Municipal de Educa\u00e7\u00e3o a apresenta\u00e7\u00e3o de documenta\u00e7\u00e3o que comprove a regularidade da atua\u00e7\u00e3o do Sr. Amauri Manoel Avena de \u00c1vila como instrutor de capoeira nas institui\u00e7\u00f5es de ensino do munic\u00edpio.\""}, {"id": "2097", "ano": "2025", "numero": "79", "tipo__sigla": "REQ", "tipo__descricao": "Requerimento", "autoria": "GABRIEL LOUREN\u00c7O", "texto_original": "http://sapl.engenheiropaulodefrontin.rj.leg.br/media/sapl/public/materialegislativa/2025/2097/req79-25.pdf", "ementa": "\"Solicita informa\u00e7\u00f5es se j\u00e1 foram realizadas as a\u00e7\u00f5es de remo\u00e7\u00e3o das casas de marimbondo identificadas na Escola Municipal Cecilio Barbosa da Paix\u00e3o e no CEMAPEE \u2014 Centro Municipal de Atendimento Pedag\u00f3gico Especializado de Engenheiro Paulo de Frontin.\""}, {"id": "2098", "ano": "2025", "numero": "80", "tipo__sigla": "REQ", "tipo__descricao": "Requerimento", "autoria": "GABRIEL LOUREN\u00c7O", "texto_original": "http://sapl.engenheiropaulodefrontin.rj.leg.br/media/sapl/public/materialegislativa/2025/2098/req80-25.pdf", "ementa": "\"Solicita informa\u00e7\u00f5es quais crit\u00e9rios est\u00e3o sendo adotados para a libera\u00e7\u00e3o de licen\u00e7as de funcionamento de trailers e estabelecimentos ambulantes no estacionamento Ferrini, localizado no Centro da cidade, e nos arredores do Gin\u00e1sio Poliesportivo Iracy lgaiara, no bairro da Aguada.\""}, {"id": "2099", "ano": "2025", "numero": "81", "tipo__sigla": "REQ", "tipo__descricao": "Requerimento", "autoria": "GABRIEL LOUREN\u00c7O", "texto_original": "http://sapl.engenheiropaulodefrontin.rj.leg.br/media/sapl/public/materialegislativa/2025/2099/req81-25.pdf", "ementa": "\"Solicita informa\u00e7\u00f5es sobre a responsabiliza\u00e7\u00e3o por depreda\u00e7\u00e3o de patrim\u00f4nio p\u00fablico.\""}, {"id": "2100", "ano": "2025", "numero": "82", "tipo__sigla": "REQ", "tipo__descricao": "Requerimento", "autoria": "GABRIEL LOUREN\u00c7O", "texto_original": "http://sapl.engenheiropaulodefrontin.rj.leg.br/media/sapl/public/materialegislativa/2025/2100/req82-25.pdf", "ementa": "\"Solicita informa\u00e7\u00f5es \u00e0 empresa Via\u00e7\u00e3o Barra do Pirai.\""}, {"id": "2101", "ano": "2025", "numero": "84", "tipo__sigla": "REQ", "tipo__descricao": "Requerimento", "autoria": "GABRIEL LOUREN\u00c7O", "texto_original": "http://sapl.engenheiropaulodefrontin.rj.leg.br/media/sapl/public/materialegislativa/2025/2101/req84-25.pdf", "ementa": "\"Solicita informa\u00e7\u00f5es sobre as obras que est\u00e3o sendo realizadas no local conhecido como Alto do Cristo.\""}, {"id": "2102", "ano": "2025", "numero": "85", "tipo__sigla": "REQ", "tipo__descricao": "Requerimento", "autoria": "GABRIEL LOUREN\u00c7O", "texto_original": "http://sapl.engenheiropaulodefrontin.rj.leg.br/media/sapl/public/materialegislativa/2025/2102/req85-25.pdf", "ementa": "Solicita esclarecimentos referentes \u00e0 organiza\u00e7\u00e3o da festa do Dia do Trabalhador.\""}, {"id": "2117", "ano": "2025", "numero": "86", "tipo__sigla": "REQ", "tipo__descricao": "Requerimento", "autoria": "SANDRO FERREIRA (Deca)", "texto_original": "http://sapl.engenheiropaulodefrontin.rj.leg.br/media/sapl/public/materialegislativa/2025/2117/req_086_sandro.pdf", "ementa": "\"Solicita informa\u00e7\u00f5es sobre o Plano Diretor Municipal.\""}, {"id": "2118", "ano": "2025", "numero": "87", "tipo__sigla": "REQ", "tipo__descricao": "Requerimento", "autoria": "GABRIEL LOUREN\u00c7O, VINICIUS NORA", "texto_original": "http://sapl.engenheiropaulodefrontin.rj.leg.br/media/sapl/public/materialegislativa/2025/2118/req_087_gabriel_e_viniicus.pdf", "ementa": "\"Solicita informa\u00e7\u00f5es sobre o estado do Canil Municipal e os cuidados com os animais.\""}, {"id": "2119", "ano": "2025", "numero": "88", "tipo__sigla": "REQ", "tipo__descricao": "Requerimento", "autoria": "GABRIEL LOUREN\u00c7O, VINICIUS NORA", "texto_original": "http://sapl.engenheiropaulodefrontin.rj.leg.br/media/sapl/public/materialegislativa/2025/2119/req_088_vinicius.pdf", "ementa": "\"Solicita informa\u00e7\u00f5es sobre o n\u00famero de equipamentos que a limpeza urbana tem dispon\u00edvel para trabalhar.\""}, {"id": "2133", "ano": "2025", "numero": "89", "tipo__sigla": "REQ", "tipo__descricao": "Requerimento", "autoria": "JORGE VILELA", "texto_original": "http://sapl.engenheiropaulodefrontin.rj.leg.br/media/sapl/public/materialegislativa/2025/2133/req2025-89.pdf", "ementa": "Mo\u00e7\u00e3o de Pesar ao Ilmo. Sr. Luiz Octavio Gram\u00e1tico"}, {"id": "2134", "ano": "2025", "numero": "90", "tipo__sigla": "REQ", "tipo__descricao": "Requerimento", "autoria": "JORGE VILELA", "texto_original": "http://sapl.engenheiropaulodefrontin.rj.leg.br/media/sapl/public/materialegislativa/2025/2134/req2025-90.pdf", "ementa": "Solicita informa\u00e7\u00f5es sobre os respons\u00e1veis e o efetivo da limpeza urbana do Munic\u00edpio de Engenheiro Paulo de Frontin."}, {"id": "2135", "ano": "2025", "numero": "91", "tipo__sigla": "REQ", "tipo__descricao": "Requerimento", "autoria": "JORGE VILELA", "texto_original": "http://sapl.engenheiropaulodefrontin.rj.leg.br/media/sapl/public/materialegislativa/2025/2135/req2025-91.pdf", "ementa": "Solicita informa\u00e7\u00f5es sobre a inoper\u00e2ncia do servo do Castra m\u00f3vel no Munic\u00edpio de Engenheiro Paulo de Frontin."}, {"id": "2136", "ano": "2025", "numero": "92", "tipo__sigla": "REQ", "tipo__descricao": "Requerimento", "autoria": "JORGE VILELA", "texto_original": "http://sapl.engenheiropaulodefrontin.rj.leg.br/media/sapl/public/materialegislativa/2025/2136/req2025-92.pdf", "ementa": "Solicita informa\u00e7\u00f5es sobre o C\u00f3digo de Postura do Munic\u00edpio de Engenheiro Paulo de Frontin."}, {"id": "2151", "ano": "2025", "numero": "93", "tipo__sigla": "REQ", "tipo__descricao": "Requerimento", "autoria": "VINICIUS NORA", "texto_original": "http://sapl.engenheiropaulodefrontin.rj.leg.br/media/sapl/public/materialegislativa/2025/2151/req2025-093.pdf", "ementa": "\"Requer informa\u00e7\u00f5es sobre a indica\u00e7\u00e3o n\u00famero 144/2025 feita em 31 de mar\u00e7o de 2025 \u2014 ponte do Camargo.\""}, {"id": "2227", "ano": "2025", "numero": "94", "tipo__sigla": "REQ", "tipo__descricao": "Requerimento", "autoria": "GABRIEL LOUREN\u00c7O", "texto_original": "http://sapl.engenheiropaulodefrontin.rj.leg.br/media/sapl/public/materialegislativa/2025/2227/req2025-094.pdf", "ementa": "Solicito informa\u00e7\u00f5es sobre o descarte de equipamentos p\u00fablicos localizados no dep\u00f3sito do Ferrini"}, {"id": "2153", "ano": "2025", "numero": "95", "tipo__sigla": "REQ", "tipo__descricao": "Requerimento", "autoria": "JEFERSON ADRIANO GOMES MOREIRA", "texto_original": "http://sapl.engenheiropaulodefrontin.rj.leg.br/media/", "ementa": "Requerimento de pedido de informa\u00e7\u00e3o.\r\n\r\n1Rela\u00e7\u00e3o com valor do contrato e todos os seus aditivos firmados entre a Prefeitura Municipal de Engenheiro\r\nPaulo de Frontin e a empresa pessoa jur\u00eddica EVOLUX MULTI SERVICOS LTDA, desde o seu inicio at\u00e9 a presente\r\ndata.\r\n2. Rela\u00e7\u00e3o completa de todos os funcion\u00e1rios e/ou prestadores de servi\u00e7o vinculados \u00e0 empresa EVOLUX\r\nMULTI SERVICOS LTDA que, por for\u00e7a do contrato, prestam ou prestaram servi\u00e7os \u00e0 Prefeitura Municipal."}, {"id": "2154", "ano": "2025", "numero": "96", "tipo__sigla": "REQ", "tipo__descricao": "Requerimento", "autoria": "JEFERSON ADRIANO GOMES MOREIRA", "texto_original": "http://sapl.engenheiropaulodefrontin.rj.leg.br/media/sapl/public/materialegislativa/2025/2154/requerimento_096.pdf", "ementa": "Requerimento de pedido de informa\u00e7\u00e3o\r\n\r\n1. A rela\u00e7\u00e3o completa de todos os funcion\u00e1rios comissionados da Prefeitura Municipal de Engenheiro\r\nPaulo de Frontin.\r\n2. A indica\u00e7\u00e3o detalhada do departamento ou setor de lota\u00e7\u00e3o de cada um dos funcion\u00e1rios\r\ncomissionados, informando a unidade administrativa especifica onde exercem suas fun\u00e7\u00f5es"}, {"id": "2155", "ano": "2025", "numero": "97", "tipo__sigla": "REQ", "tipo__descricao": "Requerimento", "autoria": "JEFERSON ADRIANO GOMES MOREIRA", "texto_original": "http://sapl.engenheiropaulodefrontin.rj.leg.br/media/sapl/public/materialegislativa/2025/2155/requerimento_097.pdf", "ementa": "1. Informa\u00e7\u00f5es sobre a carga hor\u00e1ria da Sra. Secret\u00e1ria de Cultura Heloisa Helena Candido Gomes, nomeada\r\natrav\u00e9s da Portaria n\u00b0 3988/2025 na Prefeitura Municipal de Engenheiro Paulo de Frontin,"}, {"id": "2163", "ano": "2025", "numero": "98", "tipo__sigla": "REQ", "tipo__descricao": "Requerimento", "autoria": "GABRIEL LOUREN\u00c7O", "texto_original": "http://sapl.engenheiropaulodefrontin.rj.leg.br/media/sapl/public/materialegislativa/2025/2163/req2025-098.pdf", "ementa": "\"Solicita\u00e7\u00e3o de informa\u00e7\u00f5es sobre as condi\u00e7\u00f5es do transporte escolar que leva os alunos ao bairro Palmeira da Serra.\""}, {"id": "2164", "ano": "2025", "numero": "99", "tipo__sigla": "REQ", "tipo__descricao": "Requerimento", "autoria": "GABRIEL LOUREN\u00c7O", "texto_original": "http://sapl.engenheiropaulodefrontin.rj.leg.br/media/sapl/public/materialegislativa/2025/2164/req2025-099.pdf", "ementa": "\"Solicita\u00e7\u00e3o de informa\u00e7\u00f5es sobre falta de materiais na oficina de corte e costura do CRAS.\""}, {"id": "2165", "ano": "2025", "numero": "100", "tipo__sigla": "REQ", "tipo__descricao": "Requerimento", "autoria": "KAIO BALTHAZAR", "texto_original": "http://sapl.engenheiropaulodefrontin.rj.leg.br/media/sapl/public/materialegislativa/2025/2165/req_100_-_kaio.pdf", "ementa": "\"Convoca\u00e7\u00e3o do Secret\u00e1rio Municipal de Sa\u00fade,\r\nSr. Leonardo Pereira dos Santos, para que compare\u00e7a\r\nSess\u00e3o Ordin\u00e1ria da C\u00e2mara Municipal de Engenheiro Paulo\r\nde Frontin, a realizar-se no dia 23 de junho de 2025 (segunda-feira).\""}, {"id": "2182", "ano": "2025", "numero": "101", "tipo__sigla": "REQ", "tipo__descricao": "Requerimento", "autoria": "GABRIEL LOUREN\u00c7O", "texto_original": "http://sapl.engenheiropaulodefrontin.rj.leg.br/media/sapl/public/materialegislativa/2025/2182/req_101_gabriel.pdf", "ementa": "\"Requer c\u00f3pia do balan\u00e7o financeiro da Prefeitura Municipal\r\nreferente aos \u00faltimos 5 (cinco) meses.\""}, {"id": "2183", "ano": "2025", "numero": "102", "tipo__sigla": "REQ", "tipo__descricao": "Requerimento", "autoria": "KAIO BALTHAZAR", "texto_original": "http://sapl.engenheiropaulodefrontin.rj.leg.br/media/sapl/public/materialegislativa/2025/2183/req2025-102.pdf", "ementa": "\"Convoca\u00e7\u00e3o do Secret\u00e1rio Municipal de Sa\u00fade,\r\nSr. Leonardo Pereira dos Santos, para que compare\u00e7a\r\nSess\u00e3o Ordin\u00e1ria da C\u00e2mara Municipal de Engenheiro Paulo\r\nde Frontin, a realizar-se no dia 30 de junho de 2025 (segunda-feira).\""}, {"id": "2188", "ano": "2025", "numero": "103", "tipo__sigla": "REQ", "tipo__descricao": "Requerimento", "autoria": "GABRIEL LOUREN\u00c7O", "texto_original": "http://sapl.engenheiropaulodefrontin.rj.leg.br/media/sapl/public/materialegislativa/2025/2188/req2025-103.pdf", "ementa": "Requer informa\u00e7\u00f5es sobre os contratos com a empresa Utilicar Rent a Car Ltda - Investigada por fraude em licita\u00e7\u00f5es"}, {"id": "2191", "ano": "2025", "numero": "104", "tipo__sigla": "REQ", "tipo__descricao": "Requerimento", "autoria": "GABRIEL LOUREN\u00c7O", "texto_original": "http://sapl.engenheiropaulodefrontin.rj.leg.br/media/sapl/public/materialegislativa/2025/2191/req2025-104.pdf", "ementa": "Requer informa\u00e7\u00f5es ao Poder Executivo quanto ao pagamento do 13\u00b0 sal\u00e1rio dos servidores municipais no exerc\u00edcio de 2025, com base na Lei Municipal n\u00b0 1.343/2019, que disp\u00f5e sobre o direito e a forma de pagamento do referido beneficio."}, {"id": "2197", "ano": "2025", "numero": "105", "tipo__sigla": "REQ", "tipo__descricao": "Requerimento", "autoria": "GABRIEL LOUREN\u00c7O", "texto_original": "http://sapl.engenheiropaulodefrontin.rj.leg.br/media/sapl/public/materialegislativa/2025/2197/req_105.pdf", "ementa": "\"Solicita informa\u00e7\u00f5es sobre o atraso\r\nno pagamento dos profissionais da\r\nAreada Sa\u00fade no Hospital Municipal.\""}, {"id": "2198", "ano": "2025", "numero": "106", "tipo__sigla": "REQ", "tipo__descricao": "Requerimento", "autoria": "GABRIEL LOUREN\u00c7O", "texto_original": "http://sapl.engenheiropaulodefrontin.rj.leg.br/media/sapl/public/materialegislativa/2025/2198/req_106.pdf", "ementa": "\"Solicita informa\u00e7\u00f5es sobre a falta de cestas b\u00e1sicas nas unidades do CRA\r\nde Engenheiro Paulo de Frontin-RJ"}, {"id": "2199", "ano": "2025", "numero": "107", "tipo__sigla": "REQ", "tipo__descricao": "Requerimento", "autoria": "GABRIEL LOUREN\u00c7O", "texto_original": "http://sapl.engenheiropaulodefrontin.rj.leg.br/media/sapl/public/materialegislativa/2025/2199/req_107.pdf", "ementa": "\"Solicita informa\u00e7\u00f5es sobre a previs\u00e3o\r\nde pagamento do Vale Alimenta\u00e7\u00e3o e\r\ndo Vale Feira aos servidores p\u00fablicos\r\nmunicipais.\""}, {"id": "2200", "ano": "2025", "numero": "108", "tipo__sigla": "REQ", "tipo__descricao": "Requerimento", "autoria": "GABRIEL LOUREN\u00c7O", "texto_original": "http://sapl.engenheiropaulodefrontin.rj.leg.br/media/sapl/public/materialegislativa/2025/2200/req2025-108.pdf", "ementa": "Solicita informa\u00e7\u00f5es ao Poder Executivo sobre a manuten\u00e7\u00e3o preventiva e corretiva dos \u00f4nibus escolares da rede municipal de ensino"}, {"id": "2201", "ano": "2025", "numero": "109", "tipo__sigla": "REQ", "tipo__descricao": "Requerimento", "autoria": "GABRIEL LOUREN\u00c7O", "texto_original": "http://sapl.engenheiropaulodefrontin.rj.leg.br/media/sapl/public/materialegislativa/2025/2201/req2025-109.pdf", "ementa": "Solicita informa\u00e7\u00f5es sobre o cronograma de entrega das quadras de grama sint\u00e9tica em reforma nos bairros Borracha, Sacra Fam\u00edlia e Graminha"}, {"id": "2204", "ano": "2025", "numero": "110", "tipo__sigla": "REQ", "tipo__descricao": "Requerimento", "autoria": "VINICIUS NORA", "texto_original": "http://sapl.engenheiropaulodefrontin.rj.leg.br/media/sapl/public/materialegislativa/2025/2204/req2025-110.pdf", "ementa": "Requer informa\u00e7\u00f5es acerca destina\u00e7\u00e3o final incorreta dos res\u00edduos s\u00f3lidos urbanos domiciliares e comercias (lixo), res\u00edduos provenientes de limpeza urbana e res\u00edduos da constru\u00e7\u00e3o civil"}, {"id": "2210", "ano": "2025", "numero": "111", "tipo__sigla": "REQ", "tipo__descricao": "Requerimento", "autoria": "VINICIUS NORA", "texto_original": "http://sapl.engenheiropaulodefrontin.rj.leg.br/media/sapl/public/materialegislativa/2025/2210/req_2025-111_vinicius.pdf", "ementa": "Requer c\u00f3pia de of\u00edcios enviados a Caixa Econ\u00f4mica Federal."}, {"id": "2211", "ano": "2025", "numero": "112", "tipo__sigla": "REQ", "tipo__descricao": "Requerimento", "autoria": "VINICIUS NORA", "texto_original": "http://sapl.engenheiropaulodefrontin.rj.leg.br/media/sapl/public/materialegislativa/2025/2211/req2025-112_vinicius.pdf", "ementa": "Requer informa\u00e7\u00f5es sobre a conclus\u00e3o da obra da Ponte do Camargo"}, {"id": "2212", "ano": "2025", "numero": "113", "tipo__sigla": "REQ", "tipo__descricao": "Requerimento", "autoria": "VINICIUS NORA", "texto_original": "http://sapl.engenheiropaulodefrontin.rj.leg.br/media/sapl/public/materialegislativa/2025/2212/req2025-113_vinicius.pdf", "ementa": "Solicita informa\u00e7\u00f5es, \u00e0 Delegacia de Policia \u2014 Engenheiro Paulo de Frontin, acerca dos registros de ocorr\u00eancia registrados que apuram os fatos narrados no Oficio 08/2025"}, {"id": "2213", "ano": "2025", "numero": "114", "tipo__sigla": "REQ", "tipo__descricao": "Requerimento", "autoria": "VINICIUS NORA", "texto_original": "http://sapl.engenheiropaulodefrontin.rj.leg.br/media/sapl/public/materialegislativa/2025/2213/req2025-_114_vinicius.pdf", "ementa": "Solicita informa\u00e7\u00f5es, ao Cons\u00f3rcio Centro Sul I, acerca dos registros de pesagem dos anos de 2021, 2022, 2023, 2024 e 2025"}, {"id": "2214", "ano": "2025", "numero": "115", "tipo__sigla": "REQ", "tipo__descricao": "Requerimento", "autoria": "GABRIEL LOUREN\u00c7O", "texto_original": "http://sapl.engenheiropaulodefrontin.rj.leg.br/media/sapl/public/materialegislativa/2025/2214/req2025-115_-_gabriel.pdf", "ementa": "Solicita informa\u00e7\u00f5es ao Poder Executivo, por interm\u00e9dio das Secretarias Municipais de Cultura e Turismo, sobre a realiza\u00e7\u00e3o da tradicional Festa do Matadouro"}, {"id": "2219", "ano": "2025", "numero": "116", "tipo__sigla": "REQ", "tipo__descricao": "Requerimento", "autoria": "KAIO BALTHAZAR", "texto_original": "http://sapl.engenheiropaulodefrontin.rj.leg.br/media/sapl/public/materialegislativa/2025/2219/req_116-2025_kaio.pdf", "ementa": "Requer informa\u00e7\u00f5es detalhadas sobre\r\na execu\u00e7\u00e3o da Ata de Registro de\r\nPregos n\u00b0 029/2023 \u2014 PP-SRP 024/2023,\r\nfirmada entre o Munic\u00edpio de\r\nEngenheiro Paulo de Frontin e a\r\nempresa Z\u00c9 COM\u00c9RCIO DE PE\u00c7AS,\r\nACESS\u00d3RIOS E SERVI\u00c7OS LTDA."}, {"id": "2220", "ano": "2025", "numero": "117", "tipo__sigla": "REQ", "tipo__descricao": "Requerimento", "autoria": "KAIO BALTHAZAR", "texto_original": "http://sapl.engenheiropaulodefrontin.rj.leg.br/media/sapl/public/materialegislativa/2025/2220/req_117-2025_kaio.pdf", "ementa": "Solicita \u00e0 Secretaria Municipal de\r\nFazenda informa\u00e7\u00f5es complementares e\r\nmedidas corretivas diante do descumprimento\r\ndos limites fiscais e da situa\u00e7\u00e3o de risco\r\nfinanceiro do Munic\u00edpio.\""}, {"id": "2240", "ano": "2025", "numero": "118", "tipo__sigla": "REQ", "tipo__descricao": "Requerimento", "autoria": "KAIO BALTHAZAR", "texto_original": "http://sapl.engenheiropaulodefrontin.rj.leg.br/media/sapl/public/materialegislativa/2025/2240/req2025-118.pdf", "ementa": "DEN\u00daNCIA POR INFRA\u00c7\u00c3O POL\u00cdTICO-ADMINISTRATIVA"}, {"id": "2241", "ano": "2025", "numero": "119", "tipo__sigla": "REQ", "tipo__descricao": "Requerimento", "autoria": "GABRIEL LOUREN\u00c7O", "texto_original": "http://sapl.engenheiropaulodefrontin.rj.leg.br/media/sapl/public/materialegislativa/2025/2241/req2025-119.pdf", "ementa": "Requer informa\u00e7\u00f5es \u00e0 empresa Conecta Gest\u00e3o em Sa\u00fade acerca do Processo n\u00ba 0800258-32.2025.8.19.0022, especificamente sobre a situa\u00e7\u00e3o processual e os pagamentos realizados ou pendentes aos m\u00e9dicos que prestam servi\u00e7os no Munic\u00edpio de Engenheiro Paulo de Frontin"}, {"id": "2263", "ano": "2025", "numero": "120", "tipo__sigla": "REQ", "tipo__descricao": "Requerimento", "autoria": "KAIO BALTHAZAR", "texto_original": "http://sapl.engenheiropaulodefrontin.rj.leg.br/media/sapl/public/materialegislativa/2025/2263/req2025-120.pdf", "ementa": "Requer informa\u00e7\u00f5es ao Prefeito Municipal sobre o pagamento realizado \u00e0 m\u00e9dica Dra. Hellen Loubet Barbosa (CRM 520111294/5RJ), sua motiva\u00e7\u00e3o, fonte de recursos e crit\u00e9rios de seletividade adotados pelo Executivo nos d\u00e9bitos com profissionais da sa\u00fade"}, {"id": "2264", "ano": "2025", "numero": "121", "tipo__sigla": "REQ", "tipo__descricao": "Requerimento", "autoria": "KAIO BALTHAZAR", "texto_original": "http://sapl.engenheiropaulodefrontin.rj.leg.br/media/sapl/public/materialegislativa/2025/2264/req2025-121.pdf", "ementa": "Requer informa\u00e7\u00f5es a respeito da paralisa\u00e7\u00e3o do servi\u00e7o de hidroterapia (fisioterapia em piscina) no bairro da Aguada"}, {"id": "2268", "ano": "2025", "numero": "122", "tipo__sigla": "REQ", "tipo__descricao": "Requerimento", "autoria": "KAIO BALTHAZAR", "texto_original": "http://sapl.engenheiropaulodefrontin.rj.leg.br/media/sapl/public/materialegislativa/2025/2268/req_122-2025_kaio.pdf", "ementa": "\"Requer informa\u00e7\u00f5es relativas ao\r\nPrograma Previne Brasil.\""}, {"id": "2269", "ano": "2025", "numero": "123", "tipo__sigla": "REQ", "tipo__descricao": "Requerimento", "autoria": "KAIO BALTHAZAR", "texto_original": "http://sapl.engenheiropaulodefrontin.rj.leg.br/media/sapl/public/materialegislativa/2025/2269/req_123-2025_kaio.pdf", "ementa": "\"Requer informa\u00e7\u00f5es relativas\r\nPrefeitura Municipal e a empresa\r\nConecta."}, {"id": "2276", "ano": "2025", "numero": "124", "tipo__sigla": "REQ", "tipo__descricao": "Requerimento", "autoria": "KAIO BALTHAZAR", "texto_original": "http://sapl.engenheiropaulodefrontin.rj.leg.br/media/sapl/public/materialegislativa/2025/2276/req2025-124.pdf", "ementa": "\"Requer informa\u00e7\u00f5es relativas Prefeitura Municipal sobre contratos de empr\u00e9stimos consignados.\""}, {"id": "2277", "ano": "2025", "numero": "125", "tipo__sigla": "REQ", "tipo__descricao": "Requerimento", "autoria": "KAIO BALTHAZAR", "texto_original": "http://sapl.engenheiropaulodefrontin.rj.leg.br/media/sapl/public/materialegislativa/2025/2277/req2025-125.pdf", "ementa": "\"Solicita informa\u00e7\u00f5es referentes Prefeitura Municipal e a institui\u00e7\u00f5es financeiras sobre a concess\u00e3o de empr\u00e9stimos consignados a servidores p\u00fablicos municipais.\""}, {"id": "2288", "ano": "2025", "numero": "126", "tipo__sigla": "REQ", "tipo__descricao": "Requerimento", "autoria": "KAIO BALTHAZAR", "texto_original": "http://sapl.engenheiropaulodefrontin.rj.leg.br/media/sapl/public/materialegislativa/2025/2288/requerimento_126_kaio.pdf", "ementa": "\"Solicita informa\u00e7\u00f5es referentes \u00e0 frota\r\nde ve\u00edculos da Prefeitura Municipal, em\r\nespecial das Secretarias de Educa\u00e7\u00e3o e\r\nde Sa\u00fade.\""}, {"id": "2289", "ano": "2025", "numero": "127", "tipo__sigla": "REQ", "tipo__descricao": "Requerimento", "autoria": "KAIO BALTHAZAR", "texto_original": "http://sapl.engenheiropaulodefrontin.rj.leg.br/media/sapl/public/materialegislativa/2025/2289/requerimento_127_kaio.pdf", "ementa": "\"Solicita informa\u00e7\u00f5es a respeito da\r\nContribui\u00e7\u00e3o de Ilumina\u00e7\u00e3o P\u00fablica\r\n(CIP) e da rede de ilumina\u00e7\u00e3o do\r\nmunic\u00edpio de Engenheiro Paulo de\r\nFrontin.\""}, {"id": "2310", "ano": "2025", "numero": "128", "tipo__sigla": "REQ", "tipo__descricao": "Requerimento", "autoria": "GABRIEL LOUREN\u00c7O", "texto_original": "http://sapl.engenheiropaulodefrontin.rj.leg.br/media/sapl/public/materialegislativa/2025/2310/req2025-128_gabriel.pdf", "ementa": "Solicita informa\u00e7\u00f5es ao Poder Executivo sobre o t\u00e9rmino do contrato/processo seletivo dos prestadores de Servi\u00e7o da Secretaria Municipal de Educa\u00e7\u00e3o"}, {"id": "2311", "ano": "2025", "numero": "129", "tipo__sigla": "REQ", "tipo__descricao": "Requerimento", "autoria": "JORGE VILELA", "texto_original": "http://sapl.engenheiropaulodefrontin.rj.leg.br/media/sapl/public/materialegislativa/2025/2311/req2025-129_vilela.pdf", "ementa": "Requer c\u00f3pia do Contrato capa a capa da empresa Utilicar \u2014 contrata\u00e7\u00e3o e aluguel de \u00f4nibus no munic\u00edpio de Engenheiro Paulo de Frontin"}, {"id": "2316", "ano": "2025", "numero": "130", "tipo__sigla": "REQ", "tipo__descricao": "Requerimento", "autoria": "JORGE VILELA", "texto_original": "http://sapl.engenheiropaulodefrontin.rj.leg.br/media/sapl/public/materialegislativa/2025/2316/req2025-130.pdf", "ementa": "Solicitando informa\u00e7\u00f5es sobre o cumprimento da Lei Municipal n\u00b0. 1.557/2021."}, {"id": "2317", "ano": "2025", "numero": "131", "tipo__sigla": "REQ", "tipo__descricao": "Requerimento", "autoria": "GABRIEL LOUREN\u00c7O", "texto_original": "http://sapl.engenheiropaulodefrontin.rj.leg.br/media/sapl/public/materialegislativa/2025/2317/req2025-131.pdf", "ementa": "Solicita\u00e7\u00e3o de informa\u00e7\u00f5es sobre profissionais m\u00e9dicos vinculados Secretaria Municipal de Sa\u00fade e pagamentos efetuados via RPA, dos m\u00e9dicos Dr. Jos\u00e9 Carlos Vaz de Miranda Neto, Dr. Rodrigo Mota Silveira e Dr. Rodrigo Ot\u00e1vio Couto da Paix\u00e3o"}, {"id": "2318", "ano": "2025", "numero": "132", "tipo__sigla": "REQ", "tipo__descricao": "Requerimento", "autoria": "VINICIUS NORA", "texto_original": "http://sapl.engenheiropaulodefrontin.rj.leg.br/media/sapl/public/materialegislativa/2025/2318/req2025-132.pdf", "ementa": "Requer informa\u00e7\u00f5es acerca do funcionamento do atendimento aos produtores rurais do munic\u00edpio, uso do maquin\u00e1rio e implementos da Secretaria Municipal Agricultura."}, {"id": "2328", "ano": "2025", "numero": "133", "tipo__sigla": "REQ", "tipo__descricao": "Requerimento", "autoria": "JORGE VILELA", "texto_original": "http://sapl.engenheiropaulodefrontin.rj.leg.br/media/sapl/public/materialegislativa/2025/2328/req2025-133.pdf", "ementa": "\"Solicita informa\u00e7\u00f5es e documentos referentes a contrata\u00e7\u00e3o do caminh\u00e3o cesto.\""}, {"id": "2329", "ano": "2025", "numero": "134", "tipo__sigla": "REQ", "tipo__descricao": "Requerimento", "autoria": "JORGE VILELA", "texto_original": "http://sapl.engenheiropaulodefrontin.rj.leg.br/media/sapl/public/materialegislativa/2025/2329/req2025-134.pdf", "ementa": "Solicita informa\u00e7\u00f5es sobre os gastos da C\u00e2mara Municipal durante o per\u00edodo em que exerceu a Presid\u00eancia desta Casa Legislativa, nos exerc\u00edcios de 2023 e 2024."}, {"id": "2330", "ano": "2025", "numero": "135", "tipo__sigla": "REQ", "tipo__descricao": "Requerimento", "autoria": "KAIO BALTHAZAR", "texto_original": "http://sapl.engenheiropaulodefrontin.rj.leg.br/media/sapl/public/materialegislativa/2025/2330/req2025-135.pdf", "ementa": "Solicita\u00e7\u00e3o de informa\u00e7\u00f5es sobre valores de emendas parlamentares destinadas a \u00c1rea da sa\u00fade no exerc\u00edcio de 2025"}, {"id": "2331", "ano": "2025", "numero": "136", "tipo__sigla": "REQ", "tipo__descricao": "Requerimento", "autoria": "KAIO BALTHAZAR", "texto_original": "http://sapl.engenheiropaulodefrontin.rj.leg.br/media/sapl/public/materialegislativa/2025/2331/req2025-136.pdf", "ementa": "Solicita\u00e7\u00e3o de informa\u00e7\u00f5es sobre a palestra ministrada por Andr\u00e9 Portugu\u00eas na Esta\u00e7\u00e3o de Engenheiro Paulo de Frontin em 13 de outubro de 2025"}, {"id": "2338", "ano": "2025", "numero": "137", "tipo__sigla": "REQ", "tipo__descricao": "Requerimento", "autoria": "GABRIEL LOUREN\u00c7O", "texto_original": "http://sapl.engenheiropaulodefrontin.rj.leg.br/media/", "ementa": "Solicita\u00e7\u00e3o de informa\u00e7\u00f5es sobre a falta de internet nas reparti\u00e7\u00f5es p\u00fablicas pertencentes a Prefeitura Municipal de Engenheiro Paulo de Frontin"}, {"id": "2344", "ano": "2025", "numero": "138", "tipo__sigla": "REQ", "tipo__descricao": "Requerimento", "autoria": "VINICIUS NORA", "texto_original": "http://sapl.engenheiropaulodefrontin.rj.leg.br/media/sapl/public/materialegislativa/2025/2344/req2025-138.pdf", "ementa": "Solicita informa\u00e7\u00f5es \u00e0 Prefeitura Municipal sobre o recolhimento e destina\u00e7\u00e3o do lixo hospitalar nos postos de sa\u00fade e no hospital municipal"}, {"id": "2392", "ano": "2025", "numero": "139", "tipo__sigla": "REQ", "tipo__descricao": "Requerimento", "autoria": "Mesa Diretora", "texto_original": "http://sapl.engenheiropaulodefrontin.rj.leg.br/media/sapl/public/materialegislativa/2025/2392/req2025-139.pdf", "ementa": "Convoca\u00e7\u00e3o do Secret\u00e1rio Municipal de Sa\u00fade, Dr. Guilherme Soutier, para prestar esclarecimentos \u00e0 Camara Municipal de Engenheiro Paulo de Frontin"}, {"id": "2393", "ano": "2025", "numero": "140", "tipo__sigla": "REQ", "tipo__descricao": "Requerimento", "autoria": "KAIO BALTHAZAR", "texto_original": "http://sapl.engenheiropaulodefrontin.rj.leg.br/media/sapl/public/materialegislativa/2025/2393/req2025-140.pdf", "ementa": "Solicita\u00e7\u00e3o de informa\u00e7\u00f5es e documentos referentes ao Decreto n\u00b0 730/2025 e A recomposi\u00e7\u00e3o da conta do Fundeb"}, {"id": "2401", "ano": "2025", "numero": "141", "tipo__sigla": "REQ", "tipo__descricao": "Requerimento", "autoria": "GABRIEL LOUREN\u00c7O", "texto_original": "http://sapl.engenheiropaulodefrontin.rj.leg.br/media/sapl/public/materialegislativa/2025/2401/req2025-141.pdf", "ementa": "Convoca\u00e7\u00e3o de uma Audi\u00eancia P\u00fablica para tratar da prolifera\u00e7\u00e3o de moscas nos arredores da empresa Reginaves Ind\u00fastria e Com\u00e9rcio de Aves LIDA, localizada no bairro Aguada, neste munic\u00edpio"}, {"id": "2408", "ano": "2025", "numero": "142", "tipo__sigla": "REQ", "tipo__descricao": "Requerimento", "autoria": "KAIO BALTHAZAR, GABRIEL LOUREN\u00c7O, MOISES ROCHA", "texto_original": "http://sapl.engenheiropaulodefrontin.rj.leg.br/media/sapl/public/materialegislativa/2025/2408/req2025-142.pdf", "ementa": "A imediata instaura\u00e7\u00e3o de Comiss\u00e3o Parlamentar de Inqu\u00e9rito para investigar os fatos listados."}, {"id": "2419", "ano": "2025", "numero": "143", "tipo__sigla": "REQ", "tipo__descricao": "Requerimento", "autoria": "VINICIUS NORA", "texto_original": "http://sapl.engenheiropaulodefrontin.rj.leg.br/media/sapl/public/materialegislativa/2025/2419/req2025-143.pdf", "ementa": "Solicita informa\u00e7\u00f5es sobre a receita corrente liquida (RCL) do munic\u00edpio de Eng. Paulo de Frontin no exerc\u00edcio de 2025"}, {"id": "2224", "ano": "2025", "numero": "40", "tipo__sigla": "VETO", "tipo__descricao": "VETO", "autoria": "Jose Emmanoel Rodrigues Artemenko", "texto_original": "http://sapl.engenheiropaulodefrontin.rj.leg.br/media/sapl/public/materialegislativa/2025/2224/oficio2025-040_executivo.pdf", "ementa": "Veto Integral ao Projeto de Lei n\u00b0007 de 14 de fevereiro de 2025."}, {"id": "2225", "ano": "2025", "numero": "41", "tipo__sigla": "VETO", "tipo__descricao": "VETO", "autoria": "Jose Emmanoel Rodrigues Artemenko", "texto_original": "http://sapl.engenheiropaulodefrontin.rj.leg.br/media/sapl/public/materialegislativa/2025/2225/oficio2025-041_executivo.pdf", "ementa": "Veto Integral ao Projeto de Lei n\u00b0 001 de 24 de janeiro de 2025."}, {"id": "2226", "ano": "2025", "numero": "42", "tipo__sigla": "VETO", "tipo__descricao": "VETO", "autoria": "Jose Emmanoel Rodrigues Artemenko", "texto_original": "http://sapl.engenheiropaulodefrontin.rj.leg.br/media/sapl/public/materialegislativa/2025/2226/oficio2025-042_executivo.pdf", "ementa": "Veto Integral ao Projeto de Lei n\u00b0 005/2025."}, {"id": "2233", "ano": "2025", "numero": "76", "tipo__sigla": "VETO", "tipo__descricao": "VETO", "autoria": "Jose Emmanoel Rodrigues Artemenko", "texto_original": "http://sapl.engenheiropaulodefrontin.rj.leg.br/media/sapl/public/materialegislativa/2025/2233/veto_integral_ao_pl_022-2025.pdf", "ementa": "Veto Integral ao Projeto de Lei n\u00b0 022 de 08 de abril de 2025"}, {"id": "2234", "ano": "2025", "numero": "77", "tipo__sigla": "VETO", "tipo__descricao": "VETO", "autoria": "Jose Emmanoel Rodrigues Artemenko", "texto_original": "http://sapl.engenheiropaulodefrontin.rj.leg.br/media/sapl/public/materialegislativa/2025/2234/veto_integral_pl_027-2025.pdf", "ementa": "Veto Integral ao Projeto de Lei n\u00b0027 de 09 de abril de 2025"}, {"id": "2235", "ano": "2025", "numero": "83", "tipo__sigla": "VETO", "tipo__descricao": "VETO", "autoria": "Jose Emmanoel Rodrigues Artemenko", "texto_original": "http://sapl.engenheiropaulodefrontin.rj.leg.br/media/sapl/public/materialegislativa/2025/2235/oficio_083-25_veto_integal_pl_049-2025.pdf", "ementa": "Veto Integral ao Projeto de Lei n\u00b0049 de 28 de abril de 2025"}, {"id": "2236", "ano": "2025", "numero": "84", "tipo__sigla": "VETO", "tipo__descricao": "VETO", "autoria": "Jose Emmanoel Rodrigues Artemenko", "texto_original": "http://sapl.engenheiropaulodefrontin.rj.leg.br/media/sapl/public/materialegislativa/2025/2236/oficio_084-25_veto_integral_pl_029-2025.pdf", "ementa": "Veto Integral Projeto de Lei n\u00b0029 de 09 de abril de 2025"}, {"id": "2237", "ano": "2025", "numero": "85", "tipo__sigla": "VETO", "tipo__descricao": "VETO", "autoria": "Jose Emmanoel Rodrigues Artemenko", "texto_original": "http://sapl.engenheiropaulodefrontin.rj.leg.br/media/sapl/public/materialegislativa/2025/2237/oficio_085-25_veto_integral_pl_048-2025.pdf", "ementa": "Veto Integral ao Projeto de Lei n\u00ba 048 de 28 de abril de 2025"}, {"id": "2238", "ano": "2025", "numero": "86", "tipo__sigla": "VETO", "tipo__descricao": "VETO", "autoria": "Jose Emmanoel Rodrigues Artemenko", "texto_original": "http://sapl.engenheiropaulodefrontin.rj.leg.br/media/sapl/public/materialegislativa/2025/2238/oficio_086-25_veto_integral.pdf", "ementa": "Veto Integral ao Projeto de Lei n\u00b0058 de 07 de maio de 2025."}, {"id": "2319", "ano": "2025", "numero": "91", "tipo__sigla": "VETO", "tipo__descricao": "VETO", "autoria": "Jose Emmanoel Rodrigues Artemenko", "texto_original": "http://sapl.engenheiropaulodefrontin.rj.leg.br/media/sapl/public/materialegislativa/2025/2319/oficio_091-25_veto_integral_pl_044-2025.pdf.pdf", "ementa": "Veto Integral ao Projeto de Lei n\u00b0044 de 25 de abril de 2025."}, {"id": "2320", "ano": "2025", "numero": "110", "tipo__sigla": "VETO", "tipo__descricao": "VETO", "autoria": "Jose Emmanoel Rodrigues Artemenko", "texto_original": "http://sapl.engenheiropaulodefrontin.rj.leg.br/media/sapl/public/materialegislativa/2025/2320/oficio_110-25_veto_integral_pl_043-2025.pdf.pdf", "ementa": "Veto Integral ao Projeto de Lei de n\u00ba 043 de 28 de abril de 2025."}, {"id": "2345", "ano": "2025", "numero": "133", "tipo__sigla": "VETO", "tipo__descricao": "VETO", "autoria": "Jose Emmanoel Rodrigues Artemenko", "texto_original": "http://sapl.engenheiropaulodefrontin.rj.leg.br/media/sapl/public/materialegislativa/2025/2345/oficio_133-25_veto_integral_pl_035-2025.pdf", "ementa": "VETO INTEGRAL AO PROJETO DE LEI N\u00b0 035/2025."}, {"id": "2346", "ano": "2025", "numero": "134", "tipo__sigla": "VETO", "tipo__descricao": "VETO", "autoria": "Jose Emmanoel Rodrigues Artemenko", "texto_original": "http://sapl.engenheiropaulodefrontin.rj.leg.br/media/sapl/public/materialegislativa/2025/2346/oficio_134-25_veto_integral_pl_017-2025.pdf", "ementa": "VETO INTEGRAL AO PROJETO DE LEI N\u00b0 017/2025"}, {"id": "2007", "ano": "2025", "numero": "1", "tipo__sigla": "EAD", "tipo__descricao": "Emenda Aditiva", "autoria": "Mesa Diretora", "texto_original": "http://sapl.engenheiropaulodefrontin.rj.leg.br/media/sapl/public/materialegislativa/2025/2007/emenda_aditiva_2025-001.pdf", "ementa": "\"Inclui um novo par\u00e1grafo noArt.4\u00b0 do Projeto de Resolu\u00e7\u00e3o N\u00b0003/25 de 24 de mar\u00e7o de 2025\""}, {"id": "2162", "ano": "2025", "numero": "1", "tipo__sigla": "EMM", "tipo__descricao": "Emenda Modificativa", "autoria": "GABRIEL LOUREN\u00c7O", "texto_original": "http://sapl.engenheiropaulodefrontin.rj.leg.br/media/sapl/public/materialegislativa/2025/2162/emend._modf._no2025-01.pdf", "ementa": "Emenda Modificativa ao artigo 7\u00b0 do Projeto de Lei do Legislativo n.\u00b0 010/2025: \r\n\"Art. 7\u00b0 \u2014 As despesas para instala\u00e7\u00e3o e manuten\u00e7\u00e3o deste programa ser\u00e3o atendidas com a previs\u00e3o constante na Lei Or\u00e7ament\u00e1ria deste exerc\u00edcio para a Secretaria Municipal de Promo\u00e7\u00e3o Social e a Secretaria Municipal de Educa\u00e7\u00e3o, podendo ser suplementadas, se necess\u00e1rio.\""}, {"id": "2261", "ano": "2025", "numero": "3", "tipo__sigla": "EMM", "tipo__descricao": "Emenda Modificativa", "autoria": "KAIO BALTHAZAR", "texto_original": "http://sapl.engenheiropaulodefrontin.rj.leg.br/media/sapl/public/materialegislativa/2025/2261/emenda_modificativa_03-2025.pdf", "ementa": "Emenda Modificativa ao Projeto de Lei do Executivo n\u00b0016/2025, de 18 de agosto de 2025"}, {"id": "2442", "ano": "2025", "numero": "4", "tipo__sigla": "EMM", "tipo__descricao": "Emenda Modificativa", "autoria": "Mesa Diretora", "texto_original": "http://sapl.engenheiropaulodefrontin.rj.leg.br/media/sapl/public/materialegislativa/2025/2442/pem_2025-04.pdf", "ementa": "ALTERA 0 QDD \u2014 QUADRO DE DETALHAMENTO DE DESPESA, DO PODER LEGISLATIVO AO PROJETO DE LEI ORDIN\u00c1RIA - 017/2025, QUE DISP\u00d5E SOBRE ESTIMAR E RECEITA E FIXAR AS DESPESAS A PARA 0 EXERC\u00cdCIO FINANCEIRO DE 2026"}, {"id": "2443", "ano": "2025", "numero": "5", "tipo__sigla": "EMM", "tipo__descricao": "Emenda Modificativa", "autoria": "Mesa Diretora", "texto_original": "http://sapl.engenheiropaulodefrontin.rj.leg.br/media/sapl/public/materialegislativa/2025/2443/pem_2025-05.pdf", "ementa": "REDUZ A ESTIMATIVA DE RECEITAS E FIXA A CORRESPONDENTE REDU\u00c7\u00c3O DE DESPESAS DO OR\u00c7AMENTO DO MUNIC\u00cdPIO DE ENGENHEIRO PAULO DE FRONTIN PARA 0 EXERC\u00cdCIO FINANCEIRO DE 2026"}, {"id": "2444", "ano": "2025", "numero": "6", "tipo__sigla": "EMM", "tipo__descricao": "Emenda Modificativa", "autoria": "Mesa Diretora", "texto_original": "http://sapl.engenheiropaulodefrontin.rj.leg.br/media/sapl/public/materialegislativa/2025/2444/pem_2025-06.pdf", "ementa": "ALTERA O \u00a71\u00b0 DO ART.5\u00b0 E ACRESCENTA PAR\u00c1GRAFO \u00daNICO AO ART.6\u00b0 DO PROJETO DE LEI ORDIN\u00c1RIA N\u00b0 017/2025, QUE ESTIMA A RECEITA E FIXA A DESPESA DO MUNIC\u00cdPIO DE ENGENHEIRO PAULO DE FRONTIN PARA O EXERC\u00cdCIO FINANCEIRO DE 2026"}, {"id": "2445", "ano": "2025", "numero": "7", "tipo__sigla": "EMM", "tipo__descricao": "Emenda Modificativa", "autoria": "Mesa Diretora", "texto_original": "http://sapl.engenheiropaulodefrontin.rj.leg.br/media/sapl/public/materialegislativa/2025/2445/pem_2025-07.pdf", "ementa": "ALTERA O DO ART.5\u00b0 DO PROJETO DE LEI ORDIN\u00c1RIA N\u00b0 017/2025, QUE ESTIMA A RECEITA E FIXA A DESPESA DO MUNIC\u00cdPIO DE ENGENHEIRO PAULO DE FRONTIN PARA 0 EXERC\u00cdCIO FINANCEIRO DE 2026, PARA REDUZIR 0 LIMITE DE REMANEJAMENTO OR\u00c7AMENT\u00c1RIO."}, {"id": "2446", "ano": "2025", "numero": "8", "tipo__sigla": "EMM", "tipo__descricao": "Emenda Modificativa", "autoria": "SANDRO FERREIRA (Deca)", "texto_original": "http://sapl.engenheiropaulodefrontin.rj.leg.br/media/sapl/public/materialegislativa/2025/2446/pem_2025-08.pdf", "ementa": "Altera o inciso I do art. 5\u00b0 do Projeto de Lei Ordin\u00e1ria n\u00b0017/2025, que estima a receita e fixa a despesa do Munic\u00edpio de Engenheiro Paulo de Frontin para o exerc\u00edcio financeiro de 2026, para majorar em 50% o limite de remanejamento or\u00e7ament\u00e1rio."}, {"id": "2104", "ano": "2025", "numero": "1", "tipo__sigla": "RES", "tipo__descricao": "Resolu\u00e7\u00e3o", "autoria": "JEFERSON ADRIANO GOMES MOREIRA", "texto_original": "http://sapl.engenheiropaulodefrontin.rj.leg.br/media/sapl/public/materialegislativa/2025/2104/resolucao_01-2025.pdf", "ementa": "Cria a Comiss\u00e3o Especial para Acompanhar os Servi\u00e7os Prestados pela LIGHT SERVI\u00c7OS DE ELETRICIDADE S/A no Munic\u00edpio de Engenheiro Paulo de Frontin."}, {"id": "2103", "ano": "2025", "numero": "2", "tipo__sigla": "RES", "tipo__descricao": "Resolu\u00e7\u00e3o", "autoria": "JEFERSON ADRIANO GOMES MOREIRA", "texto_original": "http://sapl.engenheiropaulodefrontin.rj.leg.br/media/sapl/public/materialegislativa/2025/2103/resolucao_02-2025.pdf", "ementa": "\u201cDisp\u00f5e sobre a cria\u00e7\u00e3o da C\u00e2mara Mirim no \u00e2mbito do Munic\u00edpio de Engenheiro Paulo de Frontin-RJ.\u201d"}, {"id": "2190", "ano": "2025", "numero": "3", "tipo__sigla": "RES", "tipo__descricao": "Resolu\u00e7\u00e3o", "autoria": "JEFERSON ADRIANO GOMES MOREIRA", "texto_original": "http://sapl.engenheiropaulodefrontin.rj.leg.br/media/sapl/public/materialegislativa/2025/2190/resolucao_03-2025.pdf", "ementa": "CRIA A COMISS\u00c3O DE DEFESA DO CONSUMIDOR NO \u00c2MBITO DA C\u00c2MARA MUNICIPAL DE ENGENHEIRO PAULO DE FRONTIN E D\u00c1 OUTRAS PROVID\u00caNCIAS."}, {"id": "1116", "ano": "2025", "numero": "1", "tipo__sigla": "IND", "tipo__descricao": "Indica\u00e7\u00e3o", "autoria": "GABRIEL LOUREN\u00c7O, VINICIUS NORA", "texto_original": "http://sapl.engenheiropaulodefrontin.rj.leg.br/media/sapl/public/materialegislativa/2025/1116/ind001-2025.pdf", "ementa": "\"Pintura de faixa de pedestre na entrada do bairro Santo Ant\u00f4nio (Buraco Quente).\""}, {"id": "1117", "ano": "2025", "numero": "2", "tipo__sigla": "IND", "tipo__descricao": "Indica\u00e7\u00e3o", "autoria": "GABRIEL LOUREN\u00c7O, VINICIUS NORA", "texto_original": "http://sapl.engenheiropaulodefrontin.rj.leg.br/media/sapl/public/materialegislativa/2025/1117/ind002-25.pdf", "ementa": "\"Cria\u00e7\u00e3o de Posto de Sa\u00fade no bairro Santo Ant\u00f4nio (Buraco Quente).\"\r\nAutor: Gabriel Louren\u00e7o."}, {"id": "1118", "ano": "2025", "numero": "3", "tipo__sigla": "IND", "tipo__descricao": "Indica\u00e7\u00e3o", "autoria": "GABRIEL LOUREN\u00c7O", "texto_original": "http://sapl.engenheiropaulodefrontin.rj.leg.br/media/sapl/public/materialegislativa/2025/1118/ind03-25_000166.pdf", "ementa": "\"Limpeza e Instala\u00e7\u00e3o de Ilumina\u00e7\u00e3o na quadra poliesportiva do Bairro Santo Ant\u00f4nio (Buraco Quente)\" \r\nAutor: Gabriel Louren\u00e7o."}, {"id": "1119", "ano": "2025", "numero": "4", "tipo__sigla": "IND", "tipo__descricao": "Indica\u00e7\u00e3o", "autoria": "GABRIEL LOUREN\u00c7O, VINICIUS NORA", "texto_original": "http://sapl.engenheiropaulodefrontin.rj.leg.br/media/sapl/public/materialegislativa/2025/1119/ind2025-04.pdf", "ementa": "\"Limpeza geral do Bairro Santo Ant\u00f4nio (Buraco Quente), mato e deslizamento (barreiras/obstru\u00e7\u00f5es) nas Ruas S\u00e3o Jo\u00e3o Batista, rua de cima.\""}, {"id": "1120", "ano": "2025", "numero": "5", "tipo__sigla": "IND", "tipo__descricao": "Indica\u00e7\u00e3o", "autoria": "GABRIEL LOUREN\u00c7O", "texto_original": "http://sapl.engenheiropaulodefrontin.rj.leg.br/media/sapl/public/materialegislativa/2025/1120/ind_no05-25.pdf", "ementa": "\"Limpeza do rio e da galeria do bairro Santo Ant\u00f4nio (Buraco Quente)\""}, {"id": "1121", "ano": "2025", "numero": "6", "tipo__sigla": "IND", "tipo__descricao": "Indica\u00e7\u00e3o", "autoria": "GABRIEL LOUREN\u00c7O", "texto_original": "http://sapl.engenheiropaulodefrontin.rj.leg.br/media/sapl/public/materialegislativa/2025/1121/ind06-25_000169.pdf", "ementa": "\"Troca das l\u00e2mpadas da estrada que liga o bairro da Barreira ao bairro da Grama - perfumaria at\u00e9 a f\u00e1brica de fogos Cinelli.\" \r\nAutor: Gabriel Louren\u00e7o."}, {"id": "1122", "ano": "2025", "numero": "7", "tipo__sigla": "IND", "tipo__descricao": "Indica\u00e7\u00e3o", "autoria": "GABRIEL LOUREN\u00c7O", "texto_original": "http://sapl.engenheiropaulodefrontin.rj.leg.br/media/sapl/public/materialegislativa/2025/1122/ind07-25_000170.pdf", "ementa": "\"Reforma geral da quadra poliesportiva do bairro Jardim Novo Rodeio (Arraial do Sapo).\"\r\nAutor: Gabriel Louren\u00e7o."}, {"id": "1123", "ano": "2025", "numero": "8", "tipo__sigla": "IND", "tipo__descricao": "Indica\u00e7\u00e3o", "autoria": "GABRIEL LOUREN\u00c7O", "texto_original": "http://sapl.engenheiropaulodefrontin.rj.leg.br/media/", "ementa": "\"Limpeza e desobstru\u00e7\u00e3o da rua que liga o bairro T\u00fanel 11 ao bairro da Ferrovi\u00e1ria (atalho que sai de frente para a Assembleia de Deus - atrav\u00e9s do campo da Ferrovi\u00e1ria)\"  -  CANCELADA!"}, {"id": "1124", "ano": "2025", "numero": "9", "tipo__sigla": "IND", "tipo__descricao": "Indica\u00e7\u00e3o", "autoria": "GABRIEL LOUREN\u00c7O", "texto_original": "http://sapl.engenheiropaulodefrontin.rj.leg.br/media/sapl/public/materialegislativa/2025/1124/ind_no09-25.pdf", "ementa": "\"Opera\u00e7\u00e3o de tapa buraco na rua que sobe para a vila, atr\u00e1s do Espa\u00e7o Ferrini.\""}, {"id": "1125", "ano": "2025", "numero": "10", "tipo__sigla": "IND", "tipo__descricao": "Indica\u00e7\u00e3o", "autoria": "GABRIEL LOUREN\u00c7O", "texto_original": "http://sapl.engenheiropaulodefrontin.rj.leg.br/media/sapl/public/materialegislativa/2025/1125/ind10-25_000173.pdf", "ementa": "\"Constru\u00e7\u00e3o de banheiro no espa\u00e7o Ferrini, para atender os comerciantes, e clientes que aquecem nossa economia, fazendo do Ferrini nossa pra\u00e7a de alimenta\u00e7\u00e3o.\"\r\nAutor: Gabriel Louren\u00e7o."}, {"id": "1126", "ano": "2025", "numero": "11", "tipo__sigla": "IND", "tipo__descricao": "Indica\u00e7\u00e3o", "autoria": "GABRIEL LOUREN\u00c7O", "texto_original": "http://sapl.engenheiropaulodefrontin.rj.leg.br/media/sapl/public/materialegislativa/2025/1126/ind_no11-25.pdf", "ementa": "\"Opera\u00e7\u00e3o tapa buracos e reparo com conten\u00e7\u00f5es na Rua Luciano Medeiros.\""}, {"id": "1127", "ano": "2025", "numero": "12", "tipo__sigla": "IND", "tipo__descricao": "Indica\u00e7\u00e3o", "autoria": "GABRIEL LOUREN\u00c7O", "texto_original": "http://sapl.engenheiropaulodefrontin.rj.leg.br/media/sapl/public/materialegislativa/2025/1127/ind12-25_000175.pdf", "ementa": "\"Limpeza da cal\u00e7ada da Rua Luciano Medeiros, no trecho entre a cancela ao Alto do Chafre.\"\r\nAutor: Gabriel Louren\u00e7o."}, {"id": "1128", "ano": "2025", "numero": "13", "tipo__sigla": "IND", "tipo__descricao": "Indica\u00e7\u00e3o", "autoria": "GABRIEL LOUREN\u00c7O", "texto_original": "http://sapl.engenheiropaulodefrontin.rj.leg.br/media/sapl/public/materialegislativa/2025/1128/ind_no13-25.pdf", "ementa": "\"Opera\u00e7\u00e3o tapa buracos no bairro da Grama.\""}, {"id": "1129", "ano": "2025", "numero": "14", "tipo__sigla": "IND", "tipo__descricao": "Indica\u00e7\u00e3o", "autoria": "GABRIEL LOUREN\u00c7O", "texto_original": "http://sapl.engenheiropaulodefrontin.rj.leg.br/media/sapl/public/materialegislativa/2025/1129/ind_no14-25.pdf", "ementa": "\"Manuten\u00e7\u00e3o da quadra do bairro da Grama.\""}, {"id": "1130", "ano": "2025", "numero": "15", "tipo__sigla": "IND", "tipo__descricao": "Indica\u00e7\u00e3o", "autoria": "GABRIEL LOUREN\u00c7O", "texto_original": "http://sapl.engenheiropaulodefrontin.rj.leg.br/media/sapl/public/materialegislativa/2025/1130/ind2025-015.pdf", "ementa": "\"Opera\u00e7\u00e3o tapa buracos no bairro da Borracha (trecho entre bar do Rodrigo e F\u00e1brica de Luvas).\"\r\nAutor: Gabriel Louren\u00e7o."}, {"id": "1131", "ano": "2025", "numero": "17", "tipo__sigla": "IND", "tipo__descricao": "Indica\u00e7\u00e3o", "autoria": "GABRIEL LOUREN\u00c7O", "texto_original": "http://sapl.engenheiropaulodefrontin.rj.leg.br/media/sapl/public/materialegislativa/2025/1131/ind17-25_000179.pdf", "ementa": "\"Indica que sejam comprados uniformes escolares para os alunos da rede municipal de ensino.\"\r\nAutor: Gabriel Louren\u00e7o."}, {"id": "1132", "ano": "2025", "numero": "18", "tipo__sigla": "IND", "tipo__descricao": "Indica\u00e7\u00e3o", "autoria": "GABRIEL LOUREN\u00c7O", "texto_original": "http://sapl.engenheiropaulodefrontin.rj.leg.br/media/sapl/public/materialegislativa/2025/1132/ind18-25_000180.pdf", "ementa": "\"Solicita ao Exmo. Prefeito Municipal, disponibilizar um espa\u00e7o na rodovi\u00e1ria para que os taxistas possam tomar caf\u00e9, \u00e1gua e usar telefone.\"\r\nAutor: Gabriel Louren\u00e7o."}, {"id": "1133", "ano": "2025", "numero": "19", "tipo__sigla": "IND", "tipo__descricao": "Indica\u00e7\u00e3o", "autoria": "GABRIEL LOUREN\u00c7O", "texto_original": "http://sapl.engenheiropaulodefrontin.rj.leg.br/media/sapl/public/materialegislativa/2025/1133/ind2025-019.pdf", "ementa": "\"Conclus\u00e3o do ponto de \u00f4nibus do Parque Santa Clara.\""}, {"id": "1134", "ano": "2025", "numero": "20", "tipo__sigla": "IND", "tipo__descricao": "Indica\u00e7\u00e3o", "autoria": "GABRIEL LOUREN\u00c7O", "texto_original": "http://sapl.engenheiropaulodefrontin.rj.leg.br/media/sapl/public/materialegislativa/2025/1134/ind20-25_000182.pdf", "ementa": "\"Solicita ao Exmo. Prefeito Municipal, refazer o ponto de \u00f4nibus da Rua Maria Rosa Magalh\u00e3es, no bairro Borracha.\"\r\nAutor: Gabriel Louren\u00e7o."}, {"id": "1135", "ano": "2025", "numero": "21", "tipo__sigla": "IND", "tipo__descricao": "Indica\u00e7\u00e3o", "autoria": "GABRIEL LOUREN\u00c7O", "texto_original": "http://sapl.engenheiropaulodefrontin.rj.leg.br/media/", "ementa": "\"Troca de lat\u00f5es de lixo da Rua Alfed, Centro.\" CANCELADA!"}, {"id": "1136", "ano": "2025", "numero": "22", "tipo__sigla": "IND", "tipo__descricao": "Indica\u00e7\u00e3o", "autoria": "GABRIEL LOUREN\u00c7O", "texto_original": "http://sapl.engenheiropaulodefrontin.rj.leg.br/media/sapl/public/materialegislativa/2025/1136/ind22-25_000184.pdf", "ementa": "\"Reforma da quadra poliesportiva e dos vesti\u00e1rios do Col\u00e9gio Estadual Municipalizado Cec\u00edlia Barbosa da Paix\u00e3o - CIEP 289.\"\r\nAutor: Gabriel Louren\u00e7o."}, {"id": "1137", "ano": "2025", "numero": "23", "tipo__sigla": "IND", "tipo__descricao": "Indica\u00e7\u00e3o", "autoria": "GABRIEL LOUREN\u00c7O", "texto_original": "http://sapl.engenheiropaulodefrontin.rj.leg.br/media/sapl/public/materialegislativa/2025/1137/ind_no23-25.pdf", "ementa": "\"Solicita ao Exmo. Presidente do DER-RJ, a realiza\u00e7\u00e3o de opera\u00e7\u00e3o tapa buraco e sinaliza\u00e7\u00e3o da Rodovia RJ-127.\"\r\nAutor: Gabriel Louren\u00e7o."}, {"id": "1138", "ano": "2025", "numero": "24", "tipo__sigla": "IND", "tipo__descricao": "Indica\u00e7\u00e3o", "autoria": "GABRIEL LOUREN\u00c7O", "texto_original": "http://sapl.engenheiropaulodefrontin.rj.leg.br/media/sapl/public/materialegislativa/2025/1138/ind24-25_000187.pdf", "ementa": "\"Solicita ao Exmo. Presidente do DER-RJ, a realiza\u00e7\u00e3o de opera\u00e7\u00e3o tapa buraco e sinaliza\u00e7\u00e3o da Rodovia RJ-129.\"\r\nAutor: Gabriel Louren\u00e7o."}, {"id": "1156", "ano": "2025", "numero": "25", "tipo__sigla": "IND", "tipo__descricao": "Indica\u00e7\u00e3o", "autoria": "GABRIEL LOUREN\u00c7O", "texto_original": "http://sapl.engenheiropaulodefrontin.rj.leg.br/media/sapl/public/materialegislativa/2025/1156/ind25-25_000358.pdf", "ementa": "\"Melhorias de infraestrutura para todo o Bairro da Grama.\""}, {"id": "1144", "ano": "2025", "numero": "26", "tipo__sigla": "IND", "tipo__descricao": "Indica\u00e7\u00e3o", "autoria": "SANDRO FERREIRA (Deca)", "texto_original": "http://sapl.engenheiropaulodefrontin.rj.leg.br/media/sapl/public/materialegislativa/2025/1144/ind026-25_000346.pdf", "ementa": "\"Coloca\u00e7\u00e3o de manilhas e restaura\u00e7\u00e3o da Rua Francisco Julio Queiroz, no bairro Palmeiras da Serra.\""}, {"id": "1145", "ano": "2025", "numero": "27", "tipo__sigla": "IND", "tipo__descricao": "Indica\u00e7\u00e3o", "autoria": "SANDRO FERREIRA (Deca)", "texto_original": "http://sapl.engenheiropaulodefrontin.rj.leg.br/media/sapl/public/materialegislativa/2025/1145/ind_027_sandro.pdf", "ementa": "\"Restaura\u00e7\u00e3o da rua Jose Campos da Silva, bairro de Palmas.\""}, {"id": "1146", "ano": "2025", "numero": "28", "tipo__sigla": "IND", "tipo__descricao": "Indica\u00e7\u00e3o", "autoria": "SANDRO FERREIRA (Deca)", "texto_original": "http://sapl.engenheiropaulodefrontin.rj.leg.br/media/sapl/public/materialegislativa/2025/1146/ind28-25_000348.pdf", "ementa": "\"Reforma e pintura na quadra do bairro de Palmeiras da Serra.\""}, {"id": "1147", "ano": "2025", "numero": "29", "tipo__sigla": "IND", "tipo__descricao": "Indica\u00e7\u00e3o", "autoria": "SANDRO FERREIRA (Deca)", "texto_original": "http://sapl.engenheiropaulodefrontin.rj.leg.br/media/sapl/public/materialegislativa/2025/1147/ind29-25_000349.pdf", "ementa": "\"Reforma e pintura no coreto do bairro de Palmeiras da Serra.\""}, {"id": "1148", "ano": "2025", "numero": "30", "tipo__sigla": "IND", "tipo__descricao": "Indica\u00e7\u00e3o", "autoria": "SANDRO FERREIRA (Deca)", "texto_original": "http://sapl.engenheiropaulodefrontin.rj.leg.br/media/sapl/public/materialegislativa/2025/1148/ind_030_sandro.pdf", "ementa": "\"Cobertura do p\u00e1tio da escola Bar\u00e3o do Amparo, bairro de Palmas.\""}, {"id": "1149", "ano": "2025", "numero": "31", "tipo__sigla": "IND", "tipo__descricao": "Indica\u00e7\u00e3o", "autoria": "SANDRO FERREIRA (Deca)", "texto_original": "http://sapl.engenheiropaulodefrontin.rj.leg.br/media/sapl/public/materialegislativa/2025/1149/ind_031_sandro.pdf", "ementa": "\"Extens\u00e3o da rede de baixa tens\u00e3o coloca\u00e7\u00e3o de bra\u00e7os de luz na estrada de Palmas. \""}, {"id": "1150", "ano": "2025", "numero": "32", "tipo__sigla": "IND", "tipo__descricao": "Indica\u00e7\u00e3o", "autoria": "SANDRO FERREIRA (Deca)", "texto_original": "http://sapl.engenheiropaulodefrontin.rj.leg.br/media/sapl/public/materialegislativa/2025/1150/ind32-25_000351.pdf", "ementa": "\"Pavimenta\u00e7\u00e3o asf\u00e1ltica do bairro Aguada at\u00e9 o Lago Azul.\""}, {"id": "1151", "ano": "2025", "numero": "33", "tipo__sigla": "IND", "tipo__descricao": "Indica\u00e7\u00e3o", "autoria": "SANDRO FERREIRA (Deca)", "texto_original": "http://sapl.engenheiropaulodefrontin.rj.leg.br/media/sapl/public/materialegislativa/2025/1151/ind33-25_000352.pdf", "ementa": "\"Pavimenta\u00e7\u00e3o asf\u00e1ltica da rua Felisbina Barros, em Morro Azul do Tingu\u00e1 - 3\u00ba Distrito.\""}, {"id": "1152", "ano": "2025", "numero": "34", "tipo__sigla": "IND", "tipo__descricao": "Indica\u00e7\u00e3o", "autoria": "SANDRO FERREIRA (Deca)", "texto_original": "http://sapl.engenheiropaulodefrontin.rj.leg.br/media/sapl/public/materialegislativa/2025/1152/ind34-25_000353.pdf", "ementa": "\"Pavimenta\u00e7\u00e3o asf\u00e1ltica de todas as ruas do bairro da Grama.\""}, {"id": "1153", "ano": "2025", "numero": "35", "tipo__sigla": "IND", "tipo__descricao": "Indica\u00e7\u00e3o", "autoria": "SANDRO FERREIRA (Deca)", "texto_original": "http://sapl.engenheiropaulodefrontin.rj.leg.br/media/sapl/public/materialegislativa/2025/1153/ind35-25_000354.pdf", "ementa": "\"Pavimenta\u00e7\u00e3o asf\u00e1ltica de todas as ruas do bairro da Borracha.\""}, {"id": "1154", "ano": "2025", "numero": "36", "tipo__sigla": "IND", "tipo__descricao": "Indica\u00e7\u00e3o", "autoria": "SANDRO FERREIRA (Deca)", "texto_original": "http://sapl.engenheiropaulodefrontin.rj.leg.br/media/sapl/public/materialegislativa/2025/1154/ind_036_sandro.pdf", "ementa": "\"Constru\u00e7\u00e3o de vesti\u00e1rio, na quadra do bairro de Palmas.\""}, {"id": "1155", "ano": "2025", "numero": "37", "tipo__sigla": "IND", "tipo__descricao": "Indica\u00e7\u00e3o", "autoria": "SANDRO FERREIRA (Deca)", "texto_original": "http://sapl.engenheiropaulodefrontin.rj.leg.br/media/sapl/public/materialegislativa/2025/1155/ind37-25_000356.pdf", "ementa": "\"Melhorias no bairro T\u00fanel 11.\""}, {"id": "1139", "ano": "2025", "numero": "38", "tipo__sigla": "IND", "tipo__descricao": "Indica\u00e7\u00e3o", "autoria": "GABRIEL LOUREN\u00c7O", "texto_original": "http://sapl.engenheiropaulodefrontin.rj.leg.br/media/sapl/public/materialegislativa/2025/1139/ind-38-25_000189.pdf", "ementa": "\"Solicita ao Excelent\u00edssimo Prefeito Municipal, a intensifica\u00e7\u00e3o da retirada de lixo e entulhos da Rua George, no Bairro do Morro do Sossego.\""}, {"id": "1140", "ano": "2025", "numero": "39", "tipo__sigla": "IND", "tipo__descricao": "Indica\u00e7\u00e3o", "autoria": "GABRIEL LOUREN\u00c7O", "texto_original": "http://sapl.engenheiropaulodefrontin.rj.leg.br/media/sapl/public/materialegislativa/2025/1140/ind39-25_000190.pdf", "ementa": "\"Solicita ao Excelent\u00edssimo Prefeito Municipal, a inclus\u00e3o na rota dos \u00f4nibus escolares do ingresso e regresso dos estudantes no bairro Santo Ant\u00f4nio (Buraco Quente).\""}, {"id": "1141", "ano": "2025", "numero": "40", "tipo__sigla": "IND", "tipo__descricao": "Indica\u00e7\u00e3o", "autoria": "GABRIEL LOUREN\u00c7O", "texto_original": "http://sapl.engenheiropaulodefrontin.rj.leg.br/media/sapl/public/materialegislativa/2025/1141/ind40-25_000191.pdf", "ementa": "\"Manuten\u00e7\u00e3o e adequa\u00e7\u00e3o dos \u00f4nibus escolares.\""}, {"id": "1593", "ano": "2025", "numero": "41", "tipo__sigla": "IND", "tipo__descricao": "Indica\u00e7\u00e3o", "autoria": "SANDRO FERREIRA (Deca)", "texto_original": "http://sapl.engenheiropaulodefrontin.rj.leg.br/media/sapl/public/materialegislativa/2025/1593/ind41-25_000083.pdf", "ementa": "\"Constru\u00e7\u00e3o de cal\u00e7adas e a pavimenta\u00e7\u00e3o asf\u00e1ltica da Rua Projetada, no bairro Sacra Fam\u00edlia do Tingu\u00e1 - 2\u00b0 Distrito.\""}, {"id": "1594", "ano": "2025", "numero": "42", "tipo__sigla": "IND", "tipo__descricao": "Indica\u00e7\u00e3o", "autoria": "SANDRO FERREIRA (Deca)", "texto_original": "http://sapl.engenheiropaulodefrontin.rj.leg.br/media/sapl/public/materialegislativa/2025/1594/ind42-25_000084.pdf", "ementa": "\"Constru\u00e7\u00e3o de cal\u00e7adas e a pavimenta\u00e7\u00e3o asf\u00e1ltica da Rua da Hort\u00eancia, no bairro Sacra Fam\u00edlia do Tingu\u00e1 - 2\u00b0 Distrito.\""}, {"id": "1595", "ano": "2025", "numero": "43", "tipo__sigla": "IND", "tipo__descricao": "Indica\u00e7\u00e3o", "autoria": "SANDRO FERREIRA (Deca)", "texto_original": "http://sapl.engenheiropaulodefrontin.rj.leg.br/media/sapl/public/materialegislativa/2025/1595/ind43-25_000085.pdf", "ementa": "\"Constru\u00e7\u00e3o de cal\u00e7adas e a pavimenta\u00e7\u00e3o asf\u00e1ltica da Rua da Magn\u00f3lia, no bairro Sacra Fam\u00edlia do Tingu\u00e1 - 2\u00b0 Distrito.\""}, {"id": "1596", "ano": "2025", "numero": "44", "tipo__sigla": "IND", "tipo__descricao": "Indica\u00e7\u00e3o", "autoria": "SANDRO FERREIRA (Deca)", "texto_original": "http://sapl.engenheiropaulodefrontin.rj.leg.br/media/sapl/public/materialegislativa/2025/1596/ind44-25_000086.pdf", "ementa": "\"Constru\u00e7\u00e3o de cal\u00e7adas e a pavimenta\u00e7\u00e3o asf\u00e1ltica da Rua das Ang\u00e9licas, no bairro Sacra Fam\u00edlia do Tingui - 2\u00b0 Distrito.\""}, {"id": "1597", "ano": "2025", "numero": "45", "tipo__sigla": "IND", "tipo__descricao": "Indica\u00e7\u00e3o", "autoria": "SANDRO FERREIRA (Deca)", "texto_original": "http://sapl.engenheiropaulodefrontin.rj.leg.br/media/sapl/public/materialegislativa/2025/1597/ind45-25_000087.pdf", "ementa": "\"Constru\u00e7\u00e3o de cal\u00e7adas e a pavimenta\u00e7\u00e3o asf\u00e1ltica da Rua das Margaridas, no bairro Sacra Fam\u00edlia do Tingu\u00e1 - 2\u00b0 Distrito.\""}, {"id": "1598", "ano": "2025", "numero": "46", "tipo__sigla": "IND", "tipo__descricao": "Indica\u00e7\u00e3o", "autoria": "SANDRO FERREIRA (Deca)", "texto_original": "http://sapl.engenheiropaulodefrontin.rj.leg.br/media/sapl/public/materialegislativa/2025/1598/ind46-25_000088.pdf", "ementa": "\"Constru\u00e7\u00e3o de cal\u00e7adas e a pavimenta\u00e7\u00e3o asf\u00e1ltica da Rua das Tulipas, no bairro Sacra Fam\u00edlia do Tingua- 2\u00b0 Distrito.\""}, {"id": "1599", "ano": "2025", "numero": "47", "tipo__sigla": "IND", "tipo__descricao": "Indica\u00e7\u00e3o", "autoria": "SANDRO FERREIRA (Deca)", "texto_original": "http://sapl.engenheiropaulodefrontin.rj.leg.br/media/sapl/public/materialegislativa/2025/1599/ind47-25_000089.pdf", "ementa": "\"constru\u00e7\u00e3o de \u00c1rea de lazer e a pavimenta\u00e7\u00e3o asf\u00e1ltica do Parque Bela Vista, no bairro Sacra Fam\u00edlia do Tingu\u00e1 - 2\u00b0 Distrito.\""}, {"id": "1600", "ano": "2025", "numero": "48", "tipo__sigla": "IND", "tipo__descricao": "Indica\u00e7\u00e3o", "autoria": "SANDRO FERREIRA (Deca)", "texto_original": "http://sapl.engenheiropaulodefrontin.rj.leg.br/media/sapl/public/materialegislativa/2025/1600/ind49-25_000091.pdf", "ementa": "\"Constru\u00e7\u00e3o de muro de conten\u00e7\u00e3o de encosta, no bairro Palmeiras da Serra.\""}, {"id": "1636", "ano": "2025", "numero": "49", "tipo__sigla": "IND", "tipo__descricao": "Indica\u00e7\u00e3o", "autoria": "SANDRO FERREIRA (Deca)", "texto_original": "http://sapl.engenheiropaulodefrontin.rj.leg.br/media/sapl/public/materialegislativa/2025/1636/ind49-25_000091.pdf", "ementa": "\"Opera\u00e7\u00e3o tapa buraco, no bairro Palmeira da Serra.\""}, {"id": "1602", "ano": "2025", "numero": "50", "tipo__sigla": "IND", "tipo__descricao": "Indica\u00e7\u00e3o", "autoria": "SANDRO FERREIRA (Deca)", "texto_original": "http://sapl.engenheiropaulodefrontin.rj.leg.br/media/sapl/public/materialegislativa/2025/1602/ind50-25_000092.pdf", "ementa": "\"Reforma e limpeza da Praga da Barreira.\""}, {"id": "1603", "ano": "2025", "numero": "51", "tipo__sigla": "IND", "tipo__descricao": "Indica\u00e7\u00e3o", "autoria": "SANDRO FERREIRA (Deca)", "texto_original": "http://sapl.engenheiropaulodefrontin.rj.leg.br/media/sapl/public/materialegislativa/2025/1603/ind51-25_000093.pdf", "ementa": "\"Viabilizar a coloca\u00e7\u00e3o de um telefone no Col\u00e9gio Joaquim Mendes, no bairro Morro Azul do Tingu\u00e1 \u2014  3\u00b0Distrito.\""}, {"id": "1604", "ano": "2025", "numero": "52", "tipo__sigla": "IND", "tipo__descricao": "Indica\u00e7\u00e3o", "autoria": "SANDRO FERREIRA (Deca)", "texto_original": "http://sapl.engenheiropaulodefrontin.rj.leg.br/media/sapl/public/materialegislativa/2025/1604/ind52-25_000094.pdf", "ementa": "\"Constru\u00e7\u00e3o de um muro de conten\u00e7\u00e3o na rua \u00c1lvaro Gomes, no bairro T\u00fanel 11.\""}, {"id": "1576", "ano": "2025", "numero": "53", "tipo__sigla": "IND", "tipo__descricao": "Indica\u00e7\u00e3o", "autoria": "MOISES ROCHA, SANDRO FERREIRA (Deca)", "texto_original": "http://sapl.engenheiropaulodefrontin.rj.leg.br/media/sapl/public/materialegislativa/2025/1576/ind53-2025.pdf", "ementa": "\"Constru\u00e7\u00e3o de um muro de conten\u00e7\u00e3o, no bairro Morro do Sossego.\""}, {"id": "1591", "ano": "2025", "numero": "54", "tipo__sigla": "IND", "tipo__descricao": "Indica\u00e7\u00e3o", "autoria": "MOISES ROCHA, SANDRO FERREIRA (Deca)", "texto_original": "http://sapl.engenheiropaulodefrontin.rj.leg.br/media/sapl/public/materialegislativa/2025/1591/ind54-25_000081.pdf", "ementa": "\"Pavimenta\u00e7\u00e3o asf\u00e1ltica no bairro Morro do Sossego at\u00e9 o bairro Aguada.\""}, {"id": "1592", "ano": "2025", "numero": "55", "tipo__sigla": "IND", "tipo__descricao": "Indica\u00e7\u00e3o", "autoria": "MOISES ROCHA", "texto_original": "http://sapl.engenheiropaulodefrontin.rj.leg.br/media/sapl/public/materialegislativa/2025/1592/ind55-25_000082.pdf", "ementa": "CANCELADA"}, {"id": "1577", "ano": "2025", "numero": "56", "tipo__sigla": "IND", "tipo__descricao": "Indica\u00e7\u00e3o", "autoria": "MOISES ROCHA", "texto_original": "http://sapl.engenheiropaulodefrontin.rj.leg.br/media/sapl/public/materialegislativa/2025/1577/ind56-25.pdf", "ementa": "\"Coloca\u00e7\u00e3o de bra\u00e7os de luz na rua Nicacio Alves Baldez, no bairro Matadouro.\""}, {"id": "1494", "ano": "2025", "numero": "57", "tipo__sigla": "IND", "tipo__descricao": "Indica\u00e7\u00e3o", "autoria": "GABRIEL LOUREN\u00c7O", "texto_original": "http://sapl.engenheiropaulodefrontin.rj.leg.br/media/sapl/public/materialegislativa/2025/1494/ind057-25.pdf", "ementa": "\"Manuten\u00e7\u00e3o e adequa\u00e7\u00e3o das seguintes unidades escolares: Cecilio Barbosa da Paix\u00e3o (CIEP289), Carlos Gram\u00e1tico (Aguada), Aurora Mauricio (Grama), Creche Ant\u00f4nio Mauricio e Col\u00e9gio Joaquim Mendes (Morro Azul).\""}, {"id": "1495", "ano": "2025", "numero": "58", "tipo__sigla": "IND", "tipo__descricao": "Indica\u00e7\u00e3o", "autoria": "GABRIEL LOUREN\u00c7O", "texto_original": "http://sapl.engenheiropaulodefrontin.rj.leg.br/media/sapl/public/materialegislativa/2025/1495/ind058-25.pdf", "ementa": "\"Necessidade de publicar em suas redes oficiais todos os n\u00fameros de contato de utilidade p\u00fablica e de todas as secretarias do munic\u00edpio de Engenheiro Paulo de Frontin.\""}, {"id": "1496", "ano": "2025", "numero": "59", "tipo__sigla": "IND", "tipo__descricao": "Indica\u00e7\u00e3o", "autoria": "GABRIEL LOUREN\u00c7O", "texto_original": "http://sapl.engenheiropaulodefrontin.rj.leg.br/media/sapl/public/materialegislativa/2025/1496/ind059-25.pdf", "ementa": "\"Venho por meio desta indica\u00e7\u00e3o visar a necessidade de realiza\u00e7\u00f5es no Bairro Santo Ant\u00f4nio, especificamente na Rua S\u00e3o Pedro.\""}, {"id": "1497", "ano": "2025", "numero": "60", "tipo__sigla": "IND", "tipo__descricao": "Indica\u00e7\u00e3o", "autoria": "GABRIEL LOUREN\u00c7O", "texto_original": "http://sapl.engenheiropaulodefrontin.rj.leg.br/media/sapl/public/materialegislativa/2025/1497/ind060-25.pdf", "ementa": "\"Inclus\u00e3o do bairro Santo Ant\u00f4nio (Buraco Quente) na rota do transporte escolar do munic\u00edpio de Engenheiro Paulo de Frontin.\""}, {"id": "1578", "ano": "2025", "numero": "61", "tipo__sigla": "IND", "tipo__descricao": "Indica\u00e7\u00e3o", "autoria": "ROSANGELA PASSOS, SANDRA GIL", "texto_original": "http://sapl.engenheiropaulodefrontin.rj.leg.br/media/sapl/public/materialegislativa/2025/1578/ind61-25.pdf", "ementa": "\"Solicita ao Excelent\u00edssimo Prefeito Municipal, A Troca da Limpada Queimada - do poste localizado na Rua Jose Louren\u00e7o, em frente ao material de constru\u00e7\u00e3o do Marcelo - no Bairro Matadouro.\""}, {"id": "1579", "ano": "2025", "numero": "62", "tipo__sigla": "IND", "tipo__descricao": "Indica\u00e7\u00e3o", "autoria": "ROSANGELA PASSOS, SANDRA GIL", "texto_original": "http://sapl.engenheiropaulodefrontin.rj.leg.br/media/sapl/public/materialegislativa/2025/1579/ind62-25.pdf", "ementa": "\"Solicita ao Excelent\u00edssimo Prefeito Municipal, A Troca da Limpada Queimada - do poste localizado na Rua Santa Izabel, n\u00b0596 - Bairro Morro Azul.\""}, {"id": "1580", "ano": "2025", "numero": "63", "tipo__sigla": "IND", "tipo__descricao": "Indica\u00e7\u00e3o", "autoria": "ROSANGELA PASSOS, SANDRA GIL", "texto_original": "http://sapl.engenheiropaulodefrontin.rj.leg.br/media/sapl/public/materialegislativa/2025/1580/ind63-25.pdf", "ementa": "\"Solicita ao Excelent\u00edssimo Prefeito Municipal, a coloca\u00e7\u00e3o da Tampa de Bueiro que encontra-se aberto, na Estrada do Ferreiros, em frente ao n\u00b0125 - Morro Azul.\""}, {"id": "1581", "ano": "2025", "numero": "64", "tipo__sigla": "IND", "tipo__descricao": "Indica\u00e7\u00e3o", "autoria": "ROSANGELA PASSOS, SANDRA GIL", "texto_original": "http://sapl.engenheiropaulodefrontin.rj.leg.br/media/sapl/public/materialegislativa/2025/1581/ind64-25.pdf", "ementa": "\"Solicita ao Excelent\u00edssimo Prefeito Municipal, a Reforma - Manuten\u00e7\u00e3o e/ou a Troca dos Brinquedos Infantis, localizado no Centro do Bairro de Morro Azul em frente ao Hotel.\""}, {"id": "1582", "ano": "2025", "numero": "65", "tipo__sigla": "IND", "tipo__descricao": "Indica\u00e7\u00e3o", "autoria": "VINICIUS NORA", "texto_original": "http://sapl.engenheiropaulodefrontin.rj.leg.br/media/sapl/public/materialegislativa/2025/1582/ind65-25_vinicius.pdf", "ementa": "\"Manuten\u00e7\u00e3o de toda a ilumina\u00e7\u00e3o p\u00fablica da Luciano Medeiros.\""}, {"id": "1583", "ano": "2025", "numero": "66", "tipo__sigla": "IND", "tipo__descricao": "Indica\u00e7\u00e3o", "autoria": "VINICIUS NORA", "texto_original": "http://sapl.engenheiropaulodefrontin.rj.leg.br/media/sapl/public/materialegislativa/2025/1583/ind66-25_vinicius.pdf", "ementa": "\"Interdi\u00e7\u00e3o IMEDIATA do Deck de madeira do Lago Azul e revitaliza\u00e7\u00e3o do mesmo.\""}, {"id": "1584", "ano": "2025", "numero": "67", "tipo__sigla": "IND", "tipo__descricao": "Indica\u00e7\u00e3o", "autoria": "VINICIUS NORA", "texto_original": "http://sapl.engenheiropaulodefrontin.rj.leg.br/media/sapl/public/materialegislativa/2025/1584/ind67-25_vinicius.pdf", "ementa": "\"Manuten\u00e7\u00e3o ilumina\u00e7\u00e3o p\u00fablica da rua Ary Teixeira de Oliveira.\""}, {"id": "1585", "ano": "2025", "numero": "68", "tipo__sigla": "IND", "tipo__descricao": "Indica\u00e7\u00e3o", "autoria": "VINICIUS NORA", "texto_original": "http://sapl.engenheiropaulodefrontin.rj.leg.br/media/sapl/public/materialegislativa/2025/1585/ind68-25_vinicius.pdf", "ementa": "\"Manuten\u00e7\u00e3o/limpeza da galeria do bairro do Matadouro.\""}, {"id": "1586", "ano": "2025", "numero": "69", "tipo__sigla": "IND", "tipo__descricao": "Indica\u00e7\u00e3o", "autoria": "VINICIUS NORA", "texto_original": "http://sapl.engenheiropaulodefrontin.rj.leg.br/media/sapl/public/materialegislativa/2025/1586/ind69-25_vinicius.pdf", "ementa": "\"Manuten\u00e7\u00e3o/limpeza da galeria do beco do mineir\u00e3o.\""}, {"id": "1587", "ano": "2025", "numero": "70", "tipo__sigla": "IND", "tipo__descricao": "Indica\u00e7\u00e3o", "autoria": "VINICIUS NORA", "texto_original": "http://sapl.engenheiropaulodefrontin.rj.leg.br/media/sapl/public/materialegislativa/2025/1587/ind70-25_vinicius.pdf", "ementa": "\"Constru\u00e7\u00e3o de um ponto de \u00f4nibus, ponto final, no Bambulim \u2014 Matadouro. 0 ponto poder\u00e1 ficar no final da Rua Louren\u00e7o.\""}, {"id": "1588", "ano": "2025", "numero": "71", "tipo__sigla": "IND", "tipo__descricao": "Indica\u00e7\u00e3o", "autoria": "VINICIUS NORA", "texto_original": "http://sapl.engenheiropaulodefrontin.rj.leg.br/media/sapl/public/materialegislativa/2025/1588/ind71-25_vinicius.pdf", "ementa": "\"Interdi\u00e7\u00e3o imediata dos brinquedos da pra\u00e7a da barreira, at\u00e9 a revitaliza\u00e7\u00e3o dos mesmos.\""}, {"id": "1671", "ano": "2025", "numero": "72", "tipo__sigla": "IND", "tipo__descricao": "Indica\u00e7\u00e3o", "autoria": "GABRIEL LOUREN\u00c7O, SANDRO FERREIRA (Deca)", "texto_original": "http://sapl.engenheiropaulodefrontin.rj.leg.br/media/sapl/public/materialegislativa/2025/1671/ind072-25.pdf", "ementa": "\"Inclus\u00e3o no Subposto de Sa\u00fade do Bairro Palmeira da Serra, dos seguintes atendimentos: psic\u00f3logo, massoterapeuta, agente de sa\u00fade e atendimento da equipe do NASF (N\u00facleo Ampliado de sa\u00fade da fam\u00edlia).\""}, {"id": "1657", "ano": "2025", "numero": "73", "tipo__sigla": "IND", "tipo__descricao": "Indica\u00e7\u00e3o", "autoria": "GABRIEL LOUREN\u00c7O", "texto_original": "http://sapl.engenheiropaulodefrontin.rj.leg.br/media/sapl/public/materialegislativa/2025/1657/ind73-25.pdf", "ementa": "\" Instala\u00e7\u00e3o de aparelhos de Ar condicionados e ventiladores no centro de treinamento do Bairro da Aguada\""}, {"id": "1638", "ano": "2025", "numero": "74", "tipo__sigla": "IND", "tipo__descricao": "Indica\u00e7\u00e3o", "autoria": "GABRIEL LOUREN\u00c7O", "texto_original": "http://sapl.engenheiropaulodefrontin.rj.leg.br/media/sapl/public/materialegislativa/2025/1638/ind2025-74.pdf", "ementa": "\"Necessidade de inclus\u00e3o de um veiculo para o transporte de moradores do bairro Palmeira da Serra, no hor\u00e1rio de 18 horas com sa\u00edda da rodovi\u00e1ria municipal.\""}, {"id": "1659", "ano": "2025", "numero": "75", "tipo__sigla": "IND", "tipo__descricao": "Indica\u00e7\u00e3o", "autoria": "MOISES ROCHA", "texto_original": "http://sapl.engenheiropaulodefrontin.rj.leg.br/media/", "ementa": "CANCELADA"}, {"id": "1660", "ano": "2025", "numero": "76", "tipo__sigla": "IND", "tipo__descricao": "Indica\u00e7\u00e3o", "autoria": "GABRIEL LOUREN\u00c7O", "texto_original": "http://sapl.engenheiropaulodefrontin.rj.leg.br/media/sapl/public/materialegislativa/2025/1660/ind76-25_gabriel.pdf", "ementa": "\"Implanta\u00e7\u00e3o de grama sint\u00e9tica, refletores e reforma nos vesti\u00e1rios do campo de futebol de Morro Azul do Tingu\u00e1 - 3\u00b0 Distrito.\""}, {"id": "1661", "ano": "2025", "numero": "77", "tipo__sigla": "IND", "tipo__descricao": "Indica\u00e7\u00e3o", "autoria": "GABRIEL LOUREN\u00c7O", "texto_original": "http://sapl.engenheiropaulodefrontin.rj.leg.br/media/sapl/public/materialegislativa/2025/1661/ind77-25_gabriel.pdf", "ementa": "\"Substitui\u00e7\u00e3o da grama sint\u00e9tica e refletores, al\u00e9m da manuten\u00e7\u00e3o dos vesti\u00e1rios do campo de grama sint\u00e9tica do bairro da Borracha.\""}, {"id": "1662", "ano": "2025", "numero": "78", "tipo__sigla": "IND", "tipo__descricao": "Indica\u00e7\u00e3o", "autoria": "GABRIEL LOUREN\u00c7O, VINICIUS NORA", "texto_original": "http://sapl.engenheiropaulodefrontin.rj.leg.br/media/sapl/public/materialegislativa/2025/1662/ind78-25_gabriel_e_vinicius.pdf", "ementa": "\"Substitui\u00e7\u00e3o da grama sint\u00e9tica e refletores, al\u00e9m da manuten\u00e7\u00e3o dos vesti\u00e1rios do campo de grama sint\u00e9tica do bairro da Graminha.\""}, {"id": "1663", "ano": "2025", "numero": "79", "tipo__sigla": "IND", "tipo__descricao": "Indica\u00e7\u00e3o", "autoria": "VINICIUS NORA", "texto_original": "http://sapl.engenheiropaulodefrontin.rj.leg.br/media/sapl/public/materialegislativa/2025/1663/ind79-25_vinicius.pdf", "ementa": "\"Limpeza da galeria da Rua Elp\u00cddio Jacinto de Carvalho - Grota - Aguada.\""}, {"id": "1664", "ano": "2025", "numero": "80", "tipo__sigla": "IND", "tipo__descricao": "Indica\u00e7\u00e3o", "autoria": "VINICIUS NORA", "texto_original": "http://sapl.engenheiropaulodefrontin.rj.leg.br/media/sapl/public/materialegislativa/2025/1664/ind80-25_vinicius.pdf", "ementa": "\"Melhorias na Travessa que liga o bairro Matadouro a Grota.\""}, {"id": "1665", "ano": "2025", "numero": "81", "tipo__sigla": "IND", "tipo__descricao": "Indica\u00e7\u00e3o", "autoria": "VINICIUS NORA", "texto_original": "http://sapl.engenheiropaulodefrontin.rj.leg.br/media/sapl/public/materialegislativa/2025/1665/ind81-25_vinicius.pdf", "ementa": "\"Recolhimento de entulhos e troca de l\u00e2mpadas na Rua Carlos Gram\u00e1tico (final da rua, pr\u00f3ximo ao bairro Aguada).\""}, {"id": "1666", "ano": "2025", "numero": "82", "tipo__sigla": "IND", "tipo__descricao": "Indica\u00e7\u00e3o", "autoria": "VINICIUS NORA", "texto_original": "http://sapl.engenheiropaulodefrontin.rj.leg.br/media/sapl/public/materialegislativa/2025/1666/ind82-25_vinicius.pdf", "ementa": "\"Revitaliza\u00e7\u00e3o do parquinho do bairro Aguada.\""}, {"id": "1667", "ano": "2025", "numero": "83", "tipo__sigla": "IND", "tipo__descricao": "Indica\u00e7\u00e3o", "autoria": "VINICIUS NORA", "texto_original": "http://sapl.engenheiropaulodefrontin.rj.leg.br/media/sapl/public/materialegislativa/2025/1667/ind83-25_vinicius.pdf", "ementa": "\"Instala\u00e7\u00e3o de um ar condicionado na sala do Detran.\""}, {"id": "1668", "ano": "2025", "numero": "84", "tipo__sigla": "IND", "tipo__descricao": "Indica\u00e7\u00e3o", "autoria": "VINICIUS NORA", "texto_original": "http://sapl.engenheiropaulodefrontin.rj.leg.br/media/sapl/public/materialegislativa/2025/1668/ind84-25_vinicius.pdf", "ementa": "\"Constru\u00e7\u00e3o de um ponto de \u00f4nibus no bairro Santo Ant\u00f4nio.\""}, {"id": "1726", "ano": "2025", "numero": "85", "tipo__sigla": "IND", "tipo__descricao": "Indica\u00e7\u00e3o", "autoria": "VINICIUS NORA", "texto_original": "http://sapl.engenheiropaulodefrontin.rj.leg.br/media/sapl/public/materialegislativa/2025/1726/ind2025-085_0.pdf", "ementa": "\"Solicita que seja realizada a limpeza da Rua S\u00e3o Janu\u00e1rio e Rua Recanto das Abelhas, localizadas no Bairro da Grama\"."}, {"id": "1727", "ano": "2025", "numero": "86", "tipo__sigla": "IND", "tipo__descricao": "Indica\u00e7\u00e3o", "autoria": "VINICIUS NORA", "texto_original": "http://sapl.engenheiropaulodefrontin.rj.leg.br/media/sapl/public/materialegislativa/2025/1727/ind2025-086.pdf", "ementa": "\"Solicita troca dos pneus e manuten\u00e7\u00e3o adequada dos equipamentos e ve\u00edculos pesados que atendem o servi\u00e7o de limpeza urbana do munic\u00edpio\"."}, {"id": "1728", "ano": "2025", "numero": "87", "tipo__sigla": "IND", "tipo__descricao": "Indica\u00e7\u00e3o", "autoria": "VINICIUS NORA", "texto_original": "http://sapl.engenheiropaulodefrontin.rj.leg.br/media/sapl/public/materialegislativa/2025/1728/ind2025-087.pdf", "ementa": "\"Solicita que seja realizada a restaura\u00e7\u00e3o e conten\u00e7\u00e3o da rua nos pontos que cederam na Travessa do Campo e Rua Eduardo Gondin.\""}, {"id": "1672", "ano": "2025", "numero": "88", "tipo__sigla": "IND", "tipo__descricao": "Indica\u00e7\u00e3o", "autoria": "GABRIEL LOUREN\u00c7O", "texto_original": "http://sapl.engenheiropaulodefrontin.rj.leg.br/media/sapl/public/materialegislativa/2025/1672/ind2025-88.pdf", "ementa": "\"Constru\u00e7\u00e3o de redutores de velocidade na Rua Manuel da Silva Neves.\""}, {"id": "1673", "ano": "2025", "numero": "89", "tipo__sigla": "IND", "tipo__descricao": "Indica\u00e7\u00e3o", "autoria": "GABRIEL LOUREN\u00c7O", "texto_original": "http://sapl.engenheiropaulodefrontin.rj.leg.br/media/sapl/public/materialegislativa/2025/1673/ind2025-89.pdf", "ementa": "\"Instala\u00e7\u00e3o de refletores e adequa\u00e7\u00e3o do piso na parte de baixo do estacionamento do Espa\u00e7o Ferrini.\""}, {"id": "1674", "ano": "2025", "numero": "90", "tipo__sigla": "IND", "tipo__descricao": "Indica\u00e7\u00e3o", "autoria": "GABRIEL LOUREN\u00c7O", "texto_original": "http://sapl.engenheiropaulodefrontin.rj.leg.br/media/sapl/public/materialegislativa/2025/1674/ind2025-90.pdf", "ementa": "\"Pavimenta\u00e7\u00e3o e instala\u00e7\u00e3o de bueiros na rua Jos\u00e9 Ant\u00f4nio Soares\r\nno bairro Jardim Novo Rodeio.\""}, {"id": "1675", "ano": "2025", "numero": "91", "tipo__sigla": "IND", "tipo__descricao": "Indica\u00e7\u00e3o", "autoria": "GABRIEL LOUREN\u00c7O", "texto_original": "http://sapl.engenheiropaulodefrontin.rj.leg.br/media/sapl/public/materialegislativa/2025/1675/ind2025-91.pdf", "ementa": "\"Instala\u00e7\u00e3o de ares-condicionados e ventiladores no Posto de Sa\u00fade do Centro, no bairro Jardim Novo Rodeio.\""}, {"id": "1676", "ano": "2025", "numero": "92", "tipo__sigla": "IND", "tipo__descricao": "Indica\u00e7\u00e3o", "autoria": "GABRIEL LOUREN\u00c7O", "texto_original": "http://sapl.engenheiropaulodefrontin.rj.leg.br/media/sapl/public/materialegislativa/2025/1676/ind2025-92_0.pdf", "ementa": "\"Limpeza e manuten\u00e7\u00e3o do Rio no bairro Jardim Novo.\""}, {"id": "1679", "ano": "2025", "numero": "93", "tipo__sigla": "IND", "tipo__descricao": "Indica\u00e7\u00e3o", "autoria": "GABRIEL LOUREN\u00c7O", "texto_original": "http://sapl.engenheiropaulodefrontin.rj.leg.br/media/sapl/public/materialegislativa/2025/1679/ind2025-93.pdf", "ementa": "\"Troca de l\u00e2mpadas queimadas na entrada do bairro Santo Ant\u00f4nio nas imedia\u00e7\u00f5es da rua Jorge Carlos Machado.\""}, {"id": "1681", "ano": "2025", "numero": "94", "tipo__sigla": "IND", "tipo__descricao": "Indica\u00e7\u00e3o", "autoria": "GABRIEL LOUREN\u00c7O", "texto_original": "http://sapl.engenheiropaulodefrontin.rj.leg.br/media/sapl/public/materialegislativa/2025/1681/ind94-25_gabriel.pdf", "ementa": "\"Manuten\u00e7\u00e3o do piso da \u00e1rea do espa\u00e7o Ferrini, pr\u00f3ximo ao 'Sanduba Lanches'.\""}, {"id": "1682", "ano": "2025", "numero": "95", "tipo__sigla": "IND", "tipo__descricao": "Indica\u00e7\u00e3o", "autoria": "GABRIEL LOUREN\u00c7O", "texto_original": "http://sapl.engenheiropaulodefrontin.rj.leg.br/media/sapl/public/materialegislativa/2025/1682/ind2025-95.pdf", "ementa": "\"Muro de conten\u00e7\u00e3o e/ou guard-rail as margens da RJ-129 nas imedia\u00e7\u00f5es do caminho que d\u00e1 acesso ao bairro da Barreira (Altinho).\""}, {"id": "1683", "ano": "2025", "numero": "96", "tipo__sigla": "IND", "tipo__descricao": "Indica\u00e7\u00e3o", "autoria": "GABRIEL LOUREN\u00c7O", "texto_original": "http://sapl.engenheiropaulodefrontin.rj.leg.br/media/sapl/public/materialegislativa/2025/1683/ind2025-96.pdf", "ementa": "\"Necessidade de realizar a poda de uma trepadeira que est\u00e1\r\ncrescendo no fio el\u00e9trico no Parque da Pra\u00e7a Roger Malhardes, bem\r\ncomo a troca das l\u00e2mpadas da ilumina\u00e7\u00e3o da praga.\""}, {"id": "1684", "ano": "2025", "numero": "97", "tipo__sigla": "IND", "tipo__descricao": "Indica\u00e7\u00e3o", "autoria": "SANDRA GIL", "texto_original": "http://sapl.engenheiropaulodefrontin.rj.leg.br/media/sapl/public/materialegislativa/2025/1684/ind97-25_sandra.pdf", "ementa": "\"Instala\u00e7\u00e3o de bebedouros refrigerados nas capelas mortu\u00e1rias de\r\nSacra Fam\u00edlia do Tingu\u00e1 - 2\u00b0 Distrito e Morro Azul do Tingu\u00e1 - 3\u00b0\r\nDistrito.\""}, {"id": "1685", "ano": "2025", "numero": "98", "tipo__sigla": "IND", "tipo__descricao": "Indica\u00e7\u00e3o", "autoria": "SANDRA GIL", "texto_original": "http://sapl.engenheiropaulodefrontin.rj.leg.br/media/sapl/public/materialegislativa/2025/1685/ind98-25_sandra.pdf", "ementa": "\"Instala\u00e7\u00e3o de bebedouro refrigerado no CRAS de Morro Azul do\r\nTingu\u00e1 \u2014  3\u00b0 Distrito.\""}, {"id": "1729", "ano": "2025", "numero": "99", "tipo__sigla": "IND", "tipo__descricao": "Indica\u00e7\u00e3o", "autoria": "VINICIUS NORA", "texto_original": "http://sapl.engenheiropaulodefrontin.rj.leg.br/media/sapl/public/materialegislativa/2025/1729/ind2025-099.pdf", "ementa": "\"Solicita que seja realizada os reparos necess\u00e1rios para conten\u00e7\u00e3o e reparo da Estrada Imperial pr\u00f3ximo ao Sitio Port\u00e3o Vermelho, localizada no Bairro da Graminha\"."}, {"id": "1730", "ano": "2025", "numero": "100", "tipo__sigla": "IND", "tipo__descricao": "Indica\u00e7\u00e3o", "autoria": "VINICIUS NORA", "texto_original": "http://sapl.engenheiropaulodefrontin.rj.leg.br/media/sapl/public/materialegislativa/2025/1730/ind2025-100.pdf", "ementa": "\"Solicita que seja realizada os reparos necess\u00e1rios no ponto de \u00d4nibus localizado na margem da Estrada RJ 129, em frente \u00e0 entrada da Estrada Imperial, localizada no Bairro da Graminha\"."}, {"id": "1731", "ano": "2025", "numero": "101", "tipo__sigla": "IND", "tipo__descricao": "Indica\u00e7\u00e3o", "autoria": "VINICIUS NORA", "texto_original": "http://sapl.engenheiropaulodefrontin.rj.leg.br/media/sapl/public/materialegislativa/2025/1731/ind2025-101.pdf", "ementa": "\"Solicita que seja realizada a troca de l\u00e2mpadas e refor\u00e7o da ilumina\u00e7\u00e3o em toda extens\u00e3o da Estrada Imperial, localizada no bairro da Graminha\"."}, {"id": "1732", "ano": "2025", "numero": "102", "tipo__sigla": "IND", "tipo__descricao": "Indica\u00e7\u00e3o", "autoria": "VINICIUS NORA", "texto_original": "http://sapl.engenheiropaulodefrontin.rj.leg.br/media/sapl/public/materialegislativa/2025/1732/ind2025-102.pdf", "ementa": "\"Solicita que seja realizada a troca de l\u00e2mpadas e refor\u00e7o da ilumina\u00e7\u00e3o em toda extens\u00e3o da Estrada Imperial, localizada no bairro da Graminha\"."}, {"id": "1733", "ano": "2025", "numero": "103", "tipo__sigla": "IND", "tipo__descricao": "Indica\u00e7\u00e3o", "autoria": "VINICIUS NORA", "texto_original": "http://sapl.engenheiropaulodefrontin.rj.leg.br/media/sapl/public/materialegislativa/2025/1733/ind2025-103.pdf", "ementa": "\"Solicita que seja realizada a constru\u00e7\u00e3o de um ponto de \u00f4nibus em frente ao campo do bairro da Graminha\"."}, {"id": "1734", "ano": "2025", "numero": "104", "tipo__sigla": "IND", "tipo__descricao": "Indica\u00e7\u00e3o", "autoria": "VINICIUS NORA", "texto_original": "http://sapl.engenheiropaulodefrontin.rj.leg.br/media/sapl/public/materialegislativa/2025/1734/ind2025-104.pdf", "ementa": "\"Solicita que seja realizada a troca de l\u00e2mpadas e refor\u00e7o da ilumina\u00e7\u00e3o em toda extens\u00e3o da Rua Maria Luiza, localizada no Distrito de Sacra Fam\u00edlia\"."}, {"id": "1735", "ano": "2025", "numero": "105", "tipo__sigla": "IND", "tipo__descricao": "Indica\u00e7\u00e3o", "autoria": "VINICIUS NORA", "texto_original": "http://sapl.engenheiropaulodefrontin.rj.leg.br/media/sapl/public/materialegislativa/2025/1735/ind.105-25.pdf", "ementa": "\"Solicita que seja realizado servi\u00e7os de limpeza, manuten\u00e7\u00e3o, drenagem e desobstru\u00e7\u00e3o do c\u00f3rrego localizado na Rua Maria Luiza, localizada no Distrito de Sacra Fam\u00edlia\"."}, {"id": "1736", "ano": "2025", "numero": "106", "tipo__sigla": "IND", "tipo__descricao": "Indica\u00e7\u00e3o", "autoria": "SANDRO FERREIRA (Deca)", "texto_original": "http://sapl.engenheiropaulodefrontin.rj.leg.br/media/sapl/public/materialegislativa/2025/1736/ind.106-25.pdf", "ementa": "\"Pavimenta\u00e7\u00e3o asf\u00e1ltica nas ruas do bairro de Palmas: Rua Celso Garcia, Rua Pereira da Rocha e Rua Pref. Jauldo Gomes Balthazar.\""}, {"id": "1690", "ano": "2025", "numero": "107", "tipo__sigla": "IND", "tipo__descricao": "Indica\u00e7\u00e3o", "autoria": "GABRIEL LOUREN\u00c7O", "texto_original": "http://sapl.engenheiropaulodefrontin.rj.leg.br/media/sapl/public/materialegislativa/2025/1690/ind107-25.pdf", "ementa": "\"Constru\u00e7\u00e3o de um ponto de \u00f4nibus na 111-129, pr\u00f3ximo \u00e0 travessa Nicassio Alves Baldez\""}, {"id": "1693", "ano": "2025", "numero": "108", "tipo__sigla": "IND", "tipo__descricao": "Indica\u00e7\u00e3o", "autoria": "GABRIEL LOUREN\u00c7O", "texto_original": "http://sapl.engenheiropaulodefrontin.rj.leg.br/media/sapl/public/materialegislativa/2025/1693/ind2025-108.pdf", "ementa": "\"Substitui\u00e7\u00e3o de Lat\u00f5es de Lixo nas Ruas Alfred, Atila Portugal, Arlindo Nunes, Avenida Ant\u00f4nio Mauricio, Rua Vereador Jos\u00e9 Gram\u00e1tico e Vila Oper\u00e1ria.\""}, {"id": "1737", "ano": "2025", "numero": "109", "tipo__sigla": "IND", "tipo__descricao": "Indica\u00e7\u00e3o", "autoria": "GABRIEL LOUREN\u00c7O", "texto_original": "http://sapl.engenheiropaulodefrontin.rj.leg.br/media/sapl/public/materialegislativa/2025/1737/ind2025-109_gl.pdf", "ementa": "\"Limpeza e Desobstru\u00e7\u00e3o do atalho conhecido como \"Barreirinha\" que liga o bairro Time! 11 ao bairro da Ferrovi\u00e1ria.\""}, {"id": "1738", "ano": "2025", "numero": "110", "tipo__sigla": "IND", "tipo__descricao": "Indica\u00e7\u00e3o", "autoria": "VINICIUS NORA", "texto_original": "http://sapl.engenheiropaulodefrontin.rj.leg.br/media/sapl/public/materialegislativa/2025/1738/ind2025-110_vn.pdf", "ementa": "\"Solicita que seja realizada junto ao Minist\u00e9rio da Sa\u00fade, recursos para controlar a dengue.\""}, {"id": "1739", "ano": "2025", "numero": "111", "tipo__sigla": "IND", "tipo__descricao": "Indica\u00e7\u00e3o", "autoria": "GABRIEL LOUREN\u00c7O", "texto_original": "http://sapl.engenheiropaulodefrontin.rj.leg.br/media/sapl/public/materialegislativa/2025/1739/ind2025-111_0.pdf", "ementa": "\"Pavimenta\u00e7\u00e3o asf\u00e1ltica na Avenida Nossa Senhora de F\u00e1tima e Rua Manoel de Almeida, no bairro da Borracha.\""}, {"id": "1740", "ano": "2025", "numero": "112", "tipo__sigla": "IND", "tipo__descricao": "Indica\u00e7\u00e3o", "autoria": "GABRIEL LOUREN\u00c7O", "texto_original": "http://sapl.engenheiropaulodefrontin.rj.leg.br/media/sapl/public/materialegislativa/2025/1740/ind2025-112_0.pdf", "ementa": "\"Pavimenta\u00e7\u00e3o asf\u00e1ltica na Rua Maria Isabel B. Portugal e limpeza urbana no bairro Santa Clara.\""}, {"id": "1741", "ano": "2025", "numero": "113", "tipo__sigla": "IND", "tipo__descricao": "Indica\u00e7\u00e3o", "autoria": "GABRIEL LOUREN\u00c7O", "texto_original": "http://sapl.engenheiropaulodefrontin.rj.leg.br/media/sapl/public/materialegislativa/2025/1741/ind2025-113.pdf", "ementa": "\"Substitui\u00e7\u00e3o de l\u00e2mpadas na pra\u00e7a do bairro do Matadouro.\""}, {"id": "1742", "ano": "2025", "numero": "114", "tipo__sigla": "IND", "tipo__descricao": "Indica\u00e7\u00e3o", "autoria": "GABRIEL LOUREN\u00c7O, ROSANGELA PASSOS", "texto_original": "http://sapl.engenheiropaulodefrontin.rj.leg.br/media/sapl/public/materialegislativa/2025/1742/ind.114-25.pdf", "ementa": "\"Substitui\u00e7\u00e3o de lat\u00f5es de lixo na RJ-129, na altura da Travessa Nic\u00e1cio Alves Baldez, no bairro da Aguada.\""}, {"id": "1743", "ano": "2025", "numero": "115", "tipo__sigla": "IND", "tipo__descricao": "Indica\u00e7\u00e3o", "autoria": "GABRIEL LOUREN\u00c7O", "texto_original": "http://sapl.engenheiropaulodefrontin.rj.leg.br/media/sapl/public/materialegislativa/2025/1743/ind2025-115.pdf", "ementa": "\"Substitui\u00e7\u00f5es de l\u00e2mpadas no Bairro da 14, especificamente na rua Ant\u00f4nio Vicente Calixto.\""}, {"id": "1744", "ano": "2025", "numero": "116", "tipo__sigla": "IND", "tipo__descricao": "Indica\u00e7\u00e3o", "autoria": "GABRIEL LOUREN\u00c7O", "texto_original": "http://sapl.engenheiropaulodefrontin.rj.leg.br/media/sapl/public/materialegislativa/2025/1744/ind2025-116.pdf", "ementa": "\"Troca de l\u00e2mpadas queimadas no bairro T\u00fanel 12.\""}, {"id": "1745", "ano": "2025", "numero": "117", "tipo__sigla": "IND", "tipo__descricao": "Indica\u00e7\u00e3o", "autoria": "GABRIEL LOUREN\u00c7O", "texto_original": "http://sapl.engenheiropaulodefrontin.rj.leg.br/media/sapl/public/materialegislativa/2025/1745/ind2025-117.pdf", "ementa": "\"Limpeza Urbana e Ro\u00e7agem no Bairro T\u00fanel 12.\""}, {"id": "1746", "ano": "2025", "numero": "118", "tipo__sigla": "IND", "tipo__descricao": "Indica\u00e7\u00e3o", "autoria": "GABRIEL LOUREN\u00c7O", "texto_original": "http://sapl.engenheiropaulodefrontin.rj.leg.br/media/sapl/public/materialegislativa/2025/1746/ind2025-118.pdf", "ementa": "\"Pavimenta\u00e7\u00e3o Asf\u00e1ltica na Rua Maria da Gl\u00f3ria Ferreira no Bairro T\u00fanel 12.\""}, {"id": "1747", "ano": "2025", "numero": "119", "tipo__sigla": "IND", "tipo__descricao": "Indica\u00e7\u00e3o", "autoria": "GABRIEL LOUREN\u00c7O", "texto_original": "http://sapl.engenheiropaulodefrontin.rj.leg.br/media/sapl/public/materialegislativa/2025/1747/ind2025-119.pdf", "ementa": "\"Substitui\u00e7\u00e3o de Lat\u00f5es e Suportes de Lixo no Bairro T\u00fanel 12.\""}, {"id": "1759", "ano": "2025", "numero": "120", "tipo__sigla": "IND", "tipo__descricao": "Indica\u00e7\u00e3o", "autoria": "GABRIEL LOUREN\u00c7O", "texto_original": "http://sapl.engenheiropaulodefrontin.rj.leg.br/media/sapl/public/materialegislativa/2025/1759/ind120-25.pdf", "ementa": "\"Manuten\u00e7\u00e3o da Unidade B\u00e1sica de Sa\u00fade do Bairro da Aguada.\""}, {"id": "1772", "ano": "2025", "numero": "121", "tipo__sigla": "IND", "tipo__descricao": "Indica\u00e7\u00e3o", "autoria": "GABRIEL LOUREN\u00c7O", "texto_original": "http://sapl.engenheiropaulodefrontin.rj.leg.br/media/sapl/public/materialegislativa/2025/1772/ind2025-121.pdf", "ementa": "Manuten\u00e7\u00e3o e adequa\u00e7\u00e3o da Unidade B\u00e1sica de Sa\u00fade de Sacra Fam\u00edlia do Tingu\u00e1 \u2014 2\u00b0 Distrito"}, {"id": "1773", "ano": "2025", "numero": "122", "tipo__sigla": "IND", "tipo__descricao": "Indica\u00e7\u00e3o", "autoria": "GABRIEL LOUREN\u00c7O", "texto_original": "http://sapl.engenheiropaulodefrontin.rj.leg.br/media/sapl/public/materialegislativa/2025/1773/ind2025-122.pdf", "ementa": "\"Substitui\u00e7\u00f5es de lat\u00f5es de lixo e limpeza da rua Ant\u00f4nio Justin, bairro Morro do Sossego.\""}, {"id": "1774", "ano": "2025", "numero": "123", "tipo__sigla": "IND", "tipo__descricao": "Indica\u00e7\u00e3o", "autoria": "GABRIEL LOUREN\u00c7O", "texto_original": "http://sapl.engenheiropaulodefrontin.rj.leg.br/media/sapl/public/materialegislativa/2025/1774/ind2025-123.pdf", "ementa": "\"Necessidade de remo\u00e7\u00e3o de uma barreira localizada na Travessa Nic\u00e1cio Alves Baldez, no bairro da Aguada\"."}, {"id": "1775", "ano": "2025", "numero": "124", "tipo__sigla": "IND", "tipo__descricao": "Indica\u00e7\u00e3o", "autoria": "GABRIEL LOUREN\u00c7O", "texto_original": "http://sapl.engenheiropaulodefrontin.rj.leg.br/media/sapl/public/materialegislativa/2025/1775/ind2025-124.pdf", "ementa": "\"Pavimenta\u00e7\u00e3o asf\u00e1ltica Pavimenta\u00e7\u00e3o asf\u00e1ltica e troca de l\u00e2mpadas queimadas na Rua B, no Morro da Diva, no distrito de Morro Azul no 3\u00b0 Distrito.\""}, {"id": "1776", "ano": "2025", "numero": "125", "tipo__sigla": "IND", "tipo__descricao": "Indica\u00e7\u00e3o", "autoria": "GABRIEL LOUREN\u00c7O", "texto_original": "http://sapl.engenheiropaulodefrontin.rj.leg.br/media/sapl/public/materialegislativa/2025/1776/ind2025-125.pdf", "ementa": "\"Necessidade de remo\u00e7\u00e3o de carros velhos e limpeza na Rua Jo\u00e3o Janu\u00e1rio, no bairro Tamiro.\""}, {"id": "1777", "ano": "2025", "numero": "126", "tipo__sigla": "IND", "tipo__descricao": "Indica\u00e7\u00e3o", "autoria": "GABRIEL LOUREN\u00c7O, VINICIUS NORA", "texto_original": "http://sapl.engenheiropaulodefrontin.rj.leg.br/media/sapl/public/materialegislativa/2025/1777/ind2025-126.pdf", "ementa": "\"Instala\u00e7\u00e3o de redutores de velocidade na Rua S\u00e3o Jo\u00e3o Batista, no bairro Santo Ant\u00f4nio.\""}, {"id": "1778", "ano": "2025", "numero": "127", "tipo__sigla": "IND", "tipo__descricao": "Indica\u00e7\u00e3o", "autoria": "VINICIUS NORA", "texto_original": "http://sapl.engenheiropaulodefrontin.rj.leg.br/media/sapl/public/materialegislativa/2025/1778/ind2025-127.pdf", "ementa": "\"Solicita que seja realizada instala\u00e7\u00e3o de lombada ou quebra-molas na Rua S\u00e3o Pedro localizada no Bairro Santo Ant\u00f4nio.\""}, {"id": "1779", "ano": "2025", "numero": "128", "tipo__sigla": "IND", "tipo__descricao": "Indica\u00e7\u00e3o", "autoria": "VINICIUS NORA", "texto_original": "http://sapl.engenheiropaulodefrontin.rj.leg.br/media/sapl/public/materialegislativa/2025/1779/ind2025-128.pdf", "ementa": "\"Solicita que seja realizada a substitui\u00e7\u00e3o dos tambores de lixo na Estrada do Lago Azul.\""}, {"id": "1780", "ano": "2025", "numero": "129", "tipo__sigla": "IND", "tipo__descricao": "Indica\u00e7\u00e3o", "autoria": "VINICIUS NORA, GABRIEL LOUREN\u00c7O", "texto_original": "http://sapl.engenheiropaulodefrontin.rj.leg.br/media/sapl/public/materialegislativa/2025/1780/ind2025-129.pdf", "ementa": "\"Solicita que seja realizada instala\u00e7\u00e3o de placas de sinaliza\u00e7\u00e3o no Bairro Santo Ant\u00f4nio.\""}, {"id": "1781", "ano": "2025", "numero": "130", "tipo__sigla": "IND", "tipo__descricao": "Indica\u00e7\u00e3o", "autoria": "VINICIUS NORA", "texto_original": "http://sapl.engenheiropaulodefrontin.rj.leg.br/media/sapl/public/materialegislativa/2025/1781/ind2025-130.pdf", "ementa": "\"Solicita que seja realizada em CAR\u00c1TER DE URG\u00caNCIA a substitui\u00e7\u00e3o da geladeira de armazenamento de vacinas da USF do Ramalho.\""}, {"id": "1782", "ano": "2025", "numero": "131", "tipo__sigla": "IND", "tipo__descricao": "Indica\u00e7\u00e3o", "autoria": "VINICIUS NORA", "texto_original": "http://sapl.engenheiropaulodefrontin.rj.leg.br/media/sapl/public/materialegislativa/2025/1782/ind2025-131.pdf", "ementa": "\"Solicita que seja realizada a instala\u00e7\u00e3o de tambores de lixo na rua Irineu Vicente de Souza, no bairro Matadouro.\""}, {"id": "1783", "ano": "2025", "numero": "132", "tipo__sigla": "IND", "tipo__descricao": "Indica\u00e7\u00e3o", "autoria": "VINICIUS NORA", "texto_original": "http://sapl.engenheiropaulodefrontin.rj.leg.br/media/sapl/public/materialegislativa/2025/1783/ind2025-132.pdf", "ementa": "\"Solicita a imediata adequa\u00e7\u00e3o do repartimento de g\u00e1s da Escola Municipal Hilka Pe\u00e7anha - Localizada na Graminha.\""}, {"id": "1784", "ano": "2025", "numero": "133", "tipo__sigla": "IND", "tipo__descricao": "Indica\u00e7\u00e3o", "autoria": "VINICIUS NORA", "texto_original": "http://sapl.engenheiropaulodefrontin.rj.leg.br/media/sapl/public/materialegislativa/2025/1784/ind2025-133.pdf", "ementa": "\"Solicita a pintura e revitaliza\u00e7\u00e3o na Escola Municipal Hilka Pe\u00e7anha - Localizada na Graminha.\""}, {"id": "1785", "ano": "2025", "numero": "134", "tipo__sigla": "IND", "tipo__descricao": "Indica\u00e7\u00e3o", "autoria": "VINICIUS NORA", "texto_original": "http://sapl.engenheiropaulodefrontin.rj.leg.br/media/sapl/public/materialegislativa/2025/1785/ind2025-134.pdf", "ementa": "\"Solicita o envio de material pedag\u00f3gico para o ano letivo na Escola Municipal Hilka Pe\u00e7anha - Localizada na Graminha.\""}, {"id": "1786", "ano": "2025", "numero": "135", "tipo__sigla": "IND", "tipo__descricao": "Indica\u00e7\u00e3o", "autoria": "VINICIUS NORA", "texto_original": "http://sapl.engenheiropaulodefrontin.rj.leg.br/media/sapl/public/materialegislativa/2025/1786/ind2025-135.pdf", "ementa": "\"Solicita a imediata contrata\u00e7\u00e3o de professores para completar o quadro da Escola Municipal Hilka Pe\u00e7anha - Localizada na Graminha.\""}, {"id": "1787", "ano": "2025", "numero": "136", "tipo__sigla": "IND", "tipo__descricao": "Indica\u00e7\u00e3o", "autoria": "VINICIUS NORA", "texto_original": "http://sapl.engenheiropaulodefrontin.rj.leg.br/media/sapl/public/materialegislativa/2025/1787/ind2025-136.pdf", "ementa": "\"Solicita a imediata troca da geladeira da Escola Municipal Hilka Pe\u00e7anha - localizada na Graminha.\""}, {"id": "1951", "ano": "2025", "numero": "137", "tipo__sigla": "IND", "tipo__descricao": "Indica\u00e7\u00e3o", "autoria": "GABRIEL LOUREN\u00c7O", "texto_original": "http://sapl.engenheiropaulodefrontin.rj.leg.br/media/sapl/public/materialegislativa/2025/1951/ind2025-137_01.pdf", "ementa": "\"Limpeza urbana na Avenida Ant\u00f4nio Mauricio, na altura da antiga perfumaria.\""}, {"id": "1952", "ano": "2025", "numero": "138", "tipo__sigla": "IND", "tipo__descricao": "Indica\u00e7\u00e3o", "autoria": "GABRIEL LOUREN\u00c7O", "texto_original": "http://sapl.engenheiropaulodefrontin.rj.leg.br/media/sapl/public/materialegislativa/2025/1952/ind2025-138.pdf", "ementa": "\"Limpeza urbana na Rua Eduardo Gondim, no Bairro Gondim.\""}, {"id": "1953", "ano": "2025", "numero": "139", "tipo__sigla": "IND", "tipo__descricao": "Indica\u00e7\u00e3o", "autoria": "GABRIEL LOUREN\u00c7O", "texto_original": "http://sapl.engenheiropaulodefrontin.rj.leg.br/media/sapl/public/materialegislativa/2025/1953/ind2025-139.pdf", "ementa": "\"Limpeza do rio conhecido popularmente como \"Rio dos Macacos\", localizado atr\u00e1s do campo da Ferrovi\u00e1ria, na RJ-127.\""}, {"id": "1993", "ano": "2025", "numero": "142", "tipo__sigla": "IND", "tipo__descricao": "Indica\u00e7\u00e3o", "autoria": "GABRIEL LOUREN\u00c7O", "texto_original": "http://sapl.engenheiropaulodefrontin.rj.leg.br/media/sapl/public/materialegislativa/2025/1993/ind2025-042.pdf", "ementa": "\"Realiza\u00e7\u00e3o da poda de galhos na Rua Manoel da Silva Neves, altura da entrada do T\u00fanel 11.\""}, {"id": "1995", "ano": "2025", "numero": "143", "tipo__sigla": "IND", "tipo__descricao": "Indica\u00e7\u00e3o", "autoria": "VINICIUS NORA", "texto_original": "http://sapl.engenheiropaulodefrontin.rj.leg.br/media/sapl/public/materialegislativa/2025/1995/ind2025-143_0.pdf", "ementa": "\"Indica a eleva\u00e7\u00e3o da fia\u00e7\u00e3o el\u00e9trica no entorno do Lago Azul, uma vez que a mesma se encontra baixa, representando um risco seguran\u00e7a dos moradores e frequentadores da regi\u00e3o\"."}, {"id": "1996", "ano": "2025", "numero": "144", "tipo__sigla": "IND", "tipo__descricao": "Indica\u00e7\u00e3o", "autoria": "VINICIUS NORA", "texto_original": "http://sapl.engenheiropaulodefrontin.rj.leg.br/media/sapl/public/materialegislativa/2025/1996/ind2025-144.pdf", "ementa": "\"Solicitar medidas imediatas na ponte do Camargo, de sinaliza\u00e7\u00e3o e interdi\u00e7\u00e3o e que seja feita reestrutura\u00e7\u00e3o da mesma\"."}, {"id": "1997", "ano": "2025", "numero": "145", "tipo__sigla": "IND", "tipo__descricao": "Indica\u00e7\u00e3o", "autoria": "VINICIUS NORA", "texto_original": "http://sapl.engenheiropaulodefrontin.rj.leg.br/media/sapl/public/materialegislativa/2025/1997/ind2025-145.pdf", "ementa": "\"A remo\u00e7\u00e3o imediata das latarias de ve\u00edculos abandonadas na Rua Jo\u00e3o Janu\u00e1rio, no bairro da Grama.\""}, {"id": "1998", "ano": "2025", "numero": "146", "tipo__sigla": "IND", "tipo__descricao": "Indica\u00e7\u00e3o", "autoria": "VINICIUS NORA", "texto_original": "http://sapl.engenheiropaulodefrontin.rj.leg.br/media/sapl/public/materialegislativa/2025/1998/ind2025-146.pdf", "ementa": "\"A instala\u00e7\u00e3o de dois quebra-molas na RJ-129, pr\u00f3ximo \u00e0 Santa F\u00e9.\""}, {"id": "1999", "ano": "2025", "numero": "147", "tipo__sigla": "IND", "tipo__descricao": "Indica\u00e7\u00e3o", "autoria": "VINICIUS NORA", "texto_original": "http://sapl.engenheiropaulodefrontin.rj.leg.br/media/sapl/public/materialegislativa/2025/1999/ind2025-147.pdf", "ementa": "\"Instala\u00e7\u00e3o imediata de placas de sinaliza\u00e7\u00e3o na RJ-129, pr\u00f3ximo entrada de Santa F\u00e9, especificamente na curva em frente \u00e0 Fazenda Todos os Santos."}, {"id": "2000", "ano": "2025", "numero": "149", "tipo__sigla": "IND", "tipo__descricao": "Indica\u00e7\u00e3o", "autoria": "GABRIEL LOUREN\u00c7O", "texto_original": "http://sapl.engenheiropaulodefrontin.rj.leg.br/media/sapl/public/materialegislativa/2025/2000/ind2025-149_0.pdf", "ementa": "\"Poda de Arvores na Estrada do Lago Azul na altura do n\u00famero 137\"."}, {"id": "2001", "ano": "2025", "numero": "150", "tipo__sigla": "IND", "tipo__descricao": "Indica\u00e7\u00e3o", "autoria": "GABRIEL LOUREN\u00c7O", "texto_original": "http://sapl.engenheiropaulodefrontin.rj.leg.br/media/sapl/public/materialegislativa/2025/2001/ind2025-150.pdf", "ementa": "\"Poda de Arvores na Estrada do Lago Azul na altura do n\u00famero 137\"."}, {"id": "2002", "ano": "2025", "numero": "151", "tipo__sigla": "IND", "tipo__descricao": "Indica\u00e7\u00e3o", "autoria": "GABRIEL LOUREN\u00c7O", "texto_original": "http://sapl.engenheiropaulodefrontin.rj.leg.br/media/sapl/public/materialegislativa/2025/2002/ind2025-151.pdf", "ementa": "\"Substitui\u00e7\u00e3o de Brinquedos, Mesas e Bancos que se encontram em mau estado na Pra\u00e7a do Matadouro.\""}, {"id": "2011", "ano": "2025", "numero": "152", "tipo__sigla": "IND", "tipo__descricao": "Indica\u00e7\u00e3o", "autoria": "VINICIUS NORA", "texto_original": "http://sapl.engenheiropaulodefrontin.rj.leg.br/media/sapl/public/materialegislativa/2025/2011/ind2025-152.pdf", "ementa": "Recursos para aquisi\u00e7\u00e3o de m\u00e1quinas pesadas para atuar no setor de Obras e Agricultura do Munic\u00edpio, em vista do que \u00e9 necess\u00e1rio para o nosso Munic\u00edpio"}, {"id": "2012", "ano": "2025", "numero": "153", "tipo__sigla": "IND", "tipo__descricao": "Indica\u00e7\u00e3o", "autoria": "GABRIEL LOUREN\u00c7O", "texto_original": "http://sapl.engenheiropaulodefrontin.rj.leg.br/media/sapl/public/materialegislativa/2025/2012/ind2025-153.pdf", "ementa": "Reforma do campo de futebol de Sacra Fam\u00edlia do Tingu\u00e1, incluindo\r\ninstala\u00e7\u00e3o de grama sint\u00e9tica refletores e manuten\u00e7\u00e3o dos vesti\u00e1rios"}, {"id": "2013", "ano": "2025", "numero": "154", "tipo__sigla": "IND", "tipo__descricao": "Indica\u00e7\u00e3o", "autoria": "GABRIEL LOUREN\u00c7O", "texto_original": "http://sapl.engenheiropaulodefrontin.rj.leg.br/media/sapl/public/materialegislativa/2025/2013/ind2025-154.pdf", "ementa": "\"Limpeza e manuten\u00e7\u00e3o da pra\u00e7a do bairro do Gondin"}, {"id": "2014", "ano": "2025", "numero": "155", "tipo__sigla": "IND", "tipo__descricao": "Indica\u00e7\u00e3o", "autoria": "GABRIEL LOUREN\u00c7O", "texto_original": "http://sapl.engenheiropaulodefrontin.rj.leg.br/media/sapl/public/materialegislativa/2025/2014/ind2025-155.pdf", "ementa": "\"Limpeza e manuten\u00e7\u00e3o da quadra poliesportiva do bairro do Gondin"}, {"id": "2039", "ano": "2025", "numero": "156", "tipo__sigla": "IND", "tipo__descricao": "Indica\u00e7\u00e3o", "autoria": "SANDRO FERREIRA (Deca)", "texto_original": "http://sapl.engenheiropaulodefrontin.rj.leg.br/media/sapl/public/materialegislativa/2025/2039/ind2025-156.pdf", "ementa": "\"Solicita for\u00e7a tarefa da Secretaria de Sa\u00fade no bairro Palmeiras da Serra\""}, {"id": "2040", "ano": "2025", "numero": "157", "tipo__sigla": "IND", "tipo__descricao": "Indica\u00e7\u00e3o", "autoria": "GABRIEL LOUREN\u00c7O", "texto_original": "http://sapl.engenheiropaulodefrontin.rj.leg.br/media/sapl/public/materialegislativa/2025/2040/ind2025-157.pdf", "ementa": "\"Poda das \u00e1rvores e galhos que est\u00e3o na fia\u00e7\u00e3o da Avenida Ant\u00f4nio Mauricio, da igreja universal at\u00e9 a cachoeira da Barreira.\""}, {"id": "2041", "ano": "2025", "numero": "158", "tipo__sigla": "IND", "tipo__descricao": "Indica\u00e7\u00e3o", "autoria": "GABRIEL LOUREN\u00c7O", "texto_original": "http://sapl.engenheiropaulodefrontin.rj.leg.br/media/sapl/public/materialegislativa/2025/2041/ind2025-158.pdf", "ementa": "\"Poda das \u00e1rvores e galhos que est\u00e3o na fia\u00e7\u00e3o da Rua Rita, no bairro time! 11, da entrada do bairro at\u00e9 no manobrador.\""}, {"id": "2042", "ano": "2025", "numero": "159", "tipo__sigla": "IND", "tipo__descricao": "Indica\u00e7\u00e3o", "autoria": "GABRIEL LOUREN\u00c7O, SANDRA GIL", "texto_original": "http://sapl.engenheiropaulodefrontin.rj.leg.br/media/sapl/public/materialegislativa/2025/2042/ind2025-159.pdf", "ementa": "\"Desobstru\u00e7\u00e3o de canaletas e bueiros na Rua Manoel Dias Carvalho em Morro Azul do Tingu\u00e1\""}, {"id": "2043", "ano": "2025", "numero": "160", "tipo__sigla": "IND", "tipo__descricao": "Indica\u00e7\u00e3o", "autoria": "GABRIEL LOUREN\u00c7O, SANDRA GIL", "texto_original": "http://sapl.engenheiropaulodefrontin.rj.leg.br/media/sapl/public/materialegislativa/2025/2043/ind2025-160.pdf", "ementa": "\"Pavimenta\u00e7\u00e3o nas ruas A no Morro da Diva em Morro Azul.\""}, {"id": "2044", "ano": "2025", "numero": "161", "tipo__sigla": "IND", "tipo__descricao": "Indica\u00e7\u00e3o", "autoria": "GABRIEL LOUREN\u00c7O, SANDRA GIL", "texto_original": "http://sapl.engenheiropaulodefrontin.rj.leg.br/media/sapl/public/materialegislativa/2025/2044/ind2025-161.pdf", "ementa": "\"Melhorias na unidade b\u00e1sica de Sa\u00fade em Morro Azul.\""}, {"id": "2045", "ano": "2025", "numero": "162", "tipo__sigla": "IND", "tipo__descricao": "Indica\u00e7\u00e3o", "autoria": "GABRIEL LOUREN\u00c7O, SANDRA GIL", "texto_original": "http://sapl.engenheiropaulodefrontin.rj.leg.br/media/sapl/public/materialegislativa/2025/2045/ind2025-162.pdf", "ementa": "\"Pavimenta\u00e7\u00e3o e limpeza urbana na rua Maria da Gl\u00f3ria Ferreira Tavares em Morro Azul."}, {"id": "2046", "ano": "2025", "numero": "163", "tipo__sigla": "IND", "tipo__descricao": "Indica\u00e7\u00e3o", "autoria": "GABRIEL LOUREN\u00c7O, SANDRA GIL", "texto_original": "http://sapl.engenheiropaulodefrontin.rj.leg.br/media/sapl/public/materialegislativa/2025/2046/ind2025-163.pdf", "ementa": "\"Instala\u00e7\u00e3o de aparelhos de ar condicionado nas salas que est\u00e3o sem os mesmos no Centro Municipal de Fisioterapia e Reabilita\u00e7\u00e3o em Morro Azul.\""}, {"id": "2047", "ano": "2025", "numero": "164", "tipo__sigla": "IND", "tipo__descricao": "Indica\u00e7\u00e3o", "autoria": "ROSANGELA PASSOS", "texto_original": "http://sapl.engenheiropaulodefrontin.rj.leg.br/media/sapl/public/materialegislativa/2025/2047/ind2025-164.pdf", "ementa": "Solicita ao Excelent\u00edssimo Prefeito Municipal, a finaliza\u00e7\u00e3o da Obra de reparo do esgoto sanit\u00e1rio, com a coloca\u00e7\u00e3o de manilhas, localizado na Rua das Hort\u00eansias - Sacra Fam\u00edlia"}, {"id": "2048", "ano": "2025", "numero": "165", "tipo__sigla": "IND", "tipo__descricao": "Indica\u00e7\u00e3o", "autoria": "ROSANGELA PASSOS", "texto_original": "http://sapl.engenheiropaulodefrontin.rj.leg.br/media/sapl/public/materialegislativa/2025/2048/ind2025-165.pdf", "ementa": "Solicita ao Excelent\u00edssimo Prefeito Municipal, a coloca\u00e7\u00e3o de Lat\u00f5es de Lixos, para a coleta seletiva, permitindo a reciclagem de materiais como pl\u00e1stico, papel, vidro e metal, na Estrada do Ferreiros, em frente ao n\u00b0821 - Morro Azul"}, {"id": "2218", "ano": "2025", "numero": "166", "tipo__sigla": "IND", "tipo__descricao": "Indica\u00e7\u00e3o", "autoria": "JEFERSON ADRIANO GOMES MOREIRA", "texto_original": "http://sapl.engenheiropaulodefrontin.rj.leg.br/media/sapl/public/materialegislativa/2025/2218/ind_166-2025_jeferson.pdf", "ementa": "\"Coloca\u00e7\u00e3o de l\u00e2mpadas, limpeza e pintura\r\ndo Espa\u00e7o Ferrini.\""}, {"id": "2217", "ano": "2025", "numero": "167", "tipo__sigla": "IND", "tipo__descricao": "Indica\u00e7\u00e3o", "autoria": "JEFERSON ADRIANO GOMES MOREIRA", "texto_original": "http://sapl.engenheiropaulodefrontin.rj.leg.br/media/sapl/public/materialegislativa/2025/2217/ind_167-2025_jeferson.pdf", "ementa": "\"Coloca\u00e7\u00e3o de guard-rail do Espa\u00e7o Ferrini at\u00e9 o Pombal."}, {"id": "2055", "ano": "2025", "numero": "168", "tipo__sigla": "IND", "tipo__descricao": "Indica\u00e7\u00e3o", "autoria": "GABRIEL LOUREN\u00c7O", "texto_original": "http://sapl.engenheiropaulodefrontin.rj.leg.br/media/sapl/public/materialegislativa/2025/2055/ind_no_168-25.pdf", "ementa": "\"Sugere a cria\u00e7\u00e3o de uma estrat\u00e9gia emergencial de limpeza urbana com designa\u00e7\u00e3o de servidores por bairro.\""}, {"id": "2056", "ano": "2025", "numero": "169", "tipo__sigla": "IND", "tipo__descricao": "Indica\u00e7\u00e3o", "autoria": "GABRIEL LOUREN\u00c7O", "texto_original": "http://sapl.engenheiropaulodefrontin.rj.leg.br/media/sapl/public/materialegislativa/2025/2056/indicacao_no169-25_gabriel.pdf", "ementa": "\"Solicita a demarca\u00e7\u00e3o de duas vagas de estacionamento para uso exclusivo do Poder Legislativo Municipal, nas proximidades da C\u00e2mara Municipal\""}, {"id": "2065", "ano": "2025", "numero": "170", "tipo__sigla": "IND", "tipo__descricao": "Indica\u00e7\u00e3o", "autoria": "GABRIEL LOUREN\u00c7O", "texto_original": "http://sapl.engenheiropaulodefrontin.rj.leg.br/media/sapl/public/materialegislativa/2025/2065/ind2025-170.pdf", "ementa": "\"Solicita a realiza\u00e7\u00e3o de opera\u00e7\u00e3o 'Tapa Buraco' na Rua Ol\u00edmpio Nunes no bairro S\u00e3o Louren\u00e7o.\""}, {"id": "2066", "ano": "2025", "numero": "171", "tipo__sigla": "IND", "tipo__descricao": "Indica\u00e7\u00e3o", "autoria": "GABRIEL LOUREN\u00c7O", "texto_original": "http://sapl.engenheiropaulodefrontin.rj.leg.br/media/sapl/public/materialegislativa/2025/2066/ind2025-171.pdf", "ementa": "\"Solicita a realiza\u00e7\u00e3o de limpeza urbana na Rua Ol\u00edmpio Nunes, no bairro S\u00e3o Louren\u00e7o.\""}, {"id": "2067", "ano": "2025", "numero": "172", "tipo__sigla": "IND", "tipo__descricao": "Indica\u00e7\u00e3o", "autoria": "GABRIEL LOUREN\u00c7O", "texto_original": "http://sapl.engenheiropaulodefrontin.rj.leg.br/media/sapl/public/materialegislativa/2025/2067/ind2025-172.pdf", "ementa": "\"Solicita a reforma urgente do banheiro p\u00fablico da rodovi\u00e1ria do Centro da cidade de Engenheiro Paulo de Frontin-RJ.\""}, {"id": "2068", "ano": "2025", "numero": "173", "tipo__sigla": "IND", "tipo__descricao": "Indica\u00e7\u00e3o", "autoria": "GABRIEL LOUREN\u00c7O", "texto_original": "http://sapl.engenheiropaulodefrontin.rj.leg.br/media/sapl/public/materialegislativa/2025/2068/ind2025-173.pdf", "ementa": "\"Sugere a cria\u00e7\u00e3o de espa\u00e7o apropriado para a pr\u00e1tica de manobras com motocicletas e bicicletas 'grau', visando seguran\u00e7a e incentivo ao esporte radical, no antigo campo de Sacra Fam\u00edlia do Tingu\u00e1 - 2\u00b0 Distrito.\""}, {"id": "2078", "ano": "2025", "numero": "174", "tipo__sigla": "IND", "tipo__descricao": "Indica\u00e7\u00e3o", "autoria": "GABRIEL LOUREN\u00c7O", "texto_original": "http://sapl.engenheiropaulodefrontin.rj.leg.br/media/sapl/public/materialegislativa/2025/2078/ind174-25.pdf", "ementa": "\"Indica que sejam adotadas provid\u00eancias necess\u00e1rias para a cria\u00e7\u00e3o do Fundo Municipal do Esporte no \u00e2mbito do Munic\u00edpio de Engenheiro Paulo de Frontin-RJ.\""}, {"id": "2079", "ano": "2025", "numero": "175", "tipo__sigla": "IND", "tipo__descricao": "Indica\u00e7\u00e3o", "autoria": "GABRIEL LOUREN\u00c7O", "texto_original": "http://sapl.engenheiropaulodefrontin.rj.leg.br/media/sapl/public/materialegislativa/2025/2079/ind175-25.pdf", "ementa": "\"Instala\u00e7\u00e3o de placas de identifica\u00e7\u00e3o nos bairros e ruas do munic\u00edpio de Engenheiro Paulo de Frontin-RJ.\""}, {"id": "2080", "ano": "2025", "numero": "176", "tipo__sigla": "IND", "tipo__descricao": "Indica\u00e7\u00e3o", "autoria": "GABRIEL LOUREN\u00c7O", "texto_original": "http://sapl.engenheiropaulodefrontin.rj.leg.br/media/sapl/public/materialegislativa/2025/2080/ind176-25.pdf", "ementa": "\"Provid\u00eancias necess\u00e1rias para a cria\u00e7\u00e3o de uma Secretaria Municipal de Ordem P\u00fablica, ou alternativamente de uma Subsecretaria Municipal de Ordem P\u00fablica, vinculada estrutura administrativa do munic\u00edpio.\""}, {"id": "2081", "ano": "2025", "numero": "177", "tipo__sigla": "IND", "tipo__descricao": "Indica\u00e7\u00e3o", "autoria": "GABRIEL LOUREN\u00c7O", "texto_original": "http://sapl.engenheiropaulodefrontin.rj.leg.br/media/sapl/public/materialegislativa/2025/2081/ind177-25.pdf", "ementa": "\"Provid\u00eancias necess\u00e1rias para que a Prefeitura Municipal celebre parceria com o Centro Recreativo Fluminense \u2014 Mineir\u00e3o, localizado no Centro da cidade.\""}, {"id": "2082", "ano": "2025", "numero": "178", "tipo__sigla": "IND", "tipo__descricao": "Indica\u00e7\u00e3o", "autoria": "GABRIEL LOUREN\u00c7O", "texto_original": "http://sapl.engenheiropaulodefrontin.rj.leg.br/media/sapl/public/materialegislativa/2025/2082/ind178-25.pdf", "ementa": "\"Instala\u00e7\u00e3o de c\u00e2meras de seguran\u00e7a em todas as reparti\u00e7\u00f5es p\u00fablicas do munic\u00edpio.\""}, {"id": "2083", "ano": "2025", "numero": "179", "tipo__sigla": "IND", "tipo__descricao": "Indica\u00e7\u00e3o", "autoria": "GABRIEL LOUREN\u00c7O", "texto_original": "http://sapl.engenheiropaulodefrontin.rj.leg.br/media/sapl/public/materialegislativa/2025/2083/ind179-25.pdf", "ementa": "\"Solicita que o \u00f4nibus Universit\u00e1rio passe a realizar o trajeto dentro do Distrito de Sacra Fam\u00edlia do Tingu\u00e1, tanto na ida quanto no retorno das faculdades.\""}, {"id": "2084", "ano": "2025", "numero": "180", "tipo__sigla": "IND", "tipo__descricao": "Indica\u00e7\u00e3o", "autoria": "GABRIEL LOUREN\u00c7O", "texto_original": "http://sapl.engenheiropaulodefrontin.rj.leg.br/media/sapl/public/materialegislativa/2025/2084/ind180-25.pdf", "ementa": "\"Solicita, COM URG\u00caNCIA, o envio de equipes da Secretaria Municipal de Obras para o bairro da Grama, especificamente na rua da Autoescola do bairro, para reparo de vazamento de esgoto.\""}, {"id": "2106", "ano": "2025", "numero": "181", "tipo__sigla": "IND", "tipo__descricao": "Indica\u00e7\u00e3o", "autoria": "GABRIEL LOUREN\u00c7O", "texto_original": "http://sapl.engenheiropaulodefrontin.rj.leg.br/media/sapl/public/materialegislativa/2025/2106/ind2025-181.pdf", "ementa": "Solicita reparo emergencial de buraco na Rua Vista Alegre, Barreira \u2014 n\u00b0 285 (refer\u00eancia: Morro do Querosene)"}, {"id": "2107", "ano": "2025", "numero": "182", "tipo__sigla": "IND", "tipo__descricao": "Indica\u00e7\u00e3o", "autoria": "GABRIEL LOUREN\u00c7O", "texto_original": "http://sapl.engenheiropaulodefrontin.rj.leg.br/media/sapl/public/materialegislativa/2025/2107/ind2025-182.pdf", "ementa": "\"Solicita reparos e substitui\u00e7\u00f5es de lat\u00e3o de lixo na Rua Vista Alegre no bairro da Barreira, na altura do (Morro da Querosene)"}, {"id": "2108", "ano": "2025", "numero": "183", "tipo__sigla": "IND", "tipo__descricao": "Indica\u00e7\u00e3o", "autoria": "GABRIEL LOUREN\u00c7O", "texto_original": "http://sapl.engenheiropaulodefrontin.rj.leg.br/media/sapl/public/materialegislativa/2025/2108/ind2025-183.pdf", "ementa": "Sugere a altera\u00e7\u00e3o da nomenclatura de cargos para Professor/Instrutor de Capoeira na Secretaria Municipal de Esportes e na Secretaria Municipal de Educa\u00e7\u00e3o, com base na Lei Municipal n\u00b0 1711 de 24 de abril de 2025"}, {"id": "2109", "ano": "2025", "numero": "184", "tipo__sigla": "IND", "tipo__descricao": "Indica\u00e7\u00e3o", "autoria": "GABRIEL LOUREN\u00c7O", "texto_original": "http://sapl.engenheiropaulodefrontin.rj.leg.br/media/sapl/public/materialegislativa/2025/2109/ind2025-184.pdf", "ementa": "Sugere a altera\u00e7\u00e3o da nomenclatura de cargo na Secretaria Municipal de Esportes para Professor de Jiu-Jitsu"}, {"id": "2110", "ano": "2025", "numero": "185", "tipo__sigla": "IND", "tipo__descricao": "Indica\u00e7\u00e3o", "autoria": "GABRIEL LOUREN\u00c7O", "texto_original": "http://sapl.engenheiropaulodefrontin.rj.leg.br/media/sapl/public/materialegislativa/2025/2110/ind2025-185_0.pdf", "ementa": "Sugere a transforma\u00e7\u00e3o da Secretaria Municipal de Esportes em Secretaria Municipal de Esportes e Juventude, com incorpora\u00e7\u00e3o da estrutura da Coordenadoria de Juventude e cria\u00e7\u00e3o do cargo de Subsecret\u00e1rio de Juventude"}, {"id": "2113", "ano": "2025", "numero": "186", "tipo__sigla": "IND", "tipo__descricao": "Indica\u00e7\u00e3o", "autoria": "VINICIUS NORA", "texto_original": "http://sapl.engenheiropaulodefrontin.rj.leg.br/media/sapl/public/materialegislativa/2025/2113/ind2025-186.pdf", "ementa": "\"Conserto de Tampa de Rio na cal\u00e7ada da Rua S\u00e3o Jo\u00e3o Batista em frente a casa do Sr. Marcos Baianinho, no Bairro Santo Antonio.\""}, {"id": "2115", "ano": "2025", "numero": "187", "tipo__sigla": "IND", "tipo__descricao": "Indica\u00e7\u00e3o", "autoria": "GABRIEL LOUREN\u00c7O", "texto_original": "http://sapl.engenheiropaulodefrontin.rj.leg.br/media/sapl/public/materialegislativa/2025/2115/ind2025-187.pdf", "ementa": "Sugere a cria\u00e7\u00e3o de cargos espec\u00edficos para o pr\u00f3ximo concurso p\u00fablico municipal, voltados ao fortalecimento das Areas de esporte, cultura e educa\u00e7\u00e3o"}, {"id": "2116", "ano": "2025", "numero": "188", "tipo__sigla": "IND", "tipo__descricao": "Indica\u00e7\u00e3o", "autoria": "KAIO BALTHAZAR", "texto_original": "http://sapl.engenheiropaulodefrontin.rj.leg.br/media/sapl/public/materialegislativa/2025/2116/ind2025-188.pdf", "ementa": "Sugere o beneficio de Aux\u00edlio-maternidade \u00e0s servidoras ocupantes de cargo efetivo e em cargos de comiss\u00e3o da Prefeitura de Eng. Paulo de Frontin pelo per\u00edodo de 180 dias"}, {"id": "2120", "ano": "2025", "numero": "189", "tipo__sigla": "IND", "tipo__descricao": "Indica\u00e7\u00e3o", "autoria": "GABRIEL LOUREN\u00c7O", "texto_original": "http://sapl.engenheiropaulodefrontin.rj.leg.br/media/sapl/public/materialegislativa/2025/2120/ind2025-189_gabriel.pdf", "ementa": "Constru\u00e7\u00e3o de dois pontos de \u00f4nibus na RJ-129, em frente \u00e0 quadra do bairro Graminha"}, {"id": "2121", "ano": "2025", "numero": "190", "tipo__sigla": "IND", "tipo__descricao": "Indica\u00e7\u00e3o", "autoria": "GABRIEL LOUREN\u00c7O", "texto_original": "http://sapl.engenheiropaulodefrontin.rj.leg.br/media/sapl/public/materialegislativa/2025/2121/ind2025-190_gabriel.pdf", "ementa": "\"Solicita a amplia\u00e7\u00e3o da frequ\u00eancia do atendimento m\u00e9dico no Subposto de Sa\u00fade da Graminha.\""}, {"id": "2122", "ano": "2025", "numero": "191", "tipo__sigla": "IND", "tipo__descricao": "Indica\u00e7\u00e3o", "autoria": "GABRIEL LOUREN\u00c7O", "texto_original": "http://sapl.engenheiropaulodefrontin.rj.leg.br/media/sapl/public/materialegislativa/2025/2122/ind2025-191_gabriel.pdf", "ementa": "\"Solicita a troca das l\u00e2mpadas da ilumina\u00e7\u00e3o p\u00fablica na Rua Manoel da Silva Neves, no bairro T\u00fanel 11.\""}, {"id": "2123", "ano": "2025", "numero": "192", "tipo__sigla": "IND", "tipo__descricao": "Indica\u00e7\u00e3o", "autoria": "GABRIEL LOUREN\u00c7O", "texto_original": "http://sapl.engenheiropaulodefrontin.rj.leg.br/media/sapl/public/materialegislativa/2025/2123/ind2025-192_gabriel.pdf", "ementa": "\"Solicita a implanta\u00e7\u00e3o do programa \"Tarifa Zero\" no transporte coletivo municipal.\""}, {"id": "2124", "ano": "2025", "numero": "193", "tipo__sigla": "IND", "tipo__descricao": "Indica\u00e7\u00e3o", "autoria": "GABRIEL LOUREN\u00c7O", "texto_original": "http://sapl.engenheiropaulodefrontin.rj.leg.br/media/sapl/public/materialegislativa/2025/2124/ind2025-193_gabriel.pdf", "ementa": "\"Solicita a poda urgente de arvore na Rua Jorge Carlos Machado, Bairro Santo ant\u00f4nio"}, {"id": "2128", "ano": "2025", "numero": "194", "tipo__sigla": "IND", "tipo__descricao": "Indica\u00e7\u00e3o", "autoria": "GABRIEL LOUREN\u00c7O", "texto_original": "http://sapl.engenheiropaulodefrontin.rj.leg.br/media/sapl/public/materialegislativa/2025/2128/ind2025-194.pdf", "ementa": "\"Solicita reparo no asfalto na Rua S\u00e3o Jo\u00e3o Batista \u2014 altura do n\u00famero 430.\""}, {"id": "2125", "ano": "2025", "numero": "195", "tipo__sigla": "IND", "tipo__descricao": "Indica\u00e7\u00e3o", "autoria": "GABRIEL LOUREN\u00c7O", "texto_original": "http://sapl.engenheiropaulodefrontin.rj.leg.br/media/sapl/public/materialegislativa/2025/2125/ind2025-195_gabriel.pdf", "ementa": "Sugere a altera\u00e7\u00e3o da nomenclatura da Secretaria Municipal de Cultura para Secretaria Municipal de Cultura e Juventude, com reorganiza\u00e7\u00e3o administrativa e cria\u00e7\u00e3o de novos cargos voltados \u00e0 juventude."}, {"id": "2126", "ano": "2025", "numero": "196", "tipo__sigla": "IND", "tipo__descricao": "Indica\u00e7\u00e3o", "autoria": "SANDRA GIL", "texto_original": "http://sapl.engenheiropaulodefrontin.rj.leg.br/media/sapl/public/materialegislativa/2025/2126/ind2025_196_sandra.pdf", "ementa": "\" Instala\u00e7\u00e3o de Bebedouro Refrigerado para a Rodovi\u00e1ria de Morro Azul.\u201d"}, {"id": "2129", "ano": "2025", "numero": "197", "tipo__sigla": "IND", "tipo__descricao": "Indica\u00e7\u00e3o", "autoria": "GABRIEL LOUREN\u00c7O", "texto_original": "http://sapl.engenheiropaulodefrontin.rj.leg.br/media/sapl/public/materialegislativa/2025/2129/ind2025-197_0.pdf", "ementa": "Manuten\u00e7\u00e3o do corrim\u00e3o na Estrada do Lago Azul, na altura da subida do Bairro Aguada para o Bairro Matadouro.\""}, {"id": "2130", "ano": "2025", "numero": "198", "tipo__sigla": "IND", "tipo__descricao": "Indica\u00e7\u00e3o", "autoria": "GABRIEL LOUREN\u00c7O", "texto_original": "http://sapl.engenheiropaulodefrontin.rj.leg.br/media/sapl/public/materialegislativa/2025/2130/ind2025-198.pdf", "ementa": "Coloca\u00e7\u00e3o de manilha, com urg\u00eancia, na Rua Jos\u00e9 Louren\u00e7o, na altura do n\u00b0 374."}, {"id": "2131", "ano": "2025", "numero": "199", "tipo__sigla": "IND", "tipo__descricao": "Indica\u00e7\u00e3o", "autoria": "GABRIEL LOUREN\u00c7O", "texto_original": "http://sapl.engenheiropaulodefrontin.rj.leg.br/media/sapl/public/materialegislativa/2025/2131/ind2025-199.pdf", "ementa": "\"Dedetiza\u00e7\u00e3o na Creche Ant\u00f4nio Mauricio.\""}, {"id": "2132", "ano": "2025", "numero": "200", "tipo__sigla": "IND", "tipo__descricao": "Indica\u00e7\u00e3o", "autoria": "GABRIEL LOUREN\u00c7O", "texto_original": "http://sapl.engenheiropaulodefrontin.rj.leg.br/media/sapl/public/materialegislativa/2025/2132/ind2025-200.pdf", "ementa": "\"Manuten\u00e7\u00e3o completa da Area de lazer do Parque Lago Azul.\""}, {"id": "2143", "ano": "2025", "numero": "201", "tipo__sigla": "IND", "tipo__descricao": "Indica\u00e7\u00e3o", "autoria": "SANDRA GIL", "texto_original": "http://sapl.engenheiropaulodefrontin.rj.leg.br/media/sapl/public/materialegislativa/2025/2143/ind2025_-_201__sandra.pdf", "ementa": "\"Instala\u00e7\u00e3o de quebra-molas em frente ao Restaurante do\r\nSr. Ronaldo, na RJ 121, n\u00b0173, no bairro Morro Azul do\r\nTingu5- 3\u00b0 Distrito.\""}, {"id": "2137", "ano": "2025", "numero": "202", "tipo__sigla": "IND", "tipo__descricao": "Indica\u00e7\u00e3o", "autoria": "GABRIEL LOUREN\u00c7O", "texto_original": "http://sapl.engenheiropaulodefrontin.rj.leg.br/media/sapl/public/materialegislativa/2025/2137/ind2025-202.pdf", "ementa": "\"Pavimenta\u00e7\u00e3o asfaltica e ilumina\u00e7\u00e3o p\u00fablica na Rua\r\nAng\u00e9lica, localizada no Distrito de Sacra Fam\u00edlia do Tingua.\""}, {"id": "2138", "ano": "2025", "numero": "203", "tipo__sigla": "IND", "tipo__descricao": "Indica\u00e7\u00e3o", "autoria": "GABRIEL LOUREN\u00c7O", "texto_original": "http://sapl.engenheiropaulodefrontin.rj.leg.br/media/sapl/public/materialegislativa/2025/2138/ind2025-203_0.pdf", "ementa": "\"Instala\u00e7\u00e3o de Lat\u00f5es de Lixo e Melhoria na Coleta na Estrada RJ-121, no trecho se Sacra-Fam\u00edlia do Tingua \u00e0 Morro Azul.\""}, {"id": "2139", "ano": "2025", "numero": "204", "tipo__sigla": "IND", "tipo__descricao": "Indica\u00e7\u00e3o", "autoria": "GABRIEL LOUREN\u00c7O", "texto_original": "http://sapl.engenheiropaulodefrontin.rj.leg.br/media/sapl/public/materialegislativa/2025/2139/ind2025-204.pdf", "ementa": "\"Instala\u00e7\u00e3o de cobertura e a manuten\u00e7\u00e3o dos brinquedos do\r\nparque infantil localizado no distrito de Sacra-Fam\u00edlia do\r\nTingua.\""}, {"id": "2140", "ano": "2025", "numero": "205", "tipo__sigla": "IND", "tipo__descricao": "Indica\u00e7\u00e3o", "autoria": "GABRIEL LOUREN\u00c7O", "texto_original": "http://sapl.engenheiropaulodefrontin.rj.leg.br/media/sapl/public/materialegislativa/2025/2140/ind2025-205.pdf", "ementa": "\"Manuten\u00e7\u00e3o completa do parque infantil localizado na\r\nRJ-121, na altura das casinhas.\""}, {"id": "2141", "ano": "2025", "numero": "206", "tipo__sigla": "IND", "tipo__descricao": "Indica\u00e7\u00e3o", "autoria": "GABRIEL LOUREN\u00c7O", "texto_original": "http://sapl.engenheiropaulodefrontin.rj.leg.br/media/sapl/public/materialegislativa/2025/2141/ind2025-206.pdf", "ementa": "\"Ilumina\u00e7\u00e3o P\u00fablica na Estrada RJ-121, no trecho\r\nde Sacra-Fam\u00edlia - Morro Azul.\""}, {"id": "2142", "ano": "2025", "numero": "207", "tipo__sigla": "IND", "tipo__descricao": "Indica\u00e7\u00e3o", "autoria": "ROSANGELA PASSOS", "texto_original": "http://sapl.engenheiropaulodefrontin.rj.leg.br/media/sapl/public/materialegislativa/2025/2142/ind2025_-_207_-_rosangela.pdf", "ementa": "\"Coloca\u00e7\u00e3o de tela e grama sint\u00e9tica na quadra da Barreira.'"}, {"id": "2144", "ano": "2025", "numero": "208", "tipo__sigla": "IND", "tipo__descricao": "Indica\u00e7\u00e3o", "autoria": "SANDRO FERREIRA (Deca)", "texto_original": "http://sapl.engenheiropaulodefrontin.rj.leg.br/media/sapl/public/materialegislativa/2025/2144/ind2025-208_sandro.pdf", "ementa": "\"Coloca\u00e7\u00e3o de manilha e reforma da ponte do bairro\r\nCamargo que liga ao bairro de Palmas"}, {"id": "2145", "ano": "2025", "numero": "209", "tipo__sigla": "IND", "tipo__descricao": "Indica\u00e7\u00e3o", "autoria": "GABRIEL LOUREN\u00c7O", "texto_original": "http://sapl.engenheiropaulodefrontin.rj.leg.br/media/sapl/public/materialegislativa/2025/2145/ind2025-209.pdf", "ementa": "\"Instala\u00e7\u00e3o de guard-rail na Travessa Jo\u00e3o Soares, especificamente na altura da casa de n\u00famero 14, bem como a instala\u00e7\u00e3o de corrim\u00e3o ao longo de toda a extens\u00e3o da referida travessa, localizada no bairro Alto do Chafre.\""}, {"id": "2146", "ano": "2025", "numero": "210", "tipo__sigla": "IND", "tipo__descricao": "Indica\u00e7\u00e3o", "autoria": "GABRIEL LOUREN\u00c7O", "texto_original": "http://sapl.engenheiropaulodefrontin.rj.leg.br/media/sapl/public/materialegislativa/2025/2146/ind2025-210.pdf", "ementa": "\"Instala\u00e7\u00e3o de canaletas para escoamento de Aguas pluviais\r\nna Travessa Joao Soares, no bairro Alto do Chafre.\""}, {"id": "2147", "ano": "2025", "numero": "211", "tipo__sigla": "IND", "tipo__descricao": "Indica\u00e7\u00e3o", "autoria": "GABRIEL LOUREN\u00c7O", "texto_original": "http://sapl.engenheiropaulodefrontin.rj.leg.br/media/sapl/public/materialegislativa/2025/2147/ind2025-211.pdf", "ementa": "\"Instala\u00e7\u00e3o de tampas para bueiros e grades para o esgoto\r\nna Travessa Jo\u00e3o Soares, bairro Alto do Chafre.\""}, {"id": "2148", "ano": "2025", "numero": "212", "tipo__sigla": "IND", "tipo__descricao": "Indica\u00e7\u00e3o", "autoria": "GABRIEL LOUREN\u00c7O", "texto_original": "http://sapl.engenheiropaulodefrontin.rj.leg.br/media/sapl/public/materialegislativa/2025/2148/ind2025-212.pdf", "ementa": "\"Pavimenta\u00e7\u00e3o asf\u00e1ltica e instala\u00e7\u00e3o de ilumina\u00e7\u00e3o p\u00fablica\r\nna Rua Sebasti\u00e3o Marcelino, localizada no bairro\r\nAlto do Chafre.\""}, {"id": "2149", "ano": "2025", "numero": "213", "tipo__sigla": "IND", "tipo__descricao": "Indica\u00e7\u00e3o", "autoria": "GABRIEL LOUREN\u00c7O", "texto_original": "http://sapl.engenheiropaulodefrontin.rj.leg.br/media/sapl/public/materialegislativa/2025/2149/ind2025-213.pdf", "ementa": "\"Compra e instala\u00e7\u00e3o de uma nova bomba\r\nd'\u00e1gua na parte alta da Rua Sebasti\u00e3o Marcelino,\r\nno bairro Alto do Chafre.\""}, {"id": "2173", "ano": "2025", "numero": "214", "tipo__sigla": "IND", "tipo__descricao": "Indica\u00e7\u00e3o", "autoria": "GABRIEL LOUREN\u00c7O", "texto_original": "http://sapl.engenheiropaulodefrontin.rj.leg.br/media/sapl/public/materialegislativa/2025/2173/ind_214.pdf", "ementa": "\"Sugere a cria\u00e7\u00e3o de uma Subsecretaria de Prote\u00e7\u00e3o,\r\nDefesa e Direitos dos Animais no \u00e2mbito da Secretaria\r\nMunicipal de Meio Ambiente e Defesa Civil.\""}, {"id": "2174", "ano": "2025", "numero": "215", "tipo__sigla": "IND", "tipo__descricao": "Indica\u00e7\u00e3o", "autoria": "GABRIEL LOUREN\u00c7O", "texto_original": "http://sapl.engenheiropaulodefrontin.rj.leg.br/media/sapl/public/materialegislativa/2025/2174/ind_215.pdf", "ementa": "\"Solicita a troca de lat\u00f5es de lixo e substitui\u00e7\u00e3o dos\r\nsuportes na Estrada do Campo Alegre,\r\nbairro da Barreira.\""}, {"id": "2152", "ano": "2025", "numero": "216", "tipo__sigla": "IND", "tipo__descricao": "Indica\u00e7\u00e3o", "autoria": "VINICIUS NORA", "texto_original": "http://sapl.engenheiropaulodefrontin.rj.leg.br/media/sapl/public/materialegislativa/2025/2152/ind2025-216.pdf", "ementa": "Solicita que seja implementada nova base do Proeis para atender os distritos de Morro Azul e Sacra Fam\u00edlia."}, {"id": "2166", "ano": "2025", "numero": "217", "tipo__sigla": "IND", "tipo__descricao": "Indica\u00e7\u00e3o", "autoria": "GABRIEL LOUREN\u00c7O", "texto_original": "http://sapl.engenheiropaulodefrontin.rj.leg.br/media/sapl/public/materialegislativa/2025/2166/ind_217_gabriel.pdf", "ementa": "Cria\u00e7\u00e3o do Conselho Municipal de Bem-Estar Animal."}, {"id": "2167", "ano": "2025", "numero": "218", "tipo__sigla": "IND", "tipo__descricao": "Indica\u00e7\u00e3o", "autoria": "GABRIEL LOUREN\u00c7O", "texto_original": "http://sapl.engenheiropaulodefrontin.rj.leg.br/media/sapl/public/materialegislativa/2025/2167/ind_218_gabriel.pdf", "ementa": "Cria\u00e7\u00e3o do Centro de Refer\u00eancia\r\nMunicipal para a Juventude."}, {"id": "2176", "ano": "2025", "numero": "219", "tipo__sigla": "IND", "tipo__descricao": "Indica\u00e7\u00e3o", "autoria": "GABRIEL LOUREN\u00c7O", "texto_original": "http://sapl.engenheiropaulodefrontin.rj.leg.br/media/", "ementa": "\"Solicita a troca de lat\u00f5es de lixo na Rua A, Morro da Diva,\r\nem Morro Azul do Tingua \u2014 3\u00b0 Distrito.\""}, {"id": "2177", "ano": "2025", "numero": "220", "tipo__sigla": "IND", "tipo__descricao": "Indica\u00e7\u00e3o", "autoria": "GABRIEL LOUREN\u00c7O", "texto_original": "http://sapl.engenheiropaulodefrontin.rj.leg.br/media/sapl/public/materialegislativa/2025/2177/ind_220_gabriel.pdf", "ementa": "\"Instala\u00e7\u00e3o de redutores de velocidade na Rua Ant\u00f4ni\r\nGomes Fontes, no bairro Jardim novo Rodeio, no municipi\r\nde Engenheiro Paulo de Frontin."}, {"id": "2178", "ano": "2025", "numero": "221", "tipo__sigla": "IND", "tipo__descricao": "Indica\u00e7\u00e3o", "autoria": "GABRIEL LOUREN\u00c7O", "texto_original": "http://sapl.engenheiropaulodefrontin.rj.leg.br/media/sapl/public/materialegislativa/2025/2178/ind_221_gabriel.pdf", "ementa": "\"Instala\u00e7\u00e3o de redutores de velocidade na Rua SantaInds,\r\nno bairro Jardim Novo Rodeio, no munic\u00edpio de\r\nEngenheiro Paulo de Frontin.\""}, {"id": "2179", "ano": "2025", "numero": "222", "tipo__sigla": "IND", "tipo__descricao": "Indica\u00e7\u00e3o", "autoria": "KAIO BALTHAZAR", "texto_original": "http://sapl.engenheiropaulodefrontin.rj.leg.br/media/sapl/public/materialegislativa/2025/2179/ind2025-222.pdf", "ementa": "\"Implanta\u00e7\u00e3o de sistema de monitoramento por c\u00e2meras\r\nnos pr\u00e9dios p\u00fablicos, principais vias, hospitais, rodovi\u00e1rias\r\ne entradas e sa\u00eddas do munic\u00edpio, com armazenamento de\r\nimagens por no m\u00ednimo 60 (sessenta) dias.\""}, {"id": "2180", "ano": "2025", "numero": "223", "tipo__sigla": "IND", "tipo__descricao": "Indica\u00e7\u00e3o", "autoria": "GABRIEL LOUREN\u00c7O", "texto_original": "http://sapl.engenheiropaulodefrontin.rj.leg.br/media/sapl/public/materialegislativa/2025/2180/ind_223_gabriel.pdf", "ementa": "\"0 estudo da viabilidade de constru\u00e7\u00e3o um pequeno setor\r\nde lazer no final da Rua S\u00e3o Pedro, no bairro Santo Ant\u00f4nio,\r\nnas proximidades da barbearia do Hug\u00e3o do Corte.\""}, {"id": "2181", "ano": "2025", "numero": "224", "tipo__sigla": "IND", "tipo__descricao": "Indica\u00e7\u00e3o", "autoria": "GABRIEL LOUREN\u00c7O", "texto_original": "http://sapl.engenheiropaulodefrontin.rj.leg.br/media/sapl/public/materialegislativa/2025/2181/ind_224_gabriel.pdf", "ementa": "\"Cria\u00e7\u00e3o do Conselho Municipal de Bem-estar Animal.\""}, {"id": "2185", "ano": "2025", "numero": "225", "tipo__sigla": "IND", "tipo__descricao": "Indica\u00e7\u00e3o", "autoria": "GABRIEL LOUREN\u00c7O", "texto_original": "http://sapl.engenheiropaulodefrontin.rj.leg.br/media/sapl/public/materialegislativa/2025/2185/ind2025-225.pdf", "ementa": "Remo\u00e7\u00e3o de entulhos acumulados na RJ-129, em frente ao Hospital Nelson Salles, no centro da cidade"}, {"id": "2186", "ano": "2025", "numero": "226", "tipo__sigla": "IND", "tipo__descricao": "Indica\u00e7\u00e3o", "autoria": "GABRIEL LOUREN\u00c7O", "texto_original": "http://sapl.engenheiropaulodefrontin.rj.leg.br/media/sapl/public/materialegislativa/2025/2186/ind2025-226.pdf", "ementa": "Realiza\u00e7\u00e3o de um estudo t\u00e9cnico e administrativo visando \u00e0 unifica\u00e7\u00e3o de algumas secretarias municipais"}, {"id": "2187", "ano": "2025", "numero": "227", "tipo__sigla": "IND", "tipo__descricao": "Indica\u00e7\u00e3o", "autoria": "GABRIEL LOUREN\u00c7O", "texto_original": "http://sapl.engenheiropaulodefrontin.rj.leg.br/media/sapl/public/materialegislativa/2025/2187/ind2025-227.pdf", "ementa": "Instala\u00e7\u00e3o de c\u00e2meras de monitoramento em pontos estrat\u00e9gicos da sede do Legislativo Municipal, localizada na parte superior do terminal rodovi\u00e1rio, bem como que seja avaliada a possibilidade de estender essa medida para a pr\u00f3pria rodovi\u00e1ria, com o objetivo de refor\u00e7ar a seguran\u00e7a do local"}, {"id": "2192", "ano": "2025", "numero": "228", "tipo__sigla": "IND", "tipo__descricao": "Indica\u00e7\u00e3o", "autoria": "GABRIEL LOUREN\u00c7O", "texto_original": "http://sapl.engenheiropaulodefrontin.rj.leg.br/media/sapl/public/materialegislativa/2025/2192/ind2025-228.pdf", "ementa": "Realiza\u00e7\u00e3o de limpeza e desobstru\u00e7\u00e3o do leito do rio localizado no bairro S\u00e3o Louren\u00e7o, nas proximidades da RJ127, n\u00b0 22.264"}, {"id": "2194", "ano": "2025", "numero": "229", "tipo__sigla": "IND", "tipo__descricao": "Indica\u00e7\u00e3o", "autoria": "GABRIEL LOUREN\u00c7O", "texto_original": "http://sapl.engenheiropaulodefrontin.rj.leg.br/media/sapl/public/materialegislativa/2025/2194/ind_229.pdf", "ementa": "\"Solicita provid\u00eancias quanto ao n\u00famero\r\ninsuficiente de profissionais na Creche\r\nMunicipal Ant\u00f4nio Mauricio.\""}, {"id": "2195", "ano": "2025", "numero": "230", "tipo__sigla": "IND", "tipo__descricao": "Indica\u00e7\u00e3o", "autoria": "GABRIEL LOUREN\u00c7O", "texto_original": "http://sapl.engenheiropaulodefrontin.rj.leg.br/media/sapl/public/materialegislativa/2025/2195/ind_230.pdf", "ementa": "\"Substitui\u00e7\u00e3o do lat\u00e3o de lixo na Estrada\r\nVelha, Rua Santa Isabel, na altura do n\u00famero\r\n140, bairro Morro Azul.\""}, {"id": "2196", "ano": "2025", "numero": "231", "tipo__sigla": "IND", "tipo__descricao": "Indica\u00e7\u00e3o", "autoria": "GABRIEL LOUREN\u00c7O", "texto_original": "http://sapl.engenheiropaulodefrontin.rj.leg.br/media/sapl/public/materialegislativa/2025/2196/ind_231.pdf", "ementa": "\"Realiza\u00e7\u00e3o da troca das l\u00e2mpadas queimadas\r\nao longo da RJ-129, especialmente nas\r\nproximidades da comunidade da Cruzinha."}, {"id": "2202", "ano": "2025", "numero": "232", "tipo__sigla": "IND", "tipo__descricao": "Indica\u00e7\u00e3o", "autoria": "GABRIEL LOUREN\u00c7O", "texto_original": "http://sapl.engenheiropaulodefrontin.rj.leg.br/media/sapl/public/materialegislativa/2025/2202/ind2025-232.pdf", "ementa": "Indica que sejam tomadas as devidas provid\u00eancias para a reforma geral do Gin\u00e1sio Poliesportivo de Morro Azul, localizado neste munic\u00edpio"}, {"id": "2206", "ano": "2025", "numero": "233", "tipo__sigla": "IND", "tipo__descricao": "Indica\u00e7\u00e3o", "autoria": "GABRIEL LOUREN\u00c7O", "texto_original": "http://sapl.engenheiropaulodefrontin.rj.leg.br/media/sapl/public/materialegislativa/2025/2206/ind2025-233_gabriel.pdf", "ementa": "Solicita pavimenta\u00e7\u00e3o asf\u00e1ltica em toda a extens\u00e3o da Rua Maria da Gl\u00f3ria Ferreira, localizada no bairro Time! 12, em Engenheiro Paulo de Frontin."}, {"id": "2207", "ano": "2025", "numero": "234", "tipo__sigla": "IND", "tipo__descricao": "Indica\u00e7\u00e3o", "autoria": "GABRIEL LOUREN\u00c7O", "texto_original": "http://sapl.engenheiropaulodefrontin.rj.leg.br/media/sapl/public/materialegislativa/2025/2207/ind2025-234_gabriel.pdf", "ementa": "Solicita a poda de \u00e1rvore na curva da Rua A Maria Gl\u00f3ria, na altura do n\u00famero 459, no bairro T\u00fanel 12"}, {"id": "2208", "ano": "2025", "numero": "235", "tipo__sigla": "IND", "tipo__descricao": "Indica\u00e7\u00e3o", "autoria": "GABRIEL LOUREN\u00c7O", "texto_original": "http://sapl.engenheiropaulodefrontin.rj.leg.br/media/sapl/public/materialegislativa/2025/2208/ind2025-235_gabriel.pdf", "ementa": "Solicita a instala\u00e7\u00e3o de um poste de ilumina\u00e7\u00e3o p\u00fablica na curva da Rua Maria da Gl\u00f3ria Ferreira, na altura do n\u00famero 459, no bairro T\u00fanel 12, em Engenheiro Paulo de Frontin."}, {"id": "2209", "ano": "2025", "numero": "236", "tipo__sigla": "IND", "tipo__descricao": "Indica\u00e7\u00e3o", "autoria": "ROSANGELA PASSOS", "texto_original": "http://sapl.engenheiropaulodefrontin.rj.leg.br/media/sapl/public/materialegislativa/2025/2209/ind2025-236_rosangela.pdf", "ementa": "Solicita a instala\u00e7\u00e3o de um parapeito na Ladeira do Hon\u00f3rio, Bairro Jardim novo Rodeio em Engenheiro Paulo de Frontin"}, {"id": "2215", "ano": "2025", "numero": "237", "tipo__sigla": "IND", "tipo__descricao": "Indica\u00e7\u00e3o", "autoria": "GABRIEL LOUREN\u00c7O", "texto_original": "http://sapl.engenheiropaulodefrontin.rj.leg.br/media/sapl/public/materialegislativa/2025/2215/ind2025-237_gabriel.pdf", "ementa": "Solicita a manuten\u00e7\u00e3o geral do parque infantil localizado na Pra\u00e7a Roger Malhardes, com substitui\u00e7\u00e3o dos brinquedos que se encontram em p\u00e9ssimas\r\ncondi\u00e7\u00f5es"}, {"id": "2221", "ano": "2025", "numero": "238", "tipo__sigla": "IND", "tipo__descricao": "Indica\u00e7\u00e3o", "autoria": "GABRIEL LOUREN\u00c7O", "texto_original": "http://sapl.engenheiropaulodefrontin.rj.leg.br/media/", "ementa": "\"Indica ao Poder Executivo que realize\r\nservi\u00e7os de manuten\u00e7\u00e3o da via, retirada de\r\nentulhos e limpeza urbana na Travessa Casa\r\nBranca, no Bairro da Ferrovi\u00e1ria.\""}, {"id": "2222", "ano": "2025", "numero": "239", "tipo__sigla": "IND", "tipo__descricao": "Indica\u00e7\u00e3o", "autoria": "GABRIEL LOUREN\u00c7O", "texto_original": "http://sapl.engenheiropaulodefrontin.rj.leg.br/media/sapl/public/materialegislativa/2025/2222/ind_239-2025_gabriel.pdf", "ementa": "\"Indica ao Poder Executivo a realiza\u00e7\u00e3o de\r\npavimenta\u00e7\u00e3o asf\u00e1ltica e servi\u00e7os de limpeza\r\nurbana na Rua Jo\u00e3o Louren\u00e7o, situada no\r\nbairro Ferrovi\u00e1ria.\""}, {"id": "2223", "ano": "2025", "numero": "240", "tipo__sigla": "IND", "tipo__descricao": "Indica\u00e7\u00e3o", "autoria": "GABRIEL LOUREN\u00c7O", "texto_original": "http://sapl.engenheiropaulodefrontin.rj.leg.br/media/sapl/public/materialegislativa/2025/2223/ind_240-2025_gabriel.pdf", "ementa": "\"Indica ao Poder Executivo que realize limpeza\r\ndo rio, manuten\u00e7\u00e3o da via e servi\u00e7os de\r\nlimpeza urbana na Rua Jo\u00e3o Batista Fialho\r\nRosa.\""}, {"id": "2228", "ano": "2025", "numero": "241", "tipo__sigla": "IND", "tipo__descricao": "Indica\u00e7\u00e3o", "autoria": "GABRIEL LOUREN\u00c7O", "texto_original": "http://sapl.engenheiropaulodefrontin.rj.leg.br/media/sapl/public/materialegislativa/2025/2228/ind2025-241.pdf", "ementa": "\"Indica a necessidade urgente de pavimenta\u00e7\u00e3o da Estrada do Lago Azul, localizada no bairro Matadouro.\""}, {"id": "2229", "ano": "2025", "numero": "242", "tipo__sigla": "IND", "tipo__descricao": "Indica\u00e7\u00e3o", "autoria": "GABRIEL LOUREN\u00c7O", "texto_original": "http://sapl.engenheiropaulodefrontin.rj.leg.br/media/sapl/public/materialegislativa/2025/2229/ind2025-242.pdf", "ementa": "\"Indica a realiza\u00e7\u00e3o de retirada de entulho e limpeza urbana na Rua \u00c1tila Portugal, no bairro Morro do Sossego.\""}, {"id": "2230", "ano": "2025", "numero": "243", "tipo__sigla": "IND", "tipo__descricao": "Indica\u00e7\u00e3o", "autoria": "GABRIEL LOUREN\u00c7O", "texto_original": "http://sapl.engenheiropaulodefrontin.rj.leg.br/media/sapl/public/materialegislativa/2025/2230/ind2025-243.pdf", "ementa": "\"Indica a necessidade de retirada de entulho e limpeza urbana na Rua do Bangal\u00f4, no bairro Morro do Sossego.\""}, {"id": "2239", "ano": "2025", "numero": "244", "tipo__sigla": "IND", "tipo__descricao": "Indica\u00e7\u00e3o", "autoria": "VINICIUS NORA", "texto_original": "http://sapl.engenheiropaulodefrontin.rj.leg.br/media/sapl/public/materialegislativa/2025/2239/ind_244.pdf", "ementa": "Solicita ao Poder Executivo a ades\u00e3o obrigat\u00f3ria do Munic\u00edpio ao padr\u00e3o nacional da Nota Fiscal de Servi\u00e7o eletr\u00f4nica (NFS-e)"}, {"id": "2242", "ano": "2025", "numero": "245", "tipo__sigla": "IND", "tipo__descricao": "Indica\u00e7\u00e3o", "autoria": "GABRIEL LOUREN\u00c7O", "texto_original": "http://sapl.engenheiropaulodefrontin.rj.leg.br/media/sapl/public/materialegislativa/2025/2242/ind2025-245.pdf", "ementa": "Substitui\u00e7\u00e3o de lat\u00e3o de lixo na Rodovia Luciano Medeiros -Altura do n\u00b0 1556- Localidade da Provis\u00f3ria"}, {"id": "2243", "ano": "2025", "numero": "246", "tipo__sigla": "IND", "tipo__descricao": "Indica\u00e7\u00e3o", "autoria": "GABRIEL LOUREN\u00c7O", "texto_original": "http://sapl.engenheiropaulodefrontin.rj.leg.br/media/sapl/public/materialegislativa/2025/2243/ind2025-246.pdf", "ementa": "Solicita\u00e7\u00e3o de instala\u00e7\u00e3o de port\u00e3o fechado e mais alto na Creche Municipal Ant\u00f4nio Mauricio \u2014 Bairro da Barreira"}, {"id": "2244", "ano": "2025", "numero": "247", "tipo__sigla": "IND", "tipo__descricao": "Indica\u00e7\u00e3o", "autoria": "GABRIEL LOUREN\u00c7O", "texto_original": "http://sapl.engenheiropaulodefrontin.rj.leg.br/media/sapl/public/materialegislativa/2025/2244/ind2025-247.pdf", "ementa": "Substitui\u00e7\u00e3o de lat\u00e3o de lixo na Estrada de Entrada do Bairro Imperial, na altura do n\u00famero 395, no bairro da Graminha"}, {"id": "2245", "ano": "2025", "numero": "248", "tipo__sigla": "IND", "tipo__descricao": "Indica\u00e7\u00e3o", "autoria": "GABRIEL LOUREN\u00c7O", "texto_original": "http://sapl.engenheiropaulodefrontin.rj.leg.br/media/sapl/public/materialegislativa/2025/2245/ind2025-248.pdf", "ementa": "Solicita\u00e7\u00e3o de Opera\u00e7\u00e3o Tapa-Buracos na Rua Alto da Boa Vista - Bairro Centro"}, {"id": "2246", "ano": "2025", "numero": "249", "tipo__sigla": "IND", "tipo__descricao": "Indica\u00e7\u00e3o", "autoria": "GABRIEL LOUREN\u00c7O", "texto_original": "http://sapl.engenheiropaulodefrontin.rj.leg.br/media/sapl/public/materialegislativa/2025/2246/ind2025-249.pdf", "ementa": "Instala\u00e7\u00e3o de grade com port\u00e3o para prote\u00e7\u00e3o e melhor aproveitamento do p\u00e1tio na Creche Municipal Ant\u00f4nio Mauricio, no bairro da Barreira."}, {"id": "2247", "ano": "2025", "numero": "250", "tipo__sigla": "IND", "tipo__descricao": "Indica\u00e7\u00e3o", "autoria": "GABRIEL LOUREN\u00c7O", "texto_original": "http://sapl.engenheiropaulodefrontin.rj.leg.br/media/sapl/public/materialegislativa/2025/2247/ind2025-250.pdf", "ementa": "Constru\u00e7\u00e3o de uma pra\u00e7a linear na Avenida Ant\u00f4nio Mauricio, na altura do bairro Pombal"}, {"id": "2248", "ano": "2025", "numero": "251", "tipo__sigla": "IND", "tipo__descricao": "Indica\u00e7\u00e3o", "autoria": "GABRIEL LOUREN\u00c7O", "texto_original": "http://sapl.engenheiropaulodefrontin.rj.leg.br/media/sapl/public/materialegislativa/2025/2248/ind2025-251.pdf", "ementa": "Constru\u00e7\u00e3o de pavimenta\u00e7\u00e3o em piso intertravado no entorno do Lago Azul"}, {"id": "2254", "ano": "2025", "numero": "252", "tipo__sigla": "IND", "tipo__descricao": "Indica\u00e7\u00e3o", "autoria": "JORGE VILELA", "texto_original": "http://sapl.engenheiropaulodefrontin.rj.leg.br/media/sapl/public/materialegislativa/2025/2254/ind_252_vilela.pdf", "ementa": "\"Coloca\u00e7\u00e3o de bra\u00e7o de luz na Rua Projetada que dA acesso \u00e0\r\nAv. Ant\u00f4nio Mauricio, no bairro da Grama.\""}, {"id": "2255", "ano": "2025", "numero": "253", "tipo__sigla": "IND", "tipo__descricao": "Indica\u00e7\u00e3o", "autoria": "JORGE VILELA", "texto_original": "http://sapl.engenheiropaulodefrontin.rj.leg.br/media/sapl/public/materialegislativa/2025/2255/ind_253_vilela.pdf", "ementa": "\"Pavimenta\u00e7\u00e3o asf\u00e1ltica na Rua Projetada que d\u00e1 acesso\r\nAv. Ant\u00f4nio Mauricio, no bairro da Grama."}, {"id": "2256", "ano": "2025", "numero": "254", "tipo__sigla": "IND", "tipo__descricao": "Indica\u00e7\u00e3o", "autoria": "SANDRA GIL", "texto_original": "http://sapl.engenheiropaulodefrontin.rj.leg.br/media/sapl/public/materialegislativa/2025/2256/ind_254_sandra.pdf", "ementa": "Placas de identifica\u00e7\u00e3o e sinaliza\u00e7\u00e3o para Ponto de TAXI\r\n\u2014 Centro de Morro AzuL"}, {"id": "2257", "ano": "2025", "numero": "255", "tipo__sigla": "IND", "tipo__descricao": "Indica\u00e7\u00e3o", "autoria": "SANDRA GIL", "texto_original": "http://sapl.engenheiropaulodefrontin.rj.leg.br/media/sapl/public/materialegislativa/2025/2257/ind_255_sandra.pdf", "ementa": "\"Solicita a repara\u00e7\u00e3o do aquecedor da piscina do\r\nCentro de Fisioterapia do bairro da Aguada\""}, {"id": "2258", "ano": "2025", "numero": "256", "tipo__sigla": "IND", "tipo__descricao": "Indica\u00e7\u00e3o", "autoria": "GABRIEL LOUREN\u00c7O", "texto_original": "http://sapl.engenheiropaulodefrontin.rj.leg.br/media/sapl/public/materialegislativa/2025/2258/ind_256_gabriel.pdf", "ementa": "\"Solicita a presen\u00e7a de funcion\u00e1rios do\r\nDER para sinaliza\u00e7\u00e3o do tr\u00e2nsito nas obras da\r\nRJ-129 em toda a extens\u00e3o, tanto na antiga Rodovia Luciano\r\nMedeiros quanto na RJ que liga o centro da cidade ao bairro da\r\nAguada.\""}, {"id": "2259", "ano": "2025", "numero": "257", "tipo__sigla": "IND", "tipo__descricao": "Indica\u00e7\u00e3o", "autoria": "GABRIEL LOUREN\u00c7O", "texto_original": "http://sapl.engenheiropaulodefrontin.rj.leg.br/media/sapl/public/materialegislativa/2025/2259/ind_257__gabriel.pdf", "ementa": "Solicita a retirada de entulho na Rua S\u00e3o Jo\u00e3o Batista,\r\nem frente A quadra, no bairro\r\nSanto Ant\u00f4nio.\""}, {"id": "2260", "ano": "2025", "numero": "258", "tipo__sigla": "IND", "tipo__descricao": "Indica\u00e7\u00e3o", "autoria": "GABRIEL LOUREN\u00c7O", "texto_original": "http://sapl.engenheiropaulodefrontin.rj.leg.br/media/sapl/public/materialegislativa/2025/2260/ind_258_gabriel.pdf", "ementa": "Solicita a constru\u00e7\u00e3o de uma base para o PROEIS na antiga sede\r\ndo DETRAN, localizada na Rua Manoel da Silva Neves.\""}, {"id": "2270", "ano": "2025", "numero": "259", "tipo__sigla": "IND", "tipo__descricao": "Indica\u00e7\u00e3o", "autoria": "GABRIEL LOUREN\u00c7O", "texto_original": "http://sapl.engenheiropaulodefrontin.rj.leg.br/media/sapl/public/materialegislativa/2025/2270/ind_259-2025_gabriel.pdf", "ementa": "Substitui\u00e7\u00e3o das l\u00e2mpadas na Avenida Ant\u00f4nio Mauricio, no trecho compreendido entre a Igreja Universal at\u00e9 a Secretaria Municipal de Meio Ambiente."}, {"id": "2262", "ano": "2025", "numero": "260", "tipo__sigla": "IND", "tipo__descricao": "Indica\u00e7\u00e3o", "autoria": "ROSANGELA PASSOS", "texto_original": "http://sapl.engenheiropaulodefrontin.rj.leg.br/media/sapl/public/materialegislativa/2025/2262/ind2025-260.pdf", "ementa": "Solicita inspe\u00e7\u00e3o e providencias urgentes para risco de desabamento na rua em frente \u00e0 Igreja Assembleia de Deus, no bairro Aguada"}, {"id": "2265", "ano": "2025", "numero": "261", "tipo__sigla": "IND", "tipo__descricao": "Indica\u00e7\u00e3o", "autoria": "SANDRO FERREIRA (Deca)", "texto_original": "http://sapl.engenheiropaulodefrontin.rj.leg.br/media/sapl/public/materialegislativa/2025/2265/ind_261_sandro.pdf", "ementa": "Constru\u00e7\u00e3o de um ponto de \u00f4nibus pr\u00f3ximo ao Posto de Sa\u00fade, em Sacra Fam\u00edlia do Tingu\u00e1 \u2014 2\u00b0 Distrito"}, {"id": "2266", "ano": "2025", "numero": "262", "tipo__sigla": "IND", "tipo__descricao": "Indica\u00e7\u00e3o", "autoria": "SANDRO FERREIRA (Deca)", "texto_original": "http://sapl.engenheiropaulodefrontin.rj.leg.br/media/sapl/public/materialegislativa/2025/2266/ind_262_sandro.pdf", "ementa": "Reforma e pintura do Posto de Sa\u00fade, em Sacra Fam\u00edlia do Tingua \u2014 2\u00b0 Distrito"}, {"id": "2267", "ano": "2025", "numero": "263", "tipo__sigla": "IND", "tipo__descricao": "Indica\u00e7\u00e3o", "autoria": "SANDRO FERREIRA (Deca)", "texto_original": "http://sapl.engenheiropaulodefrontin.rj.leg.br/media/sapl/public/materialegislativa/2025/2267/ind_263_sandro.pdf", "ementa": "Reforma e pintura da quadra de Palmas, no bairro de Palmas"}, {"id": "2281", "ano": "2025", "numero": "264", "tipo__sigla": "IND", "tipo__descricao": "Indica\u00e7\u00e3o", "autoria": "GABRIEL LOUREN\u00c7O", "texto_original": "http://sapl.engenheiropaulodefrontin.rj.leg.br/media/sapl/public/materialegislativa/2025/2281/ind2025-264.pdf", "ementa": "\"Instala\u00e7\u00e3o de novos ventiladores no C. M. Carlos Gram\u00e1tico, E. M. Joaquim Mendes, E. M. Cecilio Barbosa da Paix\u00e3o, E. M. Hilka Peganha, E. M. Bar\u00e3o do Amparo e no Centro Municipal de Atendimento Pedag\u00f3gico e Educacional Especializado \u2014 CEMAPEE.\""}, {"id": "2285", "ano": "2025", "numero": "265", "tipo__sigla": "IND", "tipo__descricao": "Indica\u00e7\u00e3o", "autoria": "SANDRO FERREIRA (Deca)", "texto_original": "http://sapl.engenheiropaulodefrontin.rj.leg.br/media/sapl/public/materialegislativa/2025/2285/ind2025-265.pdf", "ementa": "\"Constru\u00e7\u00e3o de uma ponte na Estrada Palmeira da Serra, em frente a biquinha.\""}, {"id": "2290", "ano": "2025", "numero": "266", "tipo__sigla": "IND", "tipo__descricao": "Indica\u00e7\u00e3o", "autoria": "GABRIEL LOUREN\u00c7O", "texto_original": "http://sapl.engenheiropaulodefrontin.rj.leg.br/media/sapl/public/materialegislativa/2025/2290/indicacao_266_gabriel.pdf", "ementa": "\"Reforma, revitaliza\u00e7\u00e3o e melhoria da ilumina\u00e7\u00e3o do campo e\r\ndo vesti\u00e1rio do Adrianino, em Engenheiro Paulo de Frontin.\""}, {"id": "2291", "ano": "2025", "numero": "267", "tipo__sigla": "IND", "tipo__descricao": "Indica\u00e7\u00e3o", "autoria": "GABRIEL LOUREN\u00c7O", "texto_original": "http://sapl.engenheiropaulodefrontin.rj.leg.br/media/sapl/public/materialegislativa/2025/2291/indicacao_267_gabriel.pdf", "ementa": "Indica ao poder executivo municipal a necessidade de\r\nreforma e reparo nas telhas laterais e substitui\u00e7\u00e3o e\r\nmanuten\u00e7\u00e3o das telhas da cobertura do Gin\u00e1sio de\r\nMorro Azul."}, {"id": "2292", "ano": "2025", "numero": "268", "tipo__sigla": "IND", "tipo__descricao": "Indica\u00e7\u00e3o", "autoria": "GABRIEL LOUREN\u00c7O", "texto_original": "http://sapl.engenheiropaulodefrontin.rj.leg.br/media/sapl/public/materialegislativa/2025/2292/indicacao_268_gabriel.pdf", "ementa": "\"Reforma, revitaliza\u00e7\u00e3o e melhoria da ilumina\u00e7\u00e3o do campo e\r\ndo vesti\u00e1rio do Adrianino, em Engenheiro Paulo de Frontin."}, {"id": "2294", "ano": "2025", "numero": "269", "tipo__sigla": "IND", "tipo__descricao": "Indica\u00e7\u00e3o", "autoria": "GABRIEL LOUREN\u00c7O", "texto_original": "http://sapl.engenheiropaulodefrontin.rj.leg.br/media/sapl/public/materialegislativa/2025/2294/ind2025-269.pdf", "ementa": "Manuten\u00e7\u00e3o do parque e substitui\u00e7\u00e3o dos refletores no bairro da Grama"}, {"id": "2295", "ano": "2025", "numero": "270", "tipo__sigla": "IND", "tipo__descricao": "Indica\u00e7\u00e3o", "autoria": "GABRIEL LOUREN\u00c7O", "texto_original": "http://sapl.engenheiropaulodefrontin.rj.leg.br/media/sapl/public/materialegislativa/2025/2295/ind2025-270.pdf", "ementa": "Constru\u00e7\u00e3o de uma quadra de futev\u00f4lei na frente do Campo do Adrianino"}, {"id": "2297", "ano": "2025", "numero": "271", "tipo__sigla": "IND", "tipo__descricao": "Indica\u00e7\u00e3o", "autoria": "SANDRO FERREIRA (Deca)", "texto_original": "http://sapl.engenheiropaulodefrontin.rj.leg.br/media/sapl/public/materialegislativa/2025/2297/ind2025-271.pdf", "ementa": "\"Instala\u00e7\u00e3o de quebra-molas (lombadas), na Av. Roger Malhardes, em sua extens\u00e3o, localizada no 2\u00b0 Distrito, Sacra Fam\u00edlia.\""}, {"id": "2298", "ano": "2025", "numero": "272", "tipo__sigla": "IND", "tipo__descricao": "Indica\u00e7\u00e3o", "autoria": "GABRIEL LOUREN\u00c7O", "texto_original": "http://sapl.engenheiropaulodefrontin.rj.leg.br/media/sapl/public/materialegislativa/2025/2298/ind2025-272.pdf", "ementa": "Indica o retorno das aulas de gin\u00e1stica para a terceira idade no bairro Morro do Sossego"}, {"id": "2299", "ano": "2025", "numero": "273", "tipo__sigla": "IND", "tipo__descricao": "Indica\u00e7\u00e3o", "autoria": "GABRIEL LOUREN\u00c7O", "texto_original": "http://sapl.engenheiropaulodefrontin.rj.leg.br/media/sapl/public/materialegislativa/2025/2299/ind2025-273.pdf", "ementa": "Indica a realiza\u00e7\u00e3o de estudos visando \u00e0 abertura de concess\u00e3o p\u00fablica para transporte coletivo interno por vans nos bairros do munic\u00edpio"}, {"id": "2300", "ano": "2025", "numero": "274", "tipo__sigla": "IND", "tipo__descricao": "Indica\u00e7\u00e3o", "autoria": "GABRIEL LOUREN\u00c7O", "texto_original": "http://sapl.engenheiropaulodefrontin.rj.leg.br/media/sapl/public/materialegislativa/2025/2300/ind2025-274.pdf", "ementa": "Indica a realiza\u00e7\u00e3o de limpeza e manuten\u00e7\u00e3o da ilumina\u00e7\u00e3o da parte inferior do estacionamento do Espago Ferrini, no centro da cidade."}, {"id": "2306", "ano": "2025", "numero": "275", "tipo__sigla": "IND", "tipo__descricao": "Indica\u00e7\u00e3o", "autoria": "GABRIEL LOUREN\u00c7O", "texto_original": "http://sapl.engenheiropaulodefrontin.rj.leg.br/media/sapl/public/materialegislativa/2025/2306/ind2025-275.pdf", "ementa": "\"Indica a realiza\u00e7\u00e3o da repintura das faixas de pedestres no Bairro Centro\""}, {"id": "2307", "ano": "2025", "numero": "276", "tipo__sigla": "IND", "tipo__descricao": "Indica\u00e7\u00e3o", "autoria": "GABRIEL LOUREN\u00c7O", "texto_original": "http://sapl.engenheiropaulodefrontin.rj.leg.br/media/sapl/public/materialegislativa/2025/2307/ind2025-276.pdf", "ementa": "Indica a realiza\u00e7\u00e3o de manuten\u00e7\u00e3o e substitui\u00e7\u00e3o dos brinquedos na pra\u00e7a do bairro Morro Azul."}, {"id": "2308", "ano": "2025", "numero": "277", "tipo__sigla": "IND", "tipo__descricao": "Indica\u00e7\u00e3o", "autoria": "GABRIEL LOUREN\u00c7O, JEFERSON ADRIANO GOMES MOREIRA", "texto_original": "http://sapl.engenheiropaulodefrontin.rj.leg.br/media/sapl/public/materialegislativa/2025/2308/ind2025-277.pdf", "ementa": "Indica a realiza\u00e7\u00e3o de manuten\u00e7\u00e3o no bebedouro do Centro Municipal de Atendimento Pedag\u00f3gico e Educacional Especializado - CEMAPEE, localizado no bairro Aguada."}, {"id": "2313", "ano": "2025", "numero": "279", "tipo__sigla": "IND", "tipo__descricao": "Indica\u00e7\u00e3o", "autoria": "JORGE VILELA", "texto_original": "http://sapl.engenheiropaulodefrontin.rj.leg.br/media/sapl/public/materialegislativa/2025/2313/ind_279-vilela.pdf", "ementa": "\"Indica instala\u00e7\u00e3o de um Marco Representativo da Ma\u00e7onaria"}, {"id": "2314", "ano": "2025", "numero": "280", "tipo__sigla": "IND", "tipo__descricao": "Indica\u00e7\u00e3o", "autoria": "GABRIEL LOUREN\u00c7O", "texto_original": "http://sapl.engenheiropaulodefrontin.rj.leg.br/media/sapl/public/materialegislativa/2025/2314/ind2025-280.pdf", "ementa": "Indica a coloca\u00e7\u00e3o de piso na \u00c1rea de estoque e pintura geral da Farm\u00e1cia Municipal Evandro de Carvalho Mata."}, {"id": "2315", "ano": "2025", "numero": "281", "tipo__sigla": "IND", "tipo__descricao": "Indica\u00e7\u00e3o", "autoria": "GABRIEL LOUREN\u00c7O", "texto_original": "http://sapl.engenheiropaulodefrontin.rj.leg.br/media/sapl/public/materialegislativa/2025/2315/ind2025-281.pdf", "ementa": "Indica o conserto da geladeira de armazenamento de medicamentos da Farm\u00e1cia Municipal Evandro de Carvalho Mata, localizada no bairro Aguada"}, {"id": "2321", "ano": "2025", "numero": "282", "tipo__sigla": "IND", "tipo__descricao": "Indica\u00e7\u00e3o", "autoria": "JORGE VILELA", "texto_original": "http://sapl.engenheiropaulodefrontin.rj.leg.br/media/sapl/public/materialegislativa/2025/2321/ind2025-282.pdf", "ementa": "\"Indica reinstala\u00e7\u00e3o do Marco do Rotary na entrada principal da cidade.\""}, {"id": "2322", "ano": "2025", "numero": "283", "tipo__sigla": "IND", "tipo__descricao": "Indica\u00e7\u00e3o", "autoria": "SANDRO FERREIRA (Deca)", "texto_original": "http://sapl.engenheiropaulodefrontin.rj.leg.br/media/sapl/public/materialegislativa/2025/2322/ind2025-283.pdf", "ementa": "Indica a reforma da praga e instala\u00e7\u00e3o/melhoria da ilumina\u00e7\u00e3o p\u00fablica da praga, no bairro Sacra Fam\u00edlia do Tingu\u00e1\u2014 2\u00b0 Distrito"}, {"id": "2324", "ano": "2025", "numero": "284", "tipo__sigla": "IND", "tipo__descricao": "Indica\u00e7\u00e3o", "autoria": "ROSANGELA PASSOS", "texto_original": "http://sapl.engenheiropaulodefrontin.rj.leg.br/media/sapl/public/materialegislativa/2025/2324/ind2025-284.pdf", "ementa": "Indica as devidas manuten\u00e7\u00f5es na frota de \u00f4nibus escolares municipais"}, {"id": "2323", "ano": "2025", "numero": "285", "tipo__sigla": "IND", "tipo__descricao": "Indica\u00e7\u00e3o", "autoria": "SANDRO FERREIRA (Deca)", "texto_original": "http://sapl.engenheiropaulodefrontin.rj.leg.br/media/sapl/public/materialegislativa/2025/2323/ind2025-285.pdf", "ementa": "Indica a constru\u00e7\u00e3o de um parquinho no Bairro Bela Vista"}, {"id": "2325", "ano": "2025", "numero": "286", "tipo__sigla": "IND", "tipo__descricao": "Indica\u00e7\u00e3o", "autoria": "GABRIEL LOUREN\u00c7O", "texto_original": "http://sapl.engenheiropaulodefrontin.rj.leg.br/media/sapl/public/materialegislativa/2025/2325/ind2025-286.pdf", "ementa": "\"Indica ao Poder Executivo Municipal que seja realizada a desobstru\u00e7\u00e3o da canaleta de escoamento de \u00e1guas pluviais localizada na Rua S\u00e3o Jo\u00e3o Batista, altura do n\u00famero 331, no bairro Santo Ant\u00f4nio\""}, {"id": "2326", "ano": "2025", "numero": "287", "tipo__sigla": "IND", "tipo__descricao": "Indica\u00e7\u00e3o", "autoria": "GABRIEL LOUREN\u00c7O", "texto_original": "http://sapl.engenheiropaulodefrontin.rj.leg.br/media/sapl/public/materialegislativa/2025/2326/ind2025-287.pdf", "ementa": "Indica ao Poder Executivo Municipal que seja realizada a manuten\u00e7\u00e3o e o reparo e substitui\u00e7\u00e3o da calha de escoamento de \u00e1guas pluviais do Gin\u00e1sio Municipal Iracy lgayara, localizado no bairro Aguada"}, {"id": "2327", "ano": "2025", "numero": "288", "tipo__sigla": "IND", "tipo__descricao": "Indica\u00e7\u00e3o", "autoria": "GABRIEL LOUREN\u00c7O", "texto_original": "http://sapl.engenheiropaulodefrontin.rj.leg.br/media/sapl/public/materialegislativa/2025/2327/ind2025-288.pdf", "ementa": "Indica ao Poder Executivo Municipal que seja realizada a constru\u00e7\u00e3o de um muro de conten\u00e7\u00e3o na Rua S\u00e3o Joao Batista, altura do n\u00famero 331, no bairro Santo Ant\u00f4nio"}, {"id": "2336", "ano": "2025", "numero": "289", "tipo__sigla": "IND", "tipo__descricao": "Indica\u00e7\u00e3o", "autoria": "GABRIEL LOUREN\u00c7O", "texto_original": "http://sapl.engenheiropaulodefrontin.rj.leg.br/media/sapl/public/materialegislativa/2025/2336/ind2025-289.pdf", "ementa": "Indica a troca e manuten\u00e7\u00e3o completa da ilumina\u00e7\u00e3o p\u00fablica na Rua T\u00fanel 11, situada no bairro T\u00fanel 11"}, {"id": "2332", "ano": "2025", "numero": "290", "tipo__sigla": "IND", "tipo__descricao": "Indica\u00e7\u00e3o", "autoria": "JORGE VILELA", "texto_original": "http://sapl.engenheiropaulodefrontin.rj.leg.br/media/sapl/public/materialegislativa/2025/2332/ind2025-290.pdf", "ementa": "\"Indica ao Poder Executivo Municipal que seja realizada a limpeza, pavimenta\u00e7\u00e3o e constru\u00e7\u00e3o de um canteiro na Rua Vereador Jos\u00e9 Gram\u00e1tico, em frente ao muro da piscina do Mineir\u00e3o.\""}, {"id": "2337", "ano": "2025", "numero": "291", "tipo__sigla": "IND", "tipo__descricao": "Indica\u00e7\u00e3o", "autoria": "GABRIEL LOUREN\u00c7O", "texto_original": "http://sapl.engenheiropaulodefrontin.rj.leg.br/media/sapl/public/materialegislativa/2025/2337/ind2025-291.pdf", "ementa": "Indica ao Excelent\u00edssimo Senhor Prefeito Municipal que, junto aos \u00f3rg\u00e3os competentes, seja estudada e viabilizada a amplia\u00e7\u00e3o da carga hor\u00e1ria do Programa Estadual de Integra\u00e7\u00e3o na Seguran\u00e7a (PROEIS) at\u00e9 as 23h00, com o objetivo de refor\u00e7ar o policiamento nos bairros durante o per\u00edodo noturno"}, {"id": "2347", "ano": "2025", "numero": "292", "tipo__sigla": "IND", "tipo__descricao": "Indica\u00e7\u00e3o", "autoria": "GABRIEL LOUREN\u00c7O", "texto_original": "http://sapl.engenheiropaulodefrontin.rj.leg.br/media/sapl/public/materialegislativa/2025/2347/ind2025-292.pdf", "ementa": "Indica ao Excelent\u00edssimo Senhor Prefeito Municipal que, junto aos \u00f3rg\u00e3os competentes, seja feita instala\u00e7\u00e3o de uma cobertura no parquinho infantil do Espa\u00e7o Ferrini para mais prote\u00e7\u00e3o para as crian\u00e7as."}, {"id": "2348", "ano": "2025", "numero": "293", "tipo__sigla": "IND", "tipo__descricao": "Indica\u00e7\u00e3o", "autoria": "GABRIEL LOUREN\u00c7O", "texto_original": "http://sapl.engenheiropaulodefrontin.rj.leg.br/media/sapl/public/materialegislativa/2025/2348/ind2025-293.pdf", "ementa": "Indica ao Excelent\u00edssimo Senhor Prefeito Municipal que, junto aos \u00f3rg\u00e3os competentes, seja feita a instala\u00e7\u00e3o de um guard-rail na Avenida Ant\u00f4nio Mauricio para o parquinho infantil do Espa\u00e7o Ferrini para proteger as crian\u00e7as de poss\u00edveis acidentes"}, {"id": "2349", "ano": "2025", "numero": "294", "tipo__sigla": "IND", "tipo__descricao": "Indica\u00e7\u00e3o", "autoria": "GABRIEL LOUREN\u00c7O", "texto_original": "http://sapl.engenheiropaulodefrontin.rj.leg.br/media/sapl/public/materialegislativa/2025/2349/ind2025-294.pdf", "ementa": "Indica o retorno a Unidade B\u00e1sica de Sa\u00fade (UBS) do Centro, localizada no bairro Jardim Novo Rodeio, para a antiga sede, pois a atual UBS n\u00e3o tem\r\nestrutura adequada para comportar a quantidade de pacientes que atende"}, {"id": "2350", "ano": "2025", "numero": "295", "tipo__sigla": "IND", "tipo__descricao": "Indica\u00e7\u00e3o", "autoria": "GABRIEL LOUREN\u00c7O", "texto_original": "http://sapl.engenheiropaulodefrontin.rj.leg.br/media/sapl/public/materialegislativa/2025/2350/ind2025-295.pdf", "ementa": "Indica a cria\u00e7\u00e3o de um projeto de aula de defesa pessoal para as mulheres, abrangendo as modalidades de capoeira, jiu-jitsu e taekwondo, utilizando o corpo de professores da Secretaria Municipal de Esporte"}, {"id": "2389", "ano": "2025", "numero": "296", "tipo__sigla": "IND", "tipo__descricao": "Indica\u00e7\u00e3o", "autoria": "GABRIEL LOUREN\u00c7O, JEFERSON ADRIANO GOMES MOREIRA", "texto_original": "http://sapl.engenheiropaulodefrontin.rj.leg.br/media/sapl/public/materialegislativa/2025/2389/ind2025-296.pdf", "ementa": "Indica ao Excelent\u00edssimo Senhor Prefeito Municipal que, junto aos \u00f3rg\u00e3os competentes, seja feita a substitui\u00e7\u00e3o das l\u00e2mpadas queimadas e a melhoria da ilumina\u00e7\u00e3o no parque infantil localizado no Espa\u00e7o Ferrini"}, {"id": "2390", "ano": "2025", "numero": "297", "tipo__sigla": "IND", "tipo__descricao": "Indica\u00e7\u00e3o", "autoria": "GABRIEL LOUREN\u00c7O, JEFERSON ADRIANO GOMES MOREIRA", "texto_original": "http://sapl.engenheiropaulodefrontin.rj.leg.br/media/sapl/public/materialegislativa/2025/2390/ind2025-297.pdf", "ementa": "Indica ao Excelent\u00edssimo Senhor Prefeito Municipal que, junto aos \u00f3rg\u00e3os competentes, sejam tomadas as devidas provid\u00eancias para a instala\u00e7\u00e3o de nova tela de prote\u00e7\u00e3o nas casinhas situadas em Sacra Fam\u00edlia, na RJ 121, altura do n\u00famero 2135"}, {"id": "2395", "ano": "2025", "numero": "298", "tipo__sigla": "IND", "tipo__descricao": "Indica\u00e7\u00e3o", "autoria": "SANDRO FERREIRA (Deca)", "texto_original": "http://sapl.engenheiropaulodefrontin.rj.leg.br/media/sapl/public/materialegislativa/2025/2395/ind2025-298.pdf", "ementa": "Indica a constru\u00e7\u00e3o de um Parquinho no bairro de Palmas e no bairro de Palmeiras da Serra"}, {"id": "2391", "ano": "2025", "numero": "299", "tipo__sigla": "IND", "tipo__descricao": "Indica\u00e7\u00e3o", "autoria": "GABRIEL LOUREN\u00c7O", "texto_original": "http://sapl.engenheiropaulodefrontin.rj.leg.br/media/sapl/public/materialegislativa/2025/2391/ind2025-299.pdf", "ementa": "Indica que a Prefeitura de Engenheiro Paulo de Frontin disponibilize transporte p\u00fablico gratuito (\u00f4nibus) para atender os estudantes frontinenses que realizar\u00e3o o Exame Nacional do Ensino M\u00e9dio (ENEM) nos dias de aplica\u00e7\u00e3o das prova."}, {"id": "2394", "ano": "2025", "numero": "300", "tipo__sigla": "IND", "tipo__descricao": "Indica\u00e7\u00e3o", "autoria": "GABRIEL LOUREN\u00c7O", "texto_original": "http://sapl.engenheiropaulodefrontin.rj.leg.br/media/sapl/public/materialegislativa/2025/2394/ind2025-300.pdf", "ementa": "Indica ao Poder Executivo Municipal que realize a\u00e7\u00f5es emergenciais de controle e combate 5 infesta\u00e7\u00e3o de moscas no munic\u00edpio de Engenheiro Paulo de Frontin, especificamente nos bairros da Aguada, Matadouro e Morro do Sossego"}, {"id": "2396", "ano": "2025", "numero": "301", "tipo__sigla": "IND", "tipo__descricao": "Indica\u00e7\u00e3o", "autoria": "GABRIEL LOUREN\u00c7O", "texto_original": "http://sapl.engenheiropaulodefrontin.rj.leg.br/media/sapl/public/materialegislativa/2025/2396/ind2025-301.pdf", "ementa": "Indica que seja realizada com urg\u00eancia a regulariza\u00e7\u00e3o da coleta de lixo na Rua D\u00e1rio Batista Goulart, popularmente conhecida como Morro do Jair, no Terceiro Distrito de Morro Azul"}, {"id": "2397", "ano": "2025", "numero": "302", "tipo__sigla": "IND", "tipo__descricao": "Indica\u00e7\u00e3o", "autoria": "GABRIEL LOUREN\u00c7O", "texto_original": "http://sapl.engenheiropaulodefrontin.rj.leg.br/media/sapl/public/materialegislativa/2025/2397/ind2025-302.pdf", "ementa": "Indica que seja realizada a instala\u00e7\u00e3o de novos lat\u00f5es de lixo ao longo da Rua D\u00e1rio Batista Goulart, popularmente conhecido como Morro do Jair, no Terceiro Distrito de Morro Azul."}, {"id": "2398", "ano": "2025", "numero": "303", "tipo__sigla": "IND", "tipo__descricao": "Indica\u00e7\u00e3o", "autoria": "GABRIEL LOUREN\u00c7O", "texto_original": "http://sapl.engenheiropaulodefrontin.rj.leg.br/media/sapl/public/materialegislativa/2025/2398/ind2025-303.pdf", "ementa": "Indica que seja instalada uma estrutura com tel\u00e3o na Pra\u00e7a Roger Malhardes, localizada no centro da cidade, para a transmiss\u00e3o da Final da Copa Libertadores da Am\u00e9rica, que ocorrer\u00e1 no dia 29 de novembro, entre as equipes Palmeiras x Flamengo"}, {"id": "2404", "ano": "2025", "numero": "304", "tipo__sigla": "IND", "tipo__descricao": "Indica\u00e7\u00e3o", "autoria": "GABRIEL LOUREN\u00c7O", "texto_original": "http://sapl.engenheiropaulodefrontin.rj.leg.br/media/sapl/public/materialegislativa/2025/2404/ind2025-304.pdf", "ementa": "Indica que seja realizada uma limpeza urbana completa, incluindo varri\u00e7\u00e3o, capina, retirada de entulho, poda de vegeta\u00e7\u00e3o e manuten\u00e7\u00e3o geral, em toda a extens\u00e3o da Rua Alfred, localizada no bairro Centro"}, {"id": "2405", "ano": "2025", "numero": "305", "tipo__sigla": "IND", "tipo__descricao": "Indica\u00e7\u00e3o", "autoria": "GABRIEL LOUREN\u00c7O", "texto_original": "http://sapl.engenheiropaulodefrontin.rj.leg.br/media/sapl/public/materialegislativa/2025/2405/ind2025-305.pdf", "ementa": "Indica que seja realizada, com a m\u00e1xima urg\u00eancia, a limpeza completa, retirada de entulho, capina e manuten\u00e7\u00e3o da \u00e1rea situada na RJ-129, na altura da Curva da Ferradura"}, {"id": "2406", "ano": "2025", "numero": "306", "tipo__sigla": "IND", "tipo__descricao": "Indica\u00e7\u00e3o", "autoria": "GABRIEL LOUREN\u00c7O", "texto_original": "http://sapl.engenheiropaulodefrontin.rj.leg.br/media/sapl/public/materialegislativa/2025/2406/ind2025-306.pdf", "ementa": "Indica que seja realizada, com a m\u00e1xima urg\u00eancia, a limpeza completa, retirada de entulho e manuten\u00e7\u00e3o da \u00e1rea localizada no port\u00e3o da Associa\u00e7\u00e3o dos Ex-Alunos do Col\u00e9gio Militar"}, {"id": "2407", "ano": "2025", "numero": "307", "tipo__sigla": "IND", "tipo__descricao": "Indica\u00e7\u00e3o", "autoria": "GABRIEL LOUREN\u00c7O", "texto_original": "http://sapl.engenheiropaulodefrontin.rj.leg.br/media/sapl/public/materialegislativa/2025/2407/ind2025-307.pdf", "ementa": "Indica ao Poder Executivo Municipal, por meio da Secretaria competente, que seja realizada, a limpeza, capina e manuten\u00e7\u00e3o da Academia ao Ar Livre localizada na Estrada Luciano Medeiros, RJ-129, neste munic\u00edpio"}, {"id": "2415", "ano": "2025", "numero": "308", "tipo__sigla": "IND", "tipo__descricao": "Indica\u00e7\u00e3o", "autoria": "MOISES ROCHA, SANDRO FERREIRA (Deca)", "texto_original": "http://sapl.engenheiropaulodefrontin.rj.leg.br/media/sapl/public/materialegislativa/2025/2415/ind2025-308.pdf", "ementa": "Indica que seja realizada a reforma e pintura da pracinha do bairro Aguada"}, {"id": "2416", "ano": "2025", "numero": "309", "tipo__sigla": "IND", "tipo__descricao": "Indica\u00e7\u00e3o", "autoria": "MOISES ROCHA, SANDRO FERREIRA (Deca)", "texto_original": "http://sapl.engenheiropaulodefrontin.rj.leg.br/media/sapl/public/materialegislativa/2025/2416/ind2025-309.pdf", "ementa": "Indica que seja realizada a reforma e pintura da pracinha do bairro Matadouro"}, {"id": "2411", "ano": "2025", "numero": "310", "tipo__sigla": "IND", "tipo__descricao": "Indica\u00e7\u00e3o", "autoria": "GABRIEL LOUREN\u00c7O", "texto_original": "http://sapl.engenheiropaulodefrontin.rj.leg.br/media/sapl/public/materialegislativa/2025/2411/ind2025-310.pdf", "ementa": "Indica que seja realizada a limpeza geral e manuten\u00e7\u00e3o na Travessa Mundo Novo, Bairro Grama"}, {"id": "2412", "ano": "2025", "numero": "311", "tipo__sigla": "IND", "tipo__descricao": "Indica\u00e7\u00e3o", "autoria": "GABRIEL LOUREN\u00c7O", "texto_original": "http://sapl.engenheiropaulodefrontin.rj.leg.br/media/sapl/public/materialegislativa/2025/2412/ind2025-311.pdf", "ementa": "Indica que seja realizada de extens\u00e3o de rede na travessia da Rua das Tulipas, n\u00b0 297, no bairro Sacra Fam\u00edlia, Morro Bela Vista"}, {"id": "2413", "ano": "2025", "numero": "312", "tipo__sigla": "IND", "tipo__descricao": "Indica\u00e7\u00e3o", "autoria": "GABRIEL LOUREN\u00c7O", "texto_original": "http://sapl.engenheiropaulodefrontin.rj.leg.br/media/sapl/public/materialegislativa/2025/2413/ind2025-312.pdf", "ementa": "Indica que seja realizada a retirada de entulho na Rua Ant\u00f4nio Soares, na altura do n\u00famero 88, no bairro Jardim Novo Rodeio"}, {"id": "2414", "ano": "2025", "numero": "313", "tipo__sigla": "IND", "tipo__descricao": "Indica\u00e7\u00e3o", "autoria": "GABRIEL LOUREN\u00c7O", "texto_original": "http://sapl.engenheiropaulodefrontin.rj.leg.br/media/sapl/public/materialegislativa/2025/2414/ind2025-313.pdf", "ementa": "Indica que seja realizada opera\u00e7\u00e3o tapa-buracos na Rua Santa Ign\u00eas, na altura da loja Maiquel Auto Pegas, no bairro Jardim Novo Rodeio, visando melhorar a mobilidade, seguran\u00e7a e conserva\u00e7\u00e3o vi\u00e1ria"}, {"id": "2417", "ano": "2025", "numero": "314", "tipo__sigla": "IND", "tipo__descricao": "Indica\u00e7\u00e3o", "autoria": "GABRIEL LOUREN\u00c7O", "texto_original": "http://sapl.engenheiropaulodefrontin.rj.leg.br/media/sapl/public/materialegislativa/2025/2417/ind2025-314.pdf", "ementa": "Indico ao Poder Executivo Municipal, por meio da Secretaria competente, seja realizado estudo t\u00e9cnico, financeiro e de viabilidade estrutural visando\r\nconstru\u00e7\u00e3o de um Subposto no Bairro Campo do Adrianino, utilizando como base f\u00edsica o espa\u00e7o existente acima do vesti\u00e1rio do campo, j\u00e1 dispon\u00edvel e estrategicamente localizado no centro da comunidade"}, {"id": "2418", "ano": "2025", "numero": "315", "tipo__sigla": "IND", "tipo__descricao": "Indica\u00e7\u00e3o", "autoria": "GABRIEL LOUREN\u00c7O", "texto_original": "http://sapl.engenheiropaulodefrontin.rj.leg.br/media/sapl/public/materialegislativa/2025/2418/ind2025-315.pdf", "ementa": "Indico ao Poder Executivo Municipal, por meio da Secretaria competente, seja realizado m\u00e1xima urg\u00eancia, o trabalho de limpeza, desassoreamento e desobstru\u00e7\u00e3o dos cursos d'\u00e1gua em pontos cr\u00edticos do Munic\u00edpio, em especial, Desassoreamento dos rios na entrada do Bairro Jardim Novo Rodeio, nas proximidades da RJ-127 e Limpeza e desobstru\u00e7\u00e3o da galeria localizada no final da Rua S\u00e3o Pedro, no Bairro Santo Ant\u00f4nio."}, {"id": "2420", "ano": "2025", "numero": "316", "tipo__sigla": "IND", "tipo__descricao": "Indica\u00e7\u00e3o", "autoria": "GABRIEL LOUREN\u00c7O", "texto_original": "http://sapl.engenheiropaulodefrontin.rj.leg.br/media/sapl/public/materialegislativa/2025/2420/ind2025-316.pdf", "ementa": "Indica que seja realizada a limpeza da Rua S\u00e3o Pedro, localizada no Bairro Santo Ant\u00f4nio, bem como o envio de .caminh\u00e3o-pipa para a lavagem completa da via, restabelecendo as condi\u00e7\u00f5es adequadas de circula\u00e7\u00e3o"}, {"id": "2424", "ano": "2025", "numero": "317", "tipo__sigla": "IND", "tipo__descricao": "Indica\u00e7\u00e3o", "autoria": "GABRIEL LOUREN\u00c7O", "texto_original": "http://sapl.engenheiropaulodefrontin.rj.leg.br/media/sapl/public/materialegislativa/2025/2424/ind2025-317.pdf", "ementa": "Indica que seja realizado com m\u00e1xima urg\u00eancia, a poda dos galhos de uma jaqueira localizada na Rua Manoel da Silva Neves, Altura do n\u00b0 465"}, {"id": "2425", "ano": "2025", "numero": "318", "tipo__sigla": "IND", "tipo__descricao": "Indica\u00e7\u00e3o", "autoria": "GABRIEL LOUREN\u00c7O", "texto_original": "http://sapl.engenheiropaulodefrontin.rj.leg.br/media/sapl/public/materialegislativa/2025/2425/ind2025-318.pdf", "ementa": "Indicar ao Poder Executivo Municipal, por meio da Secretaria competente, que sejam realizados servi\u00e7os de recupera\u00e7\u00e3o asf\u00e1ltica e opera\u00e7\u00e3o de tapa-buraco na RJ-127, nas proximidades da entrada do posto de gasolina Petrobras, no trecho que d\u00e1 acesso ao munic\u00edpio de Engenheiro Paulo de Frontin"}, {"id": "2426", "ano": "2025", "numero": "319", "tipo__sigla": "IND", "tipo__descricao": "Indica\u00e7\u00e3o", "autoria": "SANDRA GIL", "texto_original": "http://sapl.engenheiropaulodefrontin.rj.leg.br/media/sapl/public/materialegislativa/2025/2426/ind2025-319.pdf", "ementa": "Indica ao Poder Executivo Municipal, por meio da Secretaria competente, que seja realizada a limpeza urbana na Estrada Velha de Morro Azul"}, {"id": "2431", "ano": "2025", "numero": "320", "tipo__sigla": "IND", "tipo__descricao": "Indica\u00e7\u00e3o", "autoria": "GABRIEL LOUREN\u00c7O", "texto_original": "http://sapl.engenheiropaulodefrontin.rj.leg.br/media/sapl/public/materialegislativa/2025/2431/ind2025-320.pdf", "ementa": "Indica ao Poder Executivo Municipal, por meio da Secretaria competente, que seja realizada a troca e moderniza\u00e7\u00e3o da ilumina\u00e7\u00e3o p\u00fablica da Rua \u00c1lvaro\r\nde Almeida, localizada no bairro T\u00fanel 11"}, {"id": "2432", "ano": "2025", "numero": "321", "tipo__sigla": "IND", "tipo__descricao": "Indica\u00e7\u00e3o", "autoria": "GABRIEL LOUREN\u00c7O", "texto_original": "http://sapl.engenheiropaulodefrontin.rj.leg.br/media/sapl/public/materialegislativa/2025/2432/ind2025-321.pdf", "ementa": "Indica ao Poder Executivo Municipal, por meio da Secretaria competente, que seja realizada a troca e manuten\u00e7\u00e3o da ilumina\u00e7\u00e3o p\u00fablica na Estrada do\r\nCampo Alegre, na altura do n\u00b0 180, localizada no bairro da Barreira"}, {"id": "2433", "ano": "2025", "numero": "322", "tipo__sigla": "IND", "tipo__descricao": "Indica\u00e7\u00e3o", "autoria": "GABRIEL LOUREN\u00c7O", "texto_original": "http://sapl.engenheiropaulodefrontin.rj.leg.br/media/sapl/public/materialegislativa/2025/2433/ind2025-322.pdf", "ementa": "Indica ao Poder Executivo Municipal, por meio da Secretaria competente, que seja realizada a retirada de entulho acumulado na Rua Etelvina Maria da\r\nConcei\u00e7\u00e3o, localizada no bairro Matadouro"}, {"id": "2434", "ano": "2025", "numero": "323", "tipo__sigla": "IND", "tipo__descricao": "Indica\u00e7\u00e3o", "autoria": "GABRIEL LOUREN\u00c7O", "texto_original": "http://sapl.engenheiropaulodefrontin.rj.leg.br/media/sapl/public/materialegislativa/2025/2434/ind2025-323.pdf", "ementa": "Indica ao Poder Executivo Municipal, por meio da Secretaria competente, que seja realizada a instala\u00e7\u00e3o, substitui\u00e7\u00e3o ou manuten\u00e7\u00e3o urgente da ilumina\u00e7\u00e3o p\u00fablica no poste localizado na Rua Maria Rosa Magalh\u00e3es, n\u00b0 649, Bairro Borracha, Rua de Cima"}, {"id": "2435", "ano": "2025", "numero": "324", "tipo__sigla": "IND", "tipo__descricao": "Indica\u00e7\u00e3o", "autoria": "GABRIEL LOUREN\u00c7O", "texto_original": "http://sapl.engenheiropaulodefrontin.rj.leg.br/media/sapl/public/materialegislativa/2025/2435/ind2025-324.pdf", "ementa": "Indica ao Poder Executivo Municipal, por meio da Secretaria competente, que seja realizada a remo\u00e7\u00e3o imediata de uma barreira existente na Rua Maria Rosa Magalh\u00e3es, n\u00b0 649, Bairro Borracha \u2014 Rua de Cima, que se encontra obstruindo parcialmente e, em alguns pontos, totalmente a passagem de pedestres e ve\u00edculos"}, {"id": "2436", "ano": "2025", "numero": "325", "tipo__sigla": "IND", "tipo__descricao": "Indica\u00e7\u00e3o", "autoria": "GABRIEL LOUREN\u00c7O", "texto_original": "http://sapl.engenheiropaulodefrontin.rj.leg.br/media/sapl/public/materialegislativa/2025/2436/ind2025-325.pdf", "ementa": "Indica ao Poder Executivo Municipal, por meio da Secretaria competente, seja realizada a manuten\u00e7\u00e3o geral na Resid\u00eancia Terap\u00eautica localizada no\r\nTerceiro Distrito, em Morro Azul, tendo em vista a import\u00e2ncia do adequado funcionamento do equipamento p\u00fablico que acolhe e garante cuidados\r\nessenciais aos seus residentes"}, {"id": "2437", "ano": "2025", "numero": "326", "tipo__sigla": "IND", "tipo__descricao": "Indica\u00e7\u00e3o", "autoria": "GABRIEL LOUREN\u00c7O", "texto_original": "http://sapl.engenheiropaulodefrontin.rj.leg.br/media/sapl/public/materialegislativa/2025/2437/ind2025-326.pdf", "ementa": "Solicita\u00e7\u00e3o de instala\u00e7\u00e3o de medidores de velocidade fixos (radares) na RJ-127 \u2014 Trecho da Serra entre Paracambi e Engenheiro Paulo de Frontin."}, {"id": "2438", "ano": "2025", "numero": "327", "tipo__sigla": "IND", "tipo__descricao": "Indica\u00e7\u00e3o", "autoria": "GABRIEL LOUREN\u00c7O", "texto_original": "http://sapl.engenheiropaulodefrontin.rj.leg.br/media/sapl/public/materialegislativa/2025/2438/ind2025-327.pdf", "ementa": "Solicita\u00e7\u00e3o de recapeamento da RJ-127 \u2014 Trecho  entre o Bairro Ramalho e o Bairro BNH (Serra entre Paracambi e Engenheiro Paulo de Frontin)"}, {"id": "2439", "ano": "2025", "numero": "328", "tipo__sigla": "IND", "tipo__descricao": "Indica\u00e7\u00e3o", "autoria": "GABRIEL LOUREN\u00c7O", "texto_original": "http://sapl.engenheiropaulodefrontin.rj.leg.br/media/sapl/public/materialegislativa/2025/2439/ind2025-328.pdf", "ementa": "Solicita\u00e7\u00e3o de recapeamento asf\u00e1ltico da RJ-129 -  Trecho entre o Bairro da Aguada e o Centro de Engenheiro Paulo de Frontin)."}, {"id": "2440", "ano": "2025", "numero": "329", "tipo__sigla": "IND", "tipo__descricao": "Indica\u00e7\u00e3o", "autoria": "GABRIEL LOUREN\u00c7O", "texto_original": "http://sapl.engenheiropaulodefrontin.rj.leg.br/media/sapl/public/materialegislativa/2025/2440/ind2025-329.pdf", "ementa": "Solicita\u00e7\u00e3o de recapeamento da RJ-127 \u2014 Trecho entre o Bairro Ramalho e o Bairro BNH (Serra entre Paracambi e Engenheiro Paulo de Frontin)."}, {"id": "2441", "ano": "2025", "numero": "330", "tipo__sigla": "IND", "tipo__descricao": "Indica\u00e7\u00e3o", "autoria": "GABRIEL LOUREN\u00c7O", "texto_original": "http://sapl.engenheiropaulodefrontin.rj.leg.br/media/sapl/public/materialegislativa/2025/2441/ind2025-330.pdf", "ementa": "Solicita\u00e7\u00e3o de recapeamento asf\u00e1ltico da RJ-129 \u2014Trecho entre o Bairro da Aguada e o Centro de Engenheiro Paulo de Frontin"}]}